{"id":48382,"date":"2019-07-25T10:45:24","date_gmt":"2019-07-25T13:45:24","guid":{"rendered":"https:\/\/www.actualidadadiario.com\/?p=48382"},"modified":"2019-07-25T10:45:24","modified_gmt":"2019-07-25T13:45:24","slug":"alberto-fernandez-confirmo-que-el-martes-visita-entre-rios","status":"publish","type":"post","link":"https:\/\/www.actualidadadiario.com\/index.php\/2019\/07\/25\/alberto-fernandez-confirmo-que-el-martes-visita-entre-rios\/","title":{"rendered":"Alberto Fern\u00e1ndez confirm\u00f3 que el martes visita Entre R\u00edos"},"content":{"rendered":"\n<p><strong><em>&#8220;Mi compromiso como presidente es que los entrerrianos tengan una vida mejor, por el impulso de la provincia y tambi\u00e9n de la Naci\u00f3n&#8221;, afirm\u00f3 este mi\u00e9rcoles el candidato presidencial del Frente de Todos, Alberto Fern\u00e1ndez, tras reunirse con el gobernador Gustavo Bordet. &#8220;Yo necesito mucho del gobernador&#8221;, agreg\u00f3<\/em><\/strong><\/p>\n\n\n\n<p><\/p>\n\n\n\n<p><\/p>\n\n\n\n<p>Fue durante un encuentro que el mandatario y el candidato\npresidencial compartieron en Buenos Aires con los candidatos a legisladores\nnacionales del Frente de Todos en Entre R\u00edos, Edgardo Kueider, Stefan\u00eda Cora,\nMarcelo Casaretto y Blanca Osuna. Tambi\u00e9n adelant\u00f3 que el martes 30 visitar\u00e1\nEntre R\u00edos.<\/p>\n\n\n\n<p>&#8220;La semana que viene, el martes 30, voy a estar all\u00ed\ninvitado por el Gobernador. Vamos a abrazarnos con los entrerrianos; y los\nentrerrianos van a ver mi compromiso de mirar los ojos de ellos, mirarlos cara\na cara, y mostrarles que en verdad podemos hacer un pa\u00eds distinto&#8221;,\nexpres\u00f3 Fern\u00e1ndez, quien ve a &#8220;Entre R\u00edos como parte central de la Argentina\nque nos merecemos&#8221;, subray\u00f3.<\/p>\n\n\n\n<p>Por otra parte, en el mensaje difundido por las redes\nsociales, Alberto Fern\u00e1ndez indic\u00f3 que Bordet &#8220;adem\u00e1s es un gran amigo que\nve a la Argentina del mismo modo que yo&#8221;, y revel\u00f3: \u201cNecesito mucho del\ngobernador para que Entre R\u00edos pueda funcionar mucho mejor de lo que hoy\nfunciona&#8221;.<\/p>\n\n\n\n<p>Tambi\u00e9n se dirigi\u00f3 a los ciudadanos y pidi\u00f3 &#8220;dejar de\nestar enfrentados y poder trabajar juntos. Esa es la garant\u00eda&#8221;.<\/p>\n\n\n\n<p>Luego de la reuni\u00f3n Fern\u00e1ndez se mostr\u00f3 &#8220;muy contento y\nentusiasmado&#8221; y ratific\u00f3 que &#8220;estamos por el camino correcto&#8221;.<\/p>\n\n\n\n<p>Respecto del gobernador entrerriano, explic\u00f3 que\n&#8220;Gustavo (Bordet) es un gran gobernador que tiene Entre R\u00edos, pero adem\u00e1s\nes parte de esa nueva dirigencia que asoma en la Argentina a la que yo le\npresto mucha atenci\u00f3n para favorecer los recambios del futuro&#8221;.<\/p>\n\n\n\n<p>&#8220;Siempre es grato encontrarme con \u00e9l, escuchar la\nvisi\u00f3n que \u00e9l tiene y lo aprovechamos mucho. Fue una linda reuni\u00f3n con el resto\nde los candidatos tambi\u00e9n preparando la visita a Paran\u00e1, que es algo que le\nped\u00ed a Gustavo porque tengo ganas de volver a Entre R\u00edos ya como\ncandidato&#8221;, continu\u00f3.<\/p>\n\n\n\n<p>Por \u00faltimo, Fern\u00e1ndez tambi\u00e9n destac\u00f3 la articulaci\u00f3n dada\nen Entre R\u00edos para la conformaci\u00f3n de las listas de las elecciones provincias\nque permiti\u00f3 &#8220;lograr esa unidad que tan \u00fatil fue y que tanto sirvi\u00f3&#8221;,\ndijo en referencia a la reelecci\u00f3n de Gustavo Bordet con el 58 % de los votos\nliderando un frente conformado por una decena de fuerzas pol\u00edticas. <\/p>\n\n\n\n<p>Por su parte, Bordet manifest\u00f3: \u201cCompartimos con Alberto\n(Fern\u00e1ndez) un proyecto pol\u00edtico que no nace ahora para una elecci\u00f3n, sino que\ntiene que una continuidad, y en lo cual empezamos a trabajar previamente en\nEntre R\u00edos para lograr los criterios de unidad que despu\u00e9s nos posibilitaron\ntener un triunfo claro y contundente en la provincia&#8221;.<\/p>\n\n\n\n<p>&#8220;Lo que nos entusiasma, m\u00e1s all\u00e1 de poder tener bases\npol\u00edticas comunes, es el futuro que vemos para la provincia de Entre R\u00edos y\npara la Argentina&#8221;, indic\u00f3 Bordet y enfatiz\u00f3: &#8220;Argentina merece tener\nun gobierno que priorice pol\u00edticas de crecimiento, de empleo, de desarrollo,\ncambiar una matriz financiera para pasar a un modelo de producci\u00f3n&#8221;.<\/p>\n\n\n\n<p>&#8220;Esto es lo que nosotros planteamos a la sociedad, a\nnuestros ciudadanos en Entre R\u00edos para poder tener esta sinton\u00eda que nos\npermita crecer y desarrollarnos como sociedad en la provincia de Entre R\u00edos.\nPor eso Alberto representa no s\u00f3lo ese proyecto sino tambi\u00e9n esos valores que\ncompartimos&#8221;, agreg\u00f3 finalmente el mandatario entrerriano.<\/p>\n","protected":false},"excerpt":{"rendered":"<p>&#8220;Mi compromiso como presidente es que los entrerrianos tengan una vida mejor, por el impulso de la provincia y tambi\u00e9n de la Naci\u00f3n&#8221;, afirm\u00f3 este mi\u00e9rcoles el candidato presidencial del Frente de Todos, Alberto Fern\u00e1ndez, tras reunirse con el gobernador Gustavo Bordet. &#8220;Yo necesito mucho del gobernador&#8221;, agreg\u00f3 Fue durante un encuentro que el mandatario y el candidato presidencial compartieron en Buenos Aires con los candidatos a legisladores nacionales del Frente de Todos en Entre R\u00edos, Edgardo Kueider, Stefan\u00eda Cora, Marcelo Casaretto y Blanca Osuna. Tambi\u00e9n adelant\u00f3 que el martes&#8230;<\/p>\n","protected":false},"author":3,"featured_media":48383,"comment_status":"closed","ping_status":"closed","sticky":false,"template":"","format":"standard","meta":[],"categories":[9],"tags":[],"_links":{"self":[{"href":"https:\/\/www.actualidadadiario.com\/index.php\/wp-json\/wp\/v2\/posts\/48382"}],"collection":[{"href":"https:\/\/www.actualidadadiario.com\/index.php\/wp-json\/wp\/v2\/posts"}],"about":[{"href":"https:\/\/www.actualidadadiario.com\/index.php\/wp-json\/wp\/v2\/types\/post"}],"author":[{"embeddable":true,"href":"https:\/\/www.actualidadadiario.com\/index.php\/wp-json\/wp\/v2\/users\/3"}],"replies":[{"embeddable":true,"href":"https:\/\/www.actualidadadiario.com\/index.php\/wp-json\/wp\/v2\/comments?post=48382"}],"version-history":[{"count":1,"href":"https:\/\/www.actualidadadiario.com\/index.php\/wp-json\/wp\/v2\/posts\/48382\/revisions"}],"predecessor-version":[{"id":48384,"href":"https:\/\/www.actualidadadiario.com\/index.php\/wp-json\/wp\/v2\/posts\/48382\/revisions\/48384"}],"wp:featuredmedia":[{"embeddable":true,"href":"https:\/\/www.actualidadadiario.com\/index.php\/wp-json\/wp\/v2\/media\/48383"}],"wp:attachment":[{"href":"https:\/\/www.actualidadadiario.com\/index.php\/wp-json\/wp\/v2\/media?parent=48382"}],"wp:term":[{"taxonomy":"category","embeddable":true,"href":"https:\/\/www.actualidadadiario.com\/index.php\/wp-json\/wp\/v2\/categories?post=48382"},{"taxonomy":"post_tag","embeddable":true,"href":"https:\/\/www.actualidadadiario.com\/index.php\/wp-json\/wp\/v2\/tags?post=48382"}],"curies":[{"name":"wp","href":"https:\/\/api.w.org\/{rel}","templated":true}]}}