{"id":48379,"date":"2019-07-25T10:44:40","date_gmt":"2019-07-25T13:44:40","guid":{"rendered":"https:\/\/www.actualidadadiario.com\/?p=48379"},"modified":"2019-07-25T10:44:40","modified_gmt":"2019-07-25T13:44:40","slug":"se-realiza-una-nueva-exportacion-de-madera-desde-el-puerto-de-concepcion-del-uruguay","status":"publish","type":"post","link":"https:\/\/www.actualidadadiario.com\/index.php\/2019\/07\/25\/se-realiza-una-nueva-exportacion-de-madera-desde-el-puerto-de-concepcion-del-uruguay\/","title":{"rendered":"Se realiza una nueva exportaci\u00f3n de madera desde el puerto de Concepci\u00f3n del Uruguay"},"content":{"rendered":"\n<p><strong><em>A primera hora de este mi\u00e9rcoles arrib\u00f3 al puerto de Concepci\u00f3n del Uruguay un nuevo ultramarino para cargar madera entrerriana con destino a China<\/em><\/strong><\/p>\n\n\n\n<p><\/p>\n\n\n\n<p><\/p>\n\n\n\n<p>Se trata del buque Ben Nevis, un carguero de bandera de las\nIslas Marshall que cargar\u00e1 unas 20 mil toneladas de troncos de pino destinados\nal mercado de fabricaci\u00f3n de muebles.<\/p>\n\n\n\n<p>La reactivaci\u00f3n de los puertos entrerrianos ya suma 15\nembarques desde La Hist\u00f3rica en los \u00faltimos ocho meses, 12 buques dedicados a\nla exportaci\u00f3n de madera a China, y tres con arroz de distintas variedades\ndestinado a mercados como Costa Rica, Senegal o Irak. <\/p>\n\n\n\n<p>Decenas de camiones forman parte del operativo de embarque\nque involucra adem\u00e1s a una gran cantidad de personas dedicadas a la descarga,\nordenamiento de bodegas, maquinistas, guincheros, seguimiento administrativo,\ncontroles y seguridad. <\/p>\n\n\n\n<p>Al igual que en otras oportunidades, este buque completar\u00e1\nsus bodegas en el puerto de Ibicuy para partir desde all\u00ed hacia su destino en\nAsia. <\/p>\n\n\n\n<p>La complementariedad de las cargas entre los puertos de\nConcepci\u00f3n del Uruguay e Ibicuy suman ventajas competitivas para los\nproductores entrerrianos que contin\u00faan fortaleciendo mercados para sus productos.\n<\/p>\n\n\n\n<p>La actividad en el puerto de La Hist\u00f3rica comenz\u00f3 este\nmi\u00e9rcoles apenas cumplimentadas las verificaciones de rigor sobre la\nembarcaci\u00f3n que realizan las diferentes dependencias de Prefectura, Aduana y\nSenasa. <\/p>\n\n\n\n<p>Se estima que la labor de carga se prolongar\u00e1 hasta el fin\nde semana por lo que se aguarda un intenso tr\u00e1nsito vehicular en la zona\nportuaria y se solicita m\u00e1xima precauci\u00f3n a todos quienes circulen por all\u00ed.<\/p>\n","protected":false},"excerpt":{"rendered":"<p>A primera hora de este mi\u00e9rcoles arrib\u00f3 al puerto de Concepci\u00f3n del Uruguay un nuevo ultramarino para cargar madera entrerriana con destino a China Se trata del buque Ben Nevis, un carguero de bandera de las Islas Marshall que cargar\u00e1 unas 20 mil toneladas de troncos de pino destinados al mercado de fabricaci\u00f3n de muebles. La reactivaci\u00f3n de los puertos entrerrianos ya suma 15 embarques desde La Hist\u00f3rica en los \u00faltimos ocho meses, 12 buques dedicados a la exportaci\u00f3n de madera a China, y tres con arroz de distintas variedades&#8230;<\/p>\n","protected":false},"author":3,"featured_media":48380,"comment_status":"closed","ping_status":"closed","sticky":false,"template":"","format":"standard","meta":[],"categories":[15],"tags":[],"_links":{"self":[{"href":"https:\/\/www.actualidadadiario.com\/index.php\/wp-json\/wp\/v2\/posts\/48379"}],"collection":[{"href":"https:\/\/www.actualidadadiario.com\/index.php\/wp-json\/wp\/v2\/posts"}],"about":[{"href":"https:\/\/www.actualidadadiario.com\/index.php\/wp-json\/wp\/v2\/types\/post"}],"author":[{"embeddable":true,"href":"https:\/\/www.actualidadadiario.com\/index.php\/wp-json\/wp\/v2\/users\/3"}],"replies":[{"embeddable":true,"href":"https:\/\/www.actualidadadiario.com\/index.php\/wp-json\/wp\/v2\/comments?post=48379"}],"version-history":[{"count":1,"href":"https:\/\/www.actualidadadiario.com\/index.php\/wp-json\/wp\/v2\/posts\/48379\/revisions"}],"predecessor-version":[{"id":48381,"href":"https:\/\/www.actualidadadiario.com\/index.php\/wp-json\/wp\/v2\/posts\/48379\/revisions\/48381"}],"wp:featuredmedia":[{"embeddable":true,"href":"https:\/\/www.actualidadadiario.com\/index.php\/wp-json\/wp\/v2\/media\/48380"}],"wp:attachment":[{"href":"https:\/\/www.actualidadadiario.com\/index.php\/wp-json\/wp\/v2\/media?parent=48379"}],"wp:term":[{"taxonomy":"category","embeddable":true,"href":"https:\/\/www.actualidadadiario.com\/index.php\/wp-json\/wp\/v2\/categories?post=48379"},{"taxonomy":"post_tag","embeddable":true,"href":"https:\/\/www.actualidadadiario.com\/index.php\/wp-json\/wp\/v2\/tags?post=48379"}],"curies":[{"name":"wp","href":"https:\/\/api.w.org\/{rel}","templated":true}]}}