{"id":48361,"date":"2019-07-24T10:26:44","date_gmt":"2019-07-24T13:26:44","guid":{"rendered":"https:\/\/www.actualidadadiario.com\/?p=48361"},"modified":"2019-07-24T10:26:44","modified_gmt":"2019-07-24T13:26:44","slug":"el-fmi-redujo-el-crecimiento-de-mexico-y-estallo-amlo-con-que-autoridad-moral-hablan","status":"publish","type":"post","link":"https:\/\/www.actualidadadiario.com\/index.php\/2019\/07\/24\/el-fmi-redujo-el-crecimiento-de-mexico-y-estallo-amlo-con-que-autoridad-moral-hablan\/","title":{"rendered":"El FMI redujo el crecimiento de M\u00e9xico y estall\u00f3 AMLO: &#8220;\u00bfCon qu\u00e9 autoridad moral hablan?&#8221;"},"content":{"rendered":"\n<p><strong><em>Los culp\u00f3 por las reformas estructurales y dijo que ya no se deber\u00eda observar el crecimiento, sino el desarrollo. &#8220;Deber\u00edan pedir disculpas&#8221;<\/em><\/strong><\/p>\n\n\n\n<p><\/p>\n\n\n\n<p><\/p>\n\n\n\n<p>Todas las se\u00f1ales de los mercados siguen mostrando un\npanorama de creciente desconfianza en torno al plan econ\u00f3mico de Andr\u00e9s Manuel\nL\u00f3pez Obrador. All\u00e1 lejos qued\u00f3 el desaf\u00edo abierto del Presidente, cuando\np\u00fablicamente apostaba a una equivocaci\u00f3n de los analistas y sus &#8220;otros\ndatos&#8221; que le marcaban que M\u00e9xico crecer\u00eda no menos de 2%.<\/p>\n\n\n\n<p>As\u00ed lo evidenci\u00f3 el recorte de las proyecciones de\ncrecimiento del FMI para M\u00e9xico que se hicieron p\u00fablicas hoy y que estiman que\nel pa\u00eds no llegar\u00e1 al 1%. En efecto, hoy d\u00eda ni siquiera el Gabinete de AMLO considera\nposible llegar al 2%.<\/p>\n\n\n\n<p>&#8220;Yo mantengo mi apuesta&#8221;, respondi\u00f3 Andr\u00e9s Manuel\nL\u00f3pez Obrador cuando una reportera le inform\u00f3 este martes que el FMI hab\u00eda\nrecortado otra vez su proyecci\u00f3n de crecimiento para M\u00e9xico.<\/p>\n\n\n\n<p>&#8220;\u00bfOtra vez? \u00bfY a cu\u00e1nto?&#8221;, consult\u00f3. En efecto, el\nFondo Monetario recort\u00f3 su pron\u00f3stico de 1,6% en abril al 0,9% en julio. Un\najuste muy importante en tan solo dos meses. Esta decisi\u00f3n, seg\u00fan explicaron,\nse debe a que la inversi\u00f3n sigue muy baja y el consumo -el indicador que daba\ncierto optimismo- comenz\u00f3 a declinar.<\/p>\n\n\n\n<p>En general, el organismo recort\u00f3 los estimados para el\ncrecimiento de la econom\u00eda global a 3,2% en 2019 y 3,5% en 2020. Para Am\u00e9rica\nLatina el ajuste fue m\u00e1s considerable, a 0,6% en 2019 desde el 1,4% que\nestimaba en abril y una aceleraci\u00f3n para el 2020 con una tasa de crecimiento de\n2,3%.<\/p>\n\n\n\n<p>&#8220;La considerable revisi\u00f3n a la baja para 2019 en la\nregi\u00f3n refleja las rebajas de las calificaciones crediticias de Brasil y\nM\u00e9xico&#8221;, explica en el informe.<\/p>\n\n\n\n<p>Para M\u00e9xico fue la quinta baja al hilo en los pron\u00f3sticos de\ncrecimiento econ\u00f3mico, desde el 3,0% que lleg\u00f3 a estimar en enero y abril de\n2018.<\/p>\n\n\n\n<p>A la vista de estas proyecciones, AMLO respondi\u00f3 que:\n&#8220;No les tengo mucha confianza a esos organismos. Con todo respeto. Fueron\nlos que impusieron la pol\u00edtica econ\u00f3mica neoliberal, que caus\u00f3 muchas\ndesgracias en M\u00e9xico&#8221;, al tiempo que su tono fue subiendo de la\ncordialidad al enojo.<\/p>\n\n\n\n<p>&#8220;Deber\u00edan ofrecer disculpas al pueblo de M\u00e9xico.\nDeber\u00edan hacer una autocr\u00edtica. Lo que propusieron result\u00f3 un fracaso. Causaron\nun grave da\u00f1o a los mexicanos. Dijeron que con la privatizaci\u00f3n iba a haber\ncrecimiento y que iba a haber empleo; que si llov\u00eda fuerte arriba, iba a gotear\nabajo; que hab\u00eda que diluir al Estado y apostar al mercado; que la globalidad\nera la panacea; que con las reformas estructurales, v\u00e1lgame dios, llegar\u00eda la\nfelicidad&#8221;, enumer\u00f3.<\/p>\n\n\n\n<p>Seg\u00fan L\u00f3pez Obrador, &#8220;nada de eso ocurri\u00f3&#8221;. Muy\npor el contrario, el Presidente consider\u00f3 que hubo aumento de impuestos y\nparalizaci\u00f3n de la econom\u00eda. Opin\u00f3 que la reforma laboral fue para quitarles\nderechos a los trabajadores; y que la educativa, para polarizar y afectar la\ndignidad de los maestros. &#8220;La reforma energ\u00e9tica signific\u00f3 ca\u00edda de la\nproducci\u00f3n petrolera y m\u00e1s dependencia en la compra de combustibles. Todas esas\nreformas fueron del FMI&#8221;, detall\u00f3.<\/p>\n\n\n\n<p>Y concluy\u00f3: &#8220;Sus recetas desataron la inseguridad y la\nviolencia en el pa\u00eds. \u00bfQu\u00e9 autoridad moral tienen para opinar sobre M\u00e9xico? No\nvamos a renunciar a esos organismos, formamos parte en lo econ\u00f3mico del sistema\nfinanciero mundial. Pero eso no quiere decir que no sepamos lo que hicieron sus\npol\u00edticas. Ellos ya no van a decidir sobre la agenda de M\u00e9xico&#8221;.<\/p>\n\n\n\n<p>Minutos m\u00e1s tarde, cuando le volvieron a recordar su promesa\nde crecer al 2% este a\u00f1o para cerrar su mandato en un promedio global de 4% -es\ndecir, con tasas de crecimiento del 6% para los \u00faltimos a\u00f1os del sexenio-,\nL\u00f3pez Obrador se enred\u00f3 en un larga explicaci\u00f3n de por qu\u00e9 ya no ser\u00eda necesario\nmedir el crecimiento.<\/p>\n\n\n\n<p>&#8220;Nosotros ya no vamos a usar s\u00f3lo como par\u00e1metro el\ncrecimiento, porque crecimiento es que se genere riqueza. Pero puede ser que\nese crecimiento signifique s\u00f3lo acumulaci\u00f3n de riqueza en unos cuantos. Los\ntecn\u00f3cratas que son un poco m\u00e1s progres: crecimiento incluyente. No. Es el\ndesarrollo&#8221;, explic\u00f3 AMLO, acaso cur\u00e1ndose en salud.<\/p>\n\n\n\n<p>M\u00e9xico tiene una tasa de crecimiento poblacional promedio de\n1%, quiere decir que si el FMI tiene raz\u00f3n con su pron\u00f3stico, el PIB per c\u00e1pita\npodr\u00eda decrecer este a\u00f1o. De cumplirse ese escenario, ser\u00e1 muy dif\u00edcil sostener\nque M\u00e9xico est\u00e1 en una etapa de desarrollo.<\/p>\n\n\n\n<p><strong>Factores externos<\/strong><\/p>\n\n\n\n<p>El FMI advirti\u00f3 en el documento publicado este martes que\nlos riesgos para el pron\u00f3stico se inclinan principalmente a la baja e incluyen\nnuevas tensiones comerciales y en el \u00e1mbito de la tecnolog\u00eda que perjudiquen el\n\u00e1nimo y frenen la inversi\u00f3n.<\/p>\n\n\n\n<p>Considera tambi\u00e9n la vicisitud de un aumento prolongado de\nla aversi\u00f3n al riesgo tras varios a\u00f1os de tasas de inter\u00e9s bajas y una\nintensificaci\u00f3n de presiones deflacionarias que agraven las dificultades para\nel servicio de la deuda, restrinjan el margen de la pol\u00edtica monetaria para\ncontrarrestar las desaceleraciones y prolonguen m\u00e1s de lo normal los shocks\nadversos. En el terreno comercial, el organismo reconoce que Estados Unidos ha\nincrementado a\u00fan m\u00e1s los aranceles sobre ciertas importaciones chinas y, a su\nvez, China ha respondido elevando los aranceles de un subconjunto de importaciones\nde Estados Unidos.<\/p>\n\n\n\n<p>Si bien tras la cumbre del G-20 celebrada en junio se evit\u00f3\nuna nueva escalada de estas medidas, las cadenas mundiales de suministro de\ntecnolog\u00eda se vieron amenazadas por la posibilidad de que Estados Unidos\nimponga sanciones, no se ha disipado la incertidumbre relacionada con el Brexit\ny las crecientes tensiones geopol\u00edticas han alterado los precios de la energ\u00eda.<\/p>\n","protected":false},"excerpt":{"rendered":"<p>Los culp\u00f3 por las reformas estructurales y dijo que ya no se deber\u00eda observar el crecimiento, sino el desarrollo. &#8220;Deber\u00edan pedir disculpas&#8221; Todas las se\u00f1ales de los mercados siguen mostrando un panorama de creciente desconfianza en torno al plan econ\u00f3mico de Andr\u00e9s Manuel L\u00f3pez Obrador. All\u00e1 lejos qued\u00f3 el desaf\u00edo abierto del Presidente, cuando p\u00fablicamente apostaba a una equivocaci\u00f3n de los analistas y sus &#8220;otros datos&#8221; que le marcaban que M\u00e9xico crecer\u00eda no menos de 2%. As\u00ed lo evidenci\u00f3 el recorte de las proyecciones de crecimiento del FMI para M\u00e9xico&#8230;<\/p>\n","protected":false},"author":3,"featured_media":48362,"comment_status":"closed","ping_status":"closed","sticky":false,"template":"","format":"standard","meta":[],"categories":[4],"tags":[],"_links":{"self":[{"href":"https:\/\/www.actualidadadiario.com\/index.php\/wp-json\/wp\/v2\/posts\/48361"}],"collection":[{"href":"https:\/\/www.actualidadadiario.com\/index.php\/wp-json\/wp\/v2\/posts"}],"about":[{"href":"https:\/\/www.actualidadadiario.com\/index.php\/wp-json\/wp\/v2\/types\/post"}],"author":[{"embeddable":true,"href":"https:\/\/www.actualidadadiario.com\/index.php\/wp-json\/wp\/v2\/users\/3"}],"replies":[{"embeddable":true,"href":"https:\/\/www.actualidadadiario.com\/index.php\/wp-json\/wp\/v2\/comments?post=48361"}],"version-history":[{"count":1,"href":"https:\/\/www.actualidadadiario.com\/index.php\/wp-json\/wp\/v2\/posts\/48361\/revisions"}],"predecessor-version":[{"id":48363,"href":"https:\/\/www.actualidadadiario.com\/index.php\/wp-json\/wp\/v2\/posts\/48361\/revisions\/48363"}],"wp:featuredmedia":[{"embeddable":true,"href":"https:\/\/www.actualidadadiario.com\/index.php\/wp-json\/wp\/v2\/media\/48362"}],"wp:attachment":[{"href":"https:\/\/www.actualidadadiario.com\/index.php\/wp-json\/wp\/v2\/media?parent=48361"}],"wp:term":[{"taxonomy":"category","embeddable":true,"href":"https:\/\/www.actualidadadiario.com\/index.php\/wp-json\/wp\/v2\/categories?post=48361"},{"taxonomy":"post_tag","embeddable":true,"href":"https:\/\/www.actualidadadiario.com\/index.php\/wp-json\/wp\/v2\/tags?post=48361"}],"curies":[{"name":"wp","href":"https:\/\/api.w.org\/{rel}","templated":true}]}}