{"id":48355,"date":"2019-07-24T10:24:51","date_gmt":"2019-07-24T13:24:51","guid":{"rendered":"https:\/\/www.actualidadadiario.com\/?p=48355"},"modified":"2019-07-24T10:24:51","modified_gmt":"2019-07-24T13:24:51","slug":"fernandez-va-por-el-voto-esquivo-en-santa-fe-y-vuelve-a-cordoba","status":"publish","type":"post","link":"https:\/\/www.actualidadadiario.com\/index.php\/2019\/07\/24\/fernandez-va-por-el-voto-esquivo-en-santa-fe-y-vuelve-a-cordoba\/","title":{"rendered":"Fern\u00e1ndez va por el voto esquivo en Santa Fe y vuelve a C\u00f3rdoba"},"content":{"rendered":"\n<p><strong><em>El candidato presidencial estar\u00e1 con Perotti en Reconquista, Rafaela y Santa Fe. Busca apoyo del sector agropecuario, la industria y econom\u00edas regionales. Regreso a la tierra de Schiaretti<\/em><\/strong><\/p>\n\n\n\n<p><\/p>\n\n\n\n<p><\/p>\n\n\n\n<p>Superada la prueba de la recorrida por el territorio m\u00e1s\nhostil al kirchnerismo, C\u00f3rdoba, Alberto Fern\u00e1ndez desembarcar\u00e1 esta semana en\nla provincia de Santa Fe. Lo har\u00e1 de la mano del gobernador electo, Omar\nPerotti, a la b\u00fasqueda del voto de m\u00e1s dif\u00edcil para su espacio, en las zonas\nagropecuarias de Reconquista y Rafaela, y en la capital provincial, mientras ya\nplanea la segunda vuelta al distrito que gobierna Juan Schiaretti. <\/p>\n\n\n\n<p>Fern\u00e1ndez viajar\u00e1 a Santa Fe el jueves y all\u00ed se encontrar\u00e1\ncon Perotti para recorrer primero la ciudad de Reconquista, ubicada al\nnordestes de la provincia, y luego trasladarse al centro oeste para visitar\nRafaela, cuna del gobernador electo. Por la noche, el candidato a presidente y\nPerotti viajar\u00e1n a Santa Fe y all\u00ed estar\u00e1n todo el viernes, hasta el acto de\ncierre.<\/p>\n\n\n\n<p>En la ciudad capital, Fern\u00e1ndez firmar\u00e1 un acta de\ncompromiso con la provincia que incluye tres promesas centrales: la realizaci\u00f3n\nde obras, sobre todo en las \u00e1reas agropecuarias, que fueron afectadas por las\ninundaciones, la devoluci\u00f3n de los fondos de coparticipaci\u00f3n que la Naci\u00f3n le\ndebe al distrito y el sostenimiento de la presencia de los agentes de fuerzas\nfederales que aportan en la lucha contra la inseguridad. <\/p>\n\n\n\n<p>Fern\u00e1ndez llegar\u00e1 a Santa Fe con el objetivo de buscar votos\nen las zonas m\u00e1s dif\u00edciles para el kirchnerismo, con el objetivo de captar el\napoyo de las econom\u00edas regionales, muy golpeadas por la crisis econ\u00f3mica, y del\nsector agropecuario y la industria, en muchos casos asociada al campo. Para m\u00e1s\nadelante, dejar\u00e1 la visita a los distritos m\u00e1s afines, como Rosario, donde el\nperonismo tiene un perfil m\u00e1s kirchnerista y qued\u00f3 muy cerca de ganar la\nintendencia.<\/p>\n\n\n\n<p>Perotti, un hombre m\u00e1s ligado al campo, ser\u00e1 el socio\nfundamental del candidato presidencial en su desembarco santafesino y su gu\u00eda\nen los distritos m\u00e1s complejos. En el departamento de Castellanos, cuya\ncabecera es Rafaela, Mauricio Macri le sac\u00f3 20 puntos de diferencia a Daniel\nScioli en las elecciones generales de 2015. En General Obligado, donde est\u00e1\nReconquista, el peronista se impuso por solo dos puntos. En la capital\nprovincial estuvieron pr\u00e1cticamente empatados. El gobernador electo har\u00e1 ahora\nsu aporte para tratar de potenciar all\u00ed al Frente de Todos. <\/p>\n\n\n\n<p>No fue f\u00e1cil para Fern\u00e1ndez garantizarse la participaci\u00f3n de\nPerotti en la campa\u00f1a. Aunque mantienen una buena relaci\u00f3n personal y se\nreunieron en varias oportunidades, tras las elecciones santafesinas, el\ngobernador electo pretend\u00eda mantenerse lo m\u00e1s afuera posible de la disputa\nnacional. De hecho, reci\u00e9n hizo expl\u00edcito su apoyo al binomio presidencial diez\nd\u00edas despu\u00e9s de su consagraci\u00f3n como gobernador. Para involucrarse, el\nrafaelino le pidi\u00f3 al candidato presidencial que le permitiera organizar las\nrecorridas por Santa Fe con un perfil similar al que tuvo su campa\u00f1a\nprovincial. Fern\u00e1ndez acord\u00f3 y Perotti dise\u00f1\u00f3 una agenda que tuvo su\naprobaci\u00f3n. <\/p>\n\n\n\n<p>De las conversaciones entre Fern\u00e1ndez y el rafaelino\nparticip\u00f3 tambi\u00e9n cordob\u00e9s Carlos Caserio, compa\u00f1ero de Perotti en el bloque\nJusticialista y el responsable del primer desembarco territorial del candidato\npresidencial en C\u00f3rdoba. Los detalles se cerraron en una cena que mantuvieron\nlos tres en la casa de Fern\u00e1ndez. <\/p>\n\n\n\n<p>El candidato presidencial volver\u00e1 a C\u00f3rdoba antes de las\nprimarias del 11 de agosto, pero esta vez ser\u00e1 para recorrer distritos a\u00fan m\u00e1s\nesquivos a la boleta del Frente de Todos. Si bien a\u00fan la agenda no est\u00e1 cerrada\ny la visita no tiene fecha cierta, quienes conversan con Fern\u00e1ndez creen que\nsus pr\u00f3ximos destinos en la provincia deber\u00edan ser la segunda ciudad, R\u00edo\nCuarto, el este y el sudeste, donde est\u00e1n Bell Ville y Marcos Ju\u00e1rez, cuna y\nbasti\u00f3n de Cambiemos. All\u00ed buscar\u00e1 hablarles al campo, fundamentalmente a los\nchacareros y peque\u00f1os productores.<\/p>\n","protected":false},"excerpt":{"rendered":"<p>El candidato presidencial estar\u00e1 con Perotti en Reconquista, Rafaela y Santa Fe. Busca apoyo del sector agropecuario, la industria y econom\u00edas regionales. Regreso a la tierra de Schiaretti Superada la prueba de la recorrida por el territorio m\u00e1s hostil al kirchnerismo, C\u00f3rdoba, Alberto Fern\u00e1ndez desembarcar\u00e1 esta semana en la provincia de Santa Fe. Lo har\u00e1 de la mano del gobernador electo, Omar Perotti, a la b\u00fasqueda del voto de m\u00e1s dif\u00edcil para su espacio, en las zonas agropecuarias de Reconquista y Rafaela, y en la capital provincial, mientras ya planea&#8230;<\/p>\n","protected":false},"author":3,"featured_media":48356,"comment_status":"closed","ping_status":"closed","sticky":false,"template":"","format":"standard","meta":[],"categories":[18],"tags":[],"_links":{"self":[{"href":"https:\/\/www.actualidadadiario.com\/index.php\/wp-json\/wp\/v2\/posts\/48355"}],"collection":[{"href":"https:\/\/www.actualidadadiario.com\/index.php\/wp-json\/wp\/v2\/posts"}],"about":[{"href":"https:\/\/www.actualidadadiario.com\/index.php\/wp-json\/wp\/v2\/types\/post"}],"author":[{"embeddable":true,"href":"https:\/\/www.actualidadadiario.com\/index.php\/wp-json\/wp\/v2\/users\/3"}],"replies":[{"embeddable":true,"href":"https:\/\/www.actualidadadiario.com\/index.php\/wp-json\/wp\/v2\/comments?post=48355"}],"version-history":[{"count":1,"href":"https:\/\/www.actualidadadiario.com\/index.php\/wp-json\/wp\/v2\/posts\/48355\/revisions"}],"predecessor-version":[{"id":48357,"href":"https:\/\/www.actualidadadiario.com\/index.php\/wp-json\/wp\/v2\/posts\/48355\/revisions\/48357"}],"wp:featuredmedia":[{"embeddable":true,"href":"https:\/\/www.actualidadadiario.com\/index.php\/wp-json\/wp\/v2\/media\/48356"}],"wp:attachment":[{"href":"https:\/\/www.actualidadadiario.com\/index.php\/wp-json\/wp\/v2\/media?parent=48355"}],"wp:term":[{"taxonomy":"category","embeddable":true,"href":"https:\/\/www.actualidadadiario.com\/index.php\/wp-json\/wp\/v2\/categories?post=48355"},{"taxonomy":"post_tag","embeddable":true,"href":"https:\/\/www.actualidadadiario.com\/index.php\/wp-json\/wp\/v2\/tags?post=48355"}],"curies":[{"name":"wp","href":"https:\/\/api.w.org\/{rel}","templated":true}]}}