{"id":48352,"date":"2019-07-24T10:24:09","date_gmt":"2019-07-24T13:24:09","guid":{"rendered":"https:\/\/www.actualidadadiario.com\/?p=48352"},"modified":"2019-07-24T10:24:09","modified_gmt":"2019-07-24T13:24:09","slug":"macri-recorre-cordoba-donde-cerrara-la-campana-el-7-de-agosto","status":"publish","type":"post","link":"https:\/\/www.actualidadadiario.com\/index.php\/2019\/07\/24\/macri-recorre-cordoba-donde-cerrara-la-campana-el-7-de-agosto\/","title":{"rendered":"Macri recorre C\u00f3rdoba, donde cerrar\u00e1 la campa\u00f1a el 7 de agosto"},"content":{"rendered":"\n<p><strong><em>El motivo de las reiteradas visitas del presidente Mauricio Macri a C\u00f3rdoba y la decisi\u00f3n de realizar all\u00ed uno de los cierres de su campa\u00f1a no se limita s\u00f3lo a la necesidad de disputarse el electorado con el Frente de Todos en el segundo distrito electoral m\u00e1s importante del pa\u00eds. Tambi\u00e9n responde a que es una de las pocas provincias en las que la alianza Juntos por el Cambio mantiene una alta intenci\u00f3n de voto, aun cuando est\u00e1 gobernada por el peronismo y el oficialismo nacional perdi\u00f3 casi diez puntos en comparaci\u00f3n con el apoyo que cosechaba en 2015<\/em><\/strong><\/p>\n\n\n\n<p><\/p>\n\n\n\n<p><\/p>\n\n\n\n<p>En la sede partidaria de Balcarce al 400 apuntan a llegar al\n50 por ciento de los votos en las PASO, un n\u00famero similar al que obtuvieron en\nlas elecciones generales cuatro a\u00f1os atr\u00e1s, sin embargo el mayor esfuerzo\nestar\u00e1 puesto en conservar el piso del 40 por ciento que re\u00fanen hasta el\nmomento, seg\u00fan las diferentes encuestas. En ese marco, Macri llegar\u00e1 hoy a las\nlocalidades cordobesas de San Francisco y R\u00edo Cuarto, en lo que ser\u00e1 la segunda\nvisita a la provincia desde que comenz\u00f3 sus recorridas proselitistas. Por la\nnoche, el jefe de Estado se trasladar\u00e1 a C\u00f3rdoba capital para compartir una\ncena con el gobernador, Juan Schiaretti, quien evit\u00f3 pronunciarse a favor de\nalguna de las f\u00f3rmulas presidenciales, pero m\u00e1s de una vez destac\u00f3 el buen\nv\u00ednculo que tiene con el l\u00edder de PRO.<\/p>\n\n\n\n<p>Tras conseguir la foto con el mandatario peronista, que fue\nreelecto por m\u00e1s del 55 por ciento de los votos el 12 de mayo \u00faltimo, Macri\ncontinuar\u00e1 ma\u00f1ana con sus actividades de campa\u00f1a en R\u00edo Cuarto, donde estar\u00e1\nacompa\u00f1ado por el primer candidato a diputado nacional por C\u00f3rdoba, Mario\nNegri.<\/p>\n\n\n\n<p>Al igual que en los comicios legislativos de 2017, el\npresidente cerrar\u00e1 su campa\u00f1a en C\u00f3rdoba el 7 de agosto pr\u00f3ximo, incluso en el\nPoder Ejecutivo nacional eval\u00faan que sea en el mismo sitio que aqu\u00e9lla vez: la\nPlaza de la M\u00fasica. A ese cierre se sumar\u00e1n otros dos actos, que compartir\u00e1 con\nla gobernadora bonaerense, Mar\u00eda Eugenia Vidal, y el jefe de Gobierno porte\u00f1o,\nHoracio Rodr\u00edguez Larreta, en sus respectivos distritos.<\/p>\n\n\n\n<p>En la coalici\u00f3n gobernante festejan que luego de tres a\u00f1os y\nmedio de gesti\u00f3n y en plena crisis econ\u00f3mica, no s\u00f3lo la Ciudad de Buenos\nAires, sino tambi\u00e9n C\u00f3rdoba contin\u00faa siendo un basti\u00f3n del macrismo. Aun cuando\nel candidato a presidente del Frente de Todos, Alberto Fern\u00e1ndez, podr\u00eda\nobtener en las primarias un porcentaje bastante mayor al que consigui\u00f3 el ex\npostulante por ese espacio pol\u00edtico, Daniel Scioli, en los \u00faltimos sondeos\nMacri est\u00e1 entre 15 y 20 puntos arriba de su principal competidor.<\/p>\n\n\n\n<p>La importancia de C\u00f3rdoba no s\u00f3lo est\u00e1 atada a las PASO y\nlas generales, sino tambi\u00e9n a un eventual balotaje, aunque en el oficialismo\nest\u00e1n cada vez m\u00e1s seguros que las elecciones se resolver\u00e1n en primera vuelta.\nSe ilusionan con que, en caso de llegar a la segunda vuelta, los cordobeses\napoyen al jefe de Estado como lo hicieron en 2015, cuando el 70 por ciento le\ndio su apoyo.<\/p>\n","protected":false},"excerpt":{"rendered":"<p>El motivo de las reiteradas visitas del presidente Mauricio Macri a C\u00f3rdoba y la decisi\u00f3n de realizar all\u00ed uno de los cierres de su campa\u00f1a no se limita s\u00f3lo a la necesidad de disputarse el electorado con el Frente de Todos en el segundo distrito electoral m\u00e1s importante del pa\u00eds. Tambi\u00e9n responde a que es una de las pocas provincias en las que la alianza Juntos por el Cambio mantiene una alta intenci\u00f3n de voto, aun cuando est\u00e1 gobernada por el peronismo y el oficialismo nacional perdi\u00f3 casi diez puntos&#8230;<\/p>\n","protected":false},"author":3,"featured_media":48353,"comment_status":"closed","ping_status":"closed","sticky":false,"template":"","format":"standard","meta":[],"categories":[18],"tags":[],"_links":{"self":[{"href":"https:\/\/www.actualidadadiario.com\/index.php\/wp-json\/wp\/v2\/posts\/48352"}],"collection":[{"href":"https:\/\/www.actualidadadiario.com\/index.php\/wp-json\/wp\/v2\/posts"}],"about":[{"href":"https:\/\/www.actualidadadiario.com\/index.php\/wp-json\/wp\/v2\/types\/post"}],"author":[{"embeddable":true,"href":"https:\/\/www.actualidadadiario.com\/index.php\/wp-json\/wp\/v2\/users\/3"}],"replies":[{"embeddable":true,"href":"https:\/\/www.actualidadadiario.com\/index.php\/wp-json\/wp\/v2\/comments?post=48352"}],"version-history":[{"count":1,"href":"https:\/\/www.actualidadadiario.com\/index.php\/wp-json\/wp\/v2\/posts\/48352\/revisions"}],"predecessor-version":[{"id":48354,"href":"https:\/\/www.actualidadadiario.com\/index.php\/wp-json\/wp\/v2\/posts\/48352\/revisions\/48354"}],"wp:featuredmedia":[{"embeddable":true,"href":"https:\/\/www.actualidadadiario.com\/index.php\/wp-json\/wp\/v2\/media\/48353"}],"wp:attachment":[{"href":"https:\/\/www.actualidadadiario.com\/index.php\/wp-json\/wp\/v2\/media?parent=48352"}],"wp:term":[{"taxonomy":"category","embeddable":true,"href":"https:\/\/www.actualidadadiario.com\/index.php\/wp-json\/wp\/v2\/categories?post=48352"},{"taxonomy":"post_tag","embeddable":true,"href":"https:\/\/www.actualidadadiario.com\/index.php\/wp-json\/wp\/v2\/tags?post=48352"}],"curies":[{"name":"wp","href":"https:\/\/api.w.org\/{rel}","templated":true}]}}