{"id":4835,"date":"2016-11-22T09:56:03","date_gmt":"2016-11-22T12:56:03","guid":{"rendered":"http:\/\/actualidadadiario.com\/site\/?p=4835"},"modified":"2016-11-22T09:56:03","modified_gmt":"2016-11-22T12:56:03","slug":"ya-esta-en-diputados-el-proyecto-de-emergencia-social","status":"publish","type":"post","link":"https:\/\/www.actualidadadiario.com\/index.php\/2016\/11\/22\/ya-esta-en-diputados-el-proyecto-de-emergencia-social\/","title":{"rendered":"Ya est\u00e1 en Diputados el proyecto de emergencia social"},"content":{"rendered":"<p><em><strong>Hasta \u00faltimo momento demor\u00f3 el Senado para girar a Diputados la media sanci\u00f3n al proyecto que declara la emergencia social, que la oposici\u00f3n intentar\u00e1 aprobar antes de que termine el mes pese al rechazo del oficialismo. La misi\u00f3n, dif\u00edcil: necesita dos tercios de la C\u00e1mara para poder convertirla en ley y Cambiemos cuenta con n\u00famero suficiente para bloquear su avance<\/strong><\/em><\/p>\n<p>&nbsp;<\/p>\n<p>&nbsp;<\/p>\n<p>&nbsp;<\/p>\n<p>&nbsp;<\/p>\n<p>&nbsp;<\/p>\n<p>El proyecto impulsado por el Frente para la Victoria recibi\u00f3 media sanci\u00f3n la semana pasada y hoy venc\u00eda el plazo para que aterrice en el Senado. Sin embargo, el tiempo que fue retenido el texto en la C\u00e1mara alta fue suficiente para que quede fuera del plazo establecido para la firma de dict\u00e1menes, que concluy\u00f3 este domingo.<\/p>\n<p>&nbsp;<\/p>\n<p>As\u00ed, ahora la iniciativa que reclaman las organizaciones sociales y los sindicatos -fue el principal reclamo de la marcha que esos espacios realizaron el pasado viernes al Congreso- debe ser propuesta sobre tablas en el recinto y para que se habilite el debate deber\u00e1 recibir el aval de al menos dos tercios de la C\u00e1mara. El d\u00eda se\u00f1alado es este jueves.<\/p>\n<p>&nbsp;<\/p>\n<p>Las matem\u00e1ticas legislativas le dan, por poco, la ventaja al oficialismo de Cambiemos. Es que el voto negativo de los diputados macristas, radicales, de la Coalici\u00f3n C\u00edvica, y otros aliados -en total suman 86, uno m\u00e1s del tercio-, a los que se sumar\u00edan de otros espacios, le dar\u00e1 margen suficiente para trabar el debate.<\/p>\n<p>&nbsp;<\/p>\n<p>Si el proyecto no llegara a aprobarse antes del 30 de noviembre, dead line del a\u00f1o legislativo, quedar\u00e1 trunco, al menos hasta marzo cuando vuelva la actividad al Congreso. El Gobierno tiene decidido llamar a sesiones extraordinarias, pero no para incluir esa iniciativa, la cual rechaza.<\/p>\n<p>&nbsp;<\/p>\n<p>Entre los que apoyan est\u00e1n el Frente para la Victoria, el Bloque Justicialista de Diego Bossio, y otros partidos y sectores de izquierda. En tanto que el Frente Renovador de Sergio Massa eval\u00faa que postura tomar. Hasta ayer, ese espacio pon\u00eda en duda su apoyo, aunque hoy el tigrense dio se\u00f1ales de que sus diputados alzar\u00e1n la mano en favor de la medida. En las pr\u00f3ximas horas habr\u00eda definiciones.<\/p>\n<p>&nbsp;<\/p>\n<p>&nbsp;<\/p>\n<p>&nbsp;<\/p>\n<p>&nbsp;<\/p>\n<p>&nbsp;<\/p>\n<p><strong>Rechazo oficial<\/strong><\/p>\n<p>Desde el Gobierno salieron a renovar las cr\u00edticas contra el proyecto. El ministro de Hacienda, Alfonso Prat Gay, consider\u00f3 que no establece el financiamiento del programa de creaci\u00f3n de empleo, y afirm\u00f3 que &#8220;ojal\u00e1&#8221; pudieran crearse &#8220;puestos de trabajo por ley&#8221;.<\/p>\n<p>&nbsp;<\/p>\n<p>&#8220;Ojal\u00e1 pudi\u00e9ramos crear un mill\u00f3n, cinco o diez millones de puestos de trabajo por ley porque de esa manera resolver\u00edamos todos nuestros problemas&#8221;, dijo Prat Gay, y aclar\u00f3 que &#8220;no hay soluciones m\u00e1gicas porque no creamos empleo porque a un legislador se le ocurri\u00f3&#8221;.<\/p>\n<p>&nbsp;<\/p>\n<p>Por su parte, el ministro del Interior Rogelio Frigerio dijo que hasta el momento, s\u00f3lo se trata de una &#8220;enunciaci\u00f3n de objetivos&#8221;.<\/p>\n<p>&nbsp;<\/p>\n<p>&#8220;Nosotros creemos que estamos en emergencia social. Las estad\u00edsticas p\u00fablicas recuperadas (en referencia al INDEC) muestran la crisis y hablan a las claras&#8221;, remarc\u00f3 Frigerio en declaraciones al programa &#8220;El Destape&#8221;, que conduce el periodista Roberto Navarro en Radio 10.<\/p>\n<p>&nbsp;<\/p>\n<p>Por su parte, el jefe de Gabinete, Marcos Pe\u00f1a, dijo en Radio Mitre: &#8220;Estamos todos de acuerdo con que hay emergencia social. Nosotros pusimos sobre la mesa ese tema. Pero cualquier atajo de crear por ley millones de puestos de trabajo, es subestimar a la gente. No siquiera es enga\u00f1arla&#8221;.<\/p>\n<p>&nbsp;<\/p>\n<p>&#8220;Es un tema tan relevante que puede ameritar un debate un poco m\u00e1s sofisticado que el que se ha planteado hasta ahora. Nuestra mirada es que las herramientas son ir hacia una econom\u00eda que crezca, que genere puestos de trabajo, que genere una mejor infraestructura y de atenci\u00f3n a los sectores m\u00e1s vulnerables&#8221;, asever\u00f3 el funcionario.<\/p>\n<p>&nbsp;<\/p>\n<p>&nbsp;<\/p>\n<p>&nbsp;<\/p>\n<p>&nbsp;<\/p>\n<p>&nbsp;<\/p>\n<p><strong>El proyecto<\/strong><\/p>\n<p>El proyecto sancionado por el Senado declara la Emergencia Social y Alimentaria por un a\u00f1o en todo el pa\u00eds y promueve la creaci\u00f3n de un mill\u00f3n de nuevos empleos bajo el Programa Solidario de Ingreso Social con Trabajo.<\/p>\n<p>&nbsp;<\/p>\n<p>Tambi\u00e9n establece la conformaci\u00f3n del Consejo de la Econom\u00eda Popular que intervendr\u00e1 en la fijaci\u00f3n de un salario social complementario.<\/p>\n<p>&nbsp;<\/p>\n<p>A su vez, la propuesta contempla que durante la vigencia de la Emergencia se incrementen un 15% mensual los valores vigentes de la Asignaci\u00f3n Universal por Hijo y la Asignaci\u00f3n por Embarazo para Protecci\u00f3n Social.<\/p>\n","protected":false},"excerpt":{"rendered":"<p>Hasta \u00faltimo momento demor\u00f3 el Senado para girar a Diputados la media sanci\u00f3n al proyecto que declara la emergencia social, que la oposici\u00f3n intentar\u00e1 aprobar antes de que termine el mes pese al rechazo del oficialismo. La misi\u00f3n, dif\u00edcil: necesita dos tercios de la C\u00e1mara para poder convertirla en ley y Cambiemos cuenta con n\u00famero suficiente para bloquear su avance &nbsp; &nbsp; &nbsp; &nbsp; &nbsp; El proyecto impulsado por el Frente para la Victoria recibi\u00f3 media sanci\u00f3n la semana pasada y hoy venc\u00eda el plazo para que aterrice en el&#8230;<\/p>\n","protected":false},"author":3,"featured_media":4836,"comment_status":"closed","ping_status":"closed","sticky":false,"template":"","format":"standard","meta":[],"categories":[9],"tags":[],"_links":{"self":[{"href":"https:\/\/www.actualidadadiario.com\/index.php\/wp-json\/wp\/v2\/posts\/4835"}],"collection":[{"href":"https:\/\/www.actualidadadiario.com\/index.php\/wp-json\/wp\/v2\/posts"}],"about":[{"href":"https:\/\/www.actualidadadiario.com\/index.php\/wp-json\/wp\/v2\/types\/post"}],"author":[{"embeddable":true,"href":"https:\/\/www.actualidadadiario.com\/index.php\/wp-json\/wp\/v2\/users\/3"}],"replies":[{"embeddable":true,"href":"https:\/\/www.actualidadadiario.com\/index.php\/wp-json\/wp\/v2\/comments?post=4835"}],"version-history":[{"count":1,"href":"https:\/\/www.actualidadadiario.com\/index.php\/wp-json\/wp\/v2\/posts\/4835\/revisions"}],"predecessor-version":[{"id":4837,"href":"https:\/\/www.actualidadadiario.com\/index.php\/wp-json\/wp\/v2\/posts\/4835\/revisions\/4837"}],"wp:featuredmedia":[{"embeddable":true,"href":"https:\/\/www.actualidadadiario.com\/index.php\/wp-json\/wp\/v2\/media\/4836"}],"wp:attachment":[{"href":"https:\/\/www.actualidadadiario.com\/index.php\/wp-json\/wp\/v2\/media?parent=4835"}],"wp:term":[{"taxonomy":"category","embeddable":true,"href":"https:\/\/www.actualidadadiario.com\/index.php\/wp-json\/wp\/v2\/categories?post=4835"},{"taxonomy":"post_tag","embeddable":true,"href":"https:\/\/www.actualidadadiario.com\/index.php\/wp-json\/wp\/v2\/tags?post=4835"}],"curies":[{"name":"wp","href":"https:\/\/api.w.org\/{rel}","templated":true}]}}