{"id":48346,"date":"2019-07-24T10:21:44","date_gmt":"2019-07-24T13:21:44","guid":{"rendered":"https:\/\/www.actualidadadiario.com\/?p=48346"},"modified":"2019-07-24T10:21:44","modified_gmt":"2019-07-24T13:21:44","slug":"elisa-carrio-macri-gana-por-paliza-en-octubre-y-tiene-que-mantener-a-marcos-pena","status":"publish","type":"post","link":"https:\/\/www.actualidadadiario.com\/index.php\/2019\/07\/24\/elisa-carrio-macri-gana-por-paliza-en-octubre-y-tiene-que-mantener-a-marcos-pena\/","title":{"rendered":"Elisa Carri\u00f3: &#8220;Macri gana por paliza en octubre y tiene que mantener a Marcos Pe\u00f1a&#8221;"},"content":{"rendered":"\n<p><strong><em>La diputada present\u00f3 su libro &#8220;Vida&#8221; acompa\u00f1ada de los m\u00e1ximos referentes del PRO. Record\u00f3 an\u00e9cdotas, defendi\u00f3 al Gobierno y lanz\u00f3 sus pron\u00f3sticos electorales<\/em><\/strong><\/p>\n\n\n\n<p><\/p>\n\n\n\n<p><\/p>\n\n\n\n<p>A menos de tres semanas de las Primarias Abiertas Simult\u00e1neas\ny Obligatorias (PASO), Elisa Carri\u00f3 present\u00f3 este martes 23 de julio su libro\nbiogr\u00e1fico &#8220;Vida&#8221;. Acompa\u00f1ada por referentes del Gobierno nacional,\nla l\u00edder de la Coalici\u00f3n C\u00edvica-ARI donde resalt\u00f3 que las elecciones del\ndomingo 11 de agosto &#8220;son una encuesta nacional&#8221;, anticip\u00f3 un triunfo\nde Cambiemos en primera vuelta y respald\u00f3 al jefe de Gabinete, Marcos Pe\u00f1a. <\/p>\n\n\n\n<p>El acto se realiz\u00f3 en calle Corrientes, en el complejo\nteatral San Mart\u00edn, con la compa\u00f1\u00eda de los periodistas Joaqu\u00edn Morales Sol\u00e1 e\nIgnacio Zuleta (coautor del libro) como oradores. En la previa, Pe\u00f1a, Mar\u00eda\nEugenia Vidal, Horacio Rodr\u00edguez Larreta y Diego Santilli pasaron por el\ncamar\u00edn para saludarla, aunque solo el jefe de Gabinete se qued\u00f3 a la\npresentaci\u00f3n.<\/p>\n\n\n\n<p>La diputada nacional record\u00f3 an\u00e9cdotas de su vida y su\ntrayectoria pol\u00edtica, y aprovech\u00f3 para referirse a las pr\u00f3ximas elecciones:\n&#8220;La elecci\u00f3n de octubre se gana. Yo estoy jugando para adelante. El tema\nes de qu\u00e9 manera este pueblo entiende que esta es la \u00fanica salida, pero que hay\nque corregir muchos errores. Eso va a pasar de agosto a octubre. Esto es una\nencuesta nacional, no nos viene mal que nos vaya tan bien, porque si no se\nagrandan. Lo peor que le puede pasar a la pol\u00edtica es la vanidad, pero de lo\nque estoy segura es que ganamos por paliza en octubre. Los pueblos no se\nsuicidan&#8221;, sostuvo Lilita, seg\u00fan recogi\u00f3 la agencia Noticias Argentinas. <\/p>\n\n\n\n<p>Carri\u00f3 habl\u00f3 tambi\u00e9n de su renovada relaci\u00f3n con Miguel\n\u00c1ngel Pichetto, sobre quien emiti\u00f3 duras cr\u00edticas antes de que fuese designado\ncomo precandidato a vicepresidente en la f\u00f3rmula con Mauricio Macri: &#8220;Era\ndura la conversaci\u00f3n, pero muy respetuosa. Lo que nosotros tenemos que lograr\nes la estabilidad del sistema&#8221;, sostuvo. <\/p>\n\n\n\n<p>La referente de Cambiemos respald\u00f3 adem\u00e1s a Marcos Pe\u00f1a, con\nquien estuvo enfrentado por la interna oficialista en C\u00f3rdoba que deriv\u00f3 en la\ndesastrosa derrota electoral de mayo pasado. &#8220;Para la Rep\u00fablica, para la\nsostenibilidad, yo siempre dije &#8216;el Presidente tiene que elegir su\nvicepresidente como tiene que elegir y mantener a su jefe de Gabinete, Marcos\nPe\u00f1a'&#8221;, expres\u00f3. Y agreg\u00f3: &#8220;No hay dos lugares, el otro espacio nos\nlleva hacia ese populismo, y nosotros tenemos que ir al humanismo&#8221;.<\/p>\n\n\n\n<p>&#8220;De lo que estoy segura es que ganamos por paliza en\noctubre&#8221;, aventur\u00f3 la legisladora, aunque advirti\u00f3: &#8220;\u00bfCu\u00e1l es el\nproblema nuestro argentino, que yo lo planteo en varios libros? La ansiedad. Y\nahora que andan todos esos adictos al WhatsApp. Yo los ech\u00e9 de la mesa&#8221;.<\/p>\n\n\n\n<p>Carri\u00f3 afirm\u00f3 que se retira &#8220;para que los dem\u00e1s\ncrezcan&#8221; pero retruc\u00f3: &#8220;Lo que dir\u00eda es que no me voy a ir nunca, ni\nsiquiera cuando me muera, porque me voy a convertir en un fantasma&#8221;. Al\nt\u00e9rmino de la presentaci\u00f3n, la anfitriona salud\u00f3 de a uno a los dirigentes de\nla primera fila: desde Mario Negri, el candidato que respald\u00f3 en C\u00f3rdoba, hasta\nMaximiliano Ferraro, presidente de la CC-ARI porte\u00f1a y primer candidato a\ndiputado nacional de Juntos por el Cambio en la Ciudad.<\/p>\n","protected":false},"excerpt":{"rendered":"<p>La diputada present\u00f3 su libro &#8220;Vida&#8221; acompa\u00f1ada de los m\u00e1ximos referentes del PRO. Record\u00f3 an\u00e9cdotas, defendi\u00f3 al Gobierno y lanz\u00f3 sus pron\u00f3sticos electorales A menos de tres semanas de las Primarias Abiertas Simult\u00e1neas y Obligatorias (PASO), Elisa Carri\u00f3 present\u00f3 este martes 23 de julio su libro biogr\u00e1fico &#8220;Vida&#8221;. Acompa\u00f1ada por referentes del Gobierno nacional, la l\u00edder de la Coalici\u00f3n C\u00edvica-ARI donde resalt\u00f3 que las elecciones del domingo 11 de agosto &#8220;son una encuesta nacional&#8221;, anticip\u00f3 un triunfo de Cambiemos en primera vuelta y respald\u00f3 al jefe de Gabinete, Marcos Pe\u00f1a&#8230;.<\/p>\n","protected":false},"author":3,"featured_media":48347,"comment_status":"closed","ping_status":"closed","sticky":false,"template":"","format":"standard","meta":[],"categories":[18],"tags":[],"_links":{"self":[{"href":"https:\/\/www.actualidadadiario.com\/index.php\/wp-json\/wp\/v2\/posts\/48346"}],"collection":[{"href":"https:\/\/www.actualidadadiario.com\/index.php\/wp-json\/wp\/v2\/posts"}],"about":[{"href":"https:\/\/www.actualidadadiario.com\/index.php\/wp-json\/wp\/v2\/types\/post"}],"author":[{"embeddable":true,"href":"https:\/\/www.actualidadadiario.com\/index.php\/wp-json\/wp\/v2\/users\/3"}],"replies":[{"embeddable":true,"href":"https:\/\/www.actualidadadiario.com\/index.php\/wp-json\/wp\/v2\/comments?post=48346"}],"version-history":[{"count":1,"href":"https:\/\/www.actualidadadiario.com\/index.php\/wp-json\/wp\/v2\/posts\/48346\/revisions"}],"predecessor-version":[{"id":48348,"href":"https:\/\/www.actualidadadiario.com\/index.php\/wp-json\/wp\/v2\/posts\/48346\/revisions\/48348"}],"wp:featuredmedia":[{"embeddable":true,"href":"https:\/\/www.actualidadadiario.com\/index.php\/wp-json\/wp\/v2\/media\/48347"}],"wp:attachment":[{"href":"https:\/\/www.actualidadadiario.com\/index.php\/wp-json\/wp\/v2\/media?parent=48346"}],"wp:term":[{"taxonomy":"category","embeddable":true,"href":"https:\/\/www.actualidadadiario.com\/index.php\/wp-json\/wp\/v2\/categories?post=48346"},{"taxonomy":"post_tag","embeddable":true,"href":"https:\/\/www.actualidadadiario.com\/index.php\/wp-json\/wp\/v2\/tags?post=48346"}],"curies":[{"name":"wp","href":"https:\/\/api.w.org\/{rel}","templated":true}]}}