{"id":48343,"date":"2019-07-24T10:21:06","date_gmt":"2019-07-24T13:21:06","guid":{"rendered":"https:\/\/www.actualidadadiario.com\/?p=48343"},"modified":"2019-07-24T10:21:06","modified_gmt":"2019-07-24T13:21:06","slug":"tras-las-criticas-internas-lifschitz-le-reitero-su-apoyo-a-lavagna","status":"publish","type":"post","link":"https:\/\/www.actualidadadiario.com\/index.php\/2019\/07\/24\/tras-las-criticas-internas-lifschitz-le-reitero-su-apoyo-a-lavagna\/","title":{"rendered":"Tras las cr\u00edticas internas, Lifschitz le reiter\u00f3 su apoyo a Lavagna"},"content":{"rendered":"\n<p><strong><em>El gobernador de Santa Fe ratific\u00f3 su respaldo al precandidato presidencial de Consenso Federal<\/em><\/strong><\/p>\n\n\n\n<p><\/p>\n\n\n\n<p><\/p>\n\n\n\n<p>Miguel Lifschitz, gobernador de Santa Fe, ratific\u00f3 este\nmartes su apoyo al precandidato presidencial de Consenso Federal, Roberto\nLavagna, y adem\u00e1s asegur\u00f3 que el Partido Socialista busca \u201cuna alternativa a la\ngrieta\u201c. \u201cEl Partido Socialista nunca hizo una cosa distinta de la que est\u00e1\nhaciendo, trabajar por una alternativa que fuera superadora de la grieta y es\njustamente lo que estamos haciendo\u201d, remarc\u00f3 el mandatario provincial.<\/p>\n\n\n\n<p>\u201cSomos absolutamente coherentes con lo que hemos sostenido\ndesde un principio\u201d, manifest\u00f3 Lifschitz en una entrevista radial con La Ocho.\nEl mandatario santafesino se expres\u00f3 de esa manera despu\u00e9s de que el legislador\nsocialista Eduardo Di Pollina haya criticado la alianza con Consenso Federal y\ntambi\u00e9n asegurara que esa opci\u00f3n es \u201cm\u00e1s de la derecha conservadora\u201d de la\nArgentina.<\/p>\n\n\n\n<p>\u201cEl Partido Socialista es un partido org\u00e1nico y act\u00faa de\nacuerdo a las resoluciones de su Congreso Nacional, del Comit\u00e9 Nacional y de la\nJunta Provincial de Santa Fe\u201d, enfatiz\u00f3 el gobernador tras la reciente\nreprobaci\u00f3n del diputado provincial de Santa Fe. Adem\u00e1s, Lifshitz resalt\u00f3: \u201cSi alg\u00fan\nsocialista d\u00edscolo quiere hacer otra cosa que lo que decide el partido, no\nser\u00eda nada\u201d.<\/p>\n\n\n\n<p>Por su parte, Lavagna hab\u00eda afirmado este lunes que \u201cno hay\nnada m\u00e1s lejos\u201d en sus intenciones que la posibilidad de ser el ministro de\nEconom\u00eda en un eventual Gobierno de Alberto Fern\u00e1ndez, en el caso de que la\nf\u00f3rmula del Frente de Todos salga victoriosa en las elecciones de octubre. De\nesa manera, el dirigente opositor, quien ya ocup\u00f3 ese rol en el Gabinete de\nN\u00e9stor Kirchner, ech\u00f3 por tierra los rumores sobre una futura alianza.<\/p>\n\n\n\n<p>\u201cNo hay nada m\u00e1s lejos que eso en mi cabeza, son mentiras de\npatas cortas\u201d, dispar\u00f3 Lavagna al encabezar un acto de campa\u00f1a en la ciudad de\nMendoza. \u201cTampoco aceptar\u00eda una oferta similar por parte del oficialismo, en\ncaso de que Mauricio Macri sea reelecto. No, con ninguno de los dos. Porque\nninguno tiene la vocaci\u00f3n de hacer un Gobierno de uni\u00f3n nacional. Los dos\ntienen una posici\u00f3n muy reactiva de no hablar y no negociar con otros\nsectores\u201d, analiz\u00f3 en di\u00e1logo con una radio local.<\/p>\n\n\n\n<p>Asimismo, el candidato a mandatario por Consenso Federal, se\nmostr\u00f3 hace unos d\u00edas con j\u00f3venes y solicit\u00f3 \u201cescucharlos\u201d. Lavagna pidi\u00f3\ntambi\u00e9n \u201capoyarlos para incentivar el desarrollo de nuevas tecnolog\u00edas\naplicadas a la salud y la seguridad\u201d. El exministro de Econom\u00eda de la Naci\u00f3n\ncamin\u00f3 un centro de tecnolog\u00eda e innovaci\u00f3n de la Ciudad de Buenos Aires con\nvistas a las PASO de agosto pr\u00f3ximo.<\/p>\n\n\n\n<p>\u201cRecib\u00ed un petitorio de j\u00f3venes en el que me plantearon como\nprincipales preocupaciones temas vinculados al primer empleo, medio ambiente,\nnuevas tecnolog\u00edas y la promoci\u00f3n a emprendedores y sus proyectos. Tenemos que\nescucharlos, comprenderlos, difundir y apoyar lo que hacen y tambi\u00e9n brindarles\nmecanismos de car\u00e1cter impositivos como la reducci\u00f3n de impuestos\u201c, asegur\u00f3.<\/p>\n","protected":false},"excerpt":{"rendered":"<p>El gobernador de Santa Fe ratific\u00f3 su respaldo al precandidato presidencial de Consenso Federal Miguel Lifschitz, gobernador de Santa Fe, ratific\u00f3 este martes su apoyo al precandidato presidencial de Consenso Federal, Roberto Lavagna, y adem\u00e1s asegur\u00f3 que el Partido Socialista busca \u201cuna alternativa a la grieta\u201c. \u201cEl Partido Socialista nunca hizo una cosa distinta de la que est\u00e1 haciendo, trabajar por una alternativa que fuera superadora de la grieta y es justamente lo que estamos haciendo\u201d, remarc\u00f3 el mandatario provincial. \u201cSomos absolutamente coherentes con lo que hemos sostenido desde un&#8230;<\/p>\n","protected":false},"author":3,"featured_media":48344,"comment_status":"closed","ping_status":"closed","sticky":false,"template":"","format":"standard","meta":[],"categories":[18],"tags":[],"_links":{"self":[{"href":"https:\/\/www.actualidadadiario.com\/index.php\/wp-json\/wp\/v2\/posts\/48343"}],"collection":[{"href":"https:\/\/www.actualidadadiario.com\/index.php\/wp-json\/wp\/v2\/posts"}],"about":[{"href":"https:\/\/www.actualidadadiario.com\/index.php\/wp-json\/wp\/v2\/types\/post"}],"author":[{"embeddable":true,"href":"https:\/\/www.actualidadadiario.com\/index.php\/wp-json\/wp\/v2\/users\/3"}],"replies":[{"embeddable":true,"href":"https:\/\/www.actualidadadiario.com\/index.php\/wp-json\/wp\/v2\/comments?post=48343"}],"version-history":[{"count":1,"href":"https:\/\/www.actualidadadiario.com\/index.php\/wp-json\/wp\/v2\/posts\/48343\/revisions"}],"predecessor-version":[{"id":48345,"href":"https:\/\/www.actualidadadiario.com\/index.php\/wp-json\/wp\/v2\/posts\/48343\/revisions\/48345"}],"wp:featuredmedia":[{"embeddable":true,"href":"https:\/\/www.actualidadadiario.com\/index.php\/wp-json\/wp\/v2\/media\/48344"}],"wp:attachment":[{"href":"https:\/\/www.actualidadadiario.com\/index.php\/wp-json\/wp\/v2\/media?parent=48343"}],"wp:term":[{"taxonomy":"category","embeddable":true,"href":"https:\/\/www.actualidadadiario.com\/index.php\/wp-json\/wp\/v2\/categories?post=48343"},{"taxonomy":"post_tag","embeddable":true,"href":"https:\/\/www.actualidadadiario.com\/index.php\/wp-json\/wp\/v2\/tags?post=48343"}],"curies":[{"name":"wp","href":"https:\/\/api.w.org\/{rel}","templated":true}]}}