{"id":4829,"date":"2016-11-22T09:54:07","date_gmt":"2016-11-22T12:54:07","guid":{"rendered":"http:\/\/actualidadadiario.com\/site\/?p=4829"},"modified":"2016-11-22T09:54:07","modified_gmt":"2016-11-22T12:54:07","slug":"michetti-rompio-el-silencio-luego-de-que-pidieron-su-indagatoria-por-el-robo-de-dinero","status":"publish","type":"post","link":"https:\/\/www.actualidadadiario.com\/index.php\/2016\/11\/22\/michetti-rompio-el-silencio-luego-de-que-pidieron-su-indagatoria-por-el-robo-de-dinero\/","title":{"rendered":"Michetti rompi\u00f3 el silencio luego de que pidieron su indagatoria por el robo de dinero"},"content":{"rendered":"<p><em><strong>La vicepresidenta confes\u00f3 que est\u00e1 &#8220;tranquila&#8221; y asegur\u00f3 que &#8220;la justicia tiene todas las pruebas que tiene que tener&#8221; para definir su situaci\u00f3n<\/strong><\/em><\/p>\n<p>&nbsp;<\/p>\n<p>&nbsp;<\/p>\n<p>&nbsp;<\/p>\n<p>&nbsp;<\/p>\n<p>&nbsp;<\/p>\n<p>&nbsp;<\/p>\n<p>Luego de 20 minutos de anuncios sobre la vida cotidiana del Senado, la vicepresidenta Gabriela Michetti se prest\u00f3 a responder preguntas en la conferencia de prensa que convoc\u00f3 y rompi\u00f3 el silencio luego de su pedido de indagatoria en la causa que se investiga el robo del dinero que hab\u00eda en su casa y que presuntamente pertenec\u00eda a la Fundaci\u00f3n SUMA. &#8220;Estoy tranquila&#8221;, confes\u00f3.<\/p>\n<p>&nbsp;<\/p>\n<p>&#8220;La Justicia tiene todas las pruebas y declaraciones, todo lo necesario para decidir sobre mi situaci\u00f3n&#8221;, afirm\u00f3. &#8220;Dimos m\u00e1s pruebas de las que pidieron, agreg\u00f3&#8221;.<\/p>\n<p>&nbsp;<\/p>\n<p>Michetti asegur\u00f3 que la Justicia &#8220;tiene todo lo necesario&#8221; referido a la investigaci\u00f3n sobre el origen del dinero robado en su casa durante la jornada del balotaje del a\u00f1o pasado. &#8220;A diferencia de otros funcionarios que son denunciados, que no colaboran con la Justicia o hacen este pedaleo jur\u00eddico, en mi caso ha sido todo lo contrario&#8221;, esgrimi\u00f3.<\/p>\n<p>&nbsp;<\/p>\n<p>El abogado denunciante Leonardo Mart\u00ednez Herrero le pidi\u00f3 al juez Ariel Lijo que cite a declaraci\u00f3n indagatoria a la vicepresidenta de la Naci\u00f3n, Gabriela Michetti. Mart\u00ednez Herrero sostuvo que las pruebas acumuladas en los tres cuerpos del expediente &#8220;alcanzan y sobran&#8221; para que Michetti sea citada a dar explicaciones.<\/p>\n<p>&nbsp;<\/p>\n<p>La referida testigo manifest\u00f3 que ten\u00eda relaci\u00f3n con Silvina Michetti y que solo efect\u00faa trabajos de consultor\u00eda percibiendo la suma de $ 20.000, cuando en rigor de la nota presentada es socia de la referida en primer t\u00e9rmino en la empresa SIL S.A. desde 2004&#8243;, afirm\u00f3 Mart\u00ednez en la presentaci\u00f3n.<\/p>\n","protected":false},"excerpt":{"rendered":"<p>La vicepresidenta confes\u00f3 que est\u00e1 &#8220;tranquila&#8221; y asegur\u00f3 que &#8220;la justicia tiene todas las pruebas que tiene que tener&#8221; para definir su situaci\u00f3n &nbsp; &nbsp; &nbsp; &nbsp; &nbsp; &nbsp; Luego de 20 minutos de anuncios sobre la vida cotidiana del Senado, la vicepresidenta Gabriela Michetti se prest\u00f3 a responder preguntas en la conferencia de prensa que convoc\u00f3 y rompi\u00f3 el silencio luego de su pedido de indagatoria en la causa que se investiga el robo del dinero que hab\u00eda en su casa y que presuntamente pertenec\u00eda a la Fundaci\u00f3n SUMA&#8230;.<\/p>\n","protected":false},"author":3,"featured_media":4830,"comment_status":"closed","ping_status":"closed","sticky":false,"template":"","format":"standard","meta":[],"categories":[18],"tags":[],"_links":{"self":[{"href":"https:\/\/www.actualidadadiario.com\/index.php\/wp-json\/wp\/v2\/posts\/4829"}],"collection":[{"href":"https:\/\/www.actualidadadiario.com\/index.php\/wp-json\/wp\/v2\/posts"}],"about":[{"href":"https:\/\/www.actualidadadiario.com\/index.php\/wp-json\/wp\/v2\/types\/post"}],"author":[{"embeddable":true,"href":"https:\/\/www.actualidadadiario.com\/index.php\/wp-json\/wp\/v2\/users\/3"}],"replies":[{"embeddable":true,"href":"https:\/\/www.actualidadadiario.com\/index.php\/wp-json\/wp\/v2\/comments?post=4829"}],"version-history":[{"count":1,"href":"https:\/\/www.actualidadadiario.com\/index.php\/wp-json\/wp\/v2\/posts\/4829\/revisions"}],"predecessor-version":[{"id":4831,"href":"https:\/\/www.actualidadadiario.com\/index.php\/wp-json\/wp\/v2\/posts\/4829\/revisions\/4831"}],"wp:featuredmedia":[{"embeddable":true,"href":"https:\/\/www.actualidadadiario.com\/index.php\/wp-json\/wp\/v2\/media\/4830"}],"wp:attachment":[{"href":"https:\/\/www.actualidadadiario.com\/index.php\/wp-json\/wp\/v2\/media?parent=4829"}],"wp:term":[{"taxonomy":"category","embeddable":true,"href":"https:\/\/www.actualidadadiario.com\/index.php\/wp-json\/wp\/v2\/categories?post=4829"},{"taxonomy":"post_tag","embeddable":true,"href":"https:\/\/www.actualidadadiario.com\/index.php\/wp-json\/wp\/v2\/tags?post=4829"}],"curies":[{"name":"wp","href":"https:\/\/api.w.org\/{rel}","templated":true}]}}