{"id":4815,"date":"2016-11-21T10:23:27","date_gmt":"2016-11-21T13:23:27","guid":{"rendered":"http:\/\/actualidadadiario.com\/site\/?p=4815"},"modified":"2016-11-21T10:23:27","modified_gmt":"2016-11-21T13:23:27","slug":"avanza-la-causa-por-la-escuela-rural-fumigada-hay-tres-imputados","status":"publish","type":"post","link":"https:\/\/www.actualidadadiario.com\/index.php\/2016\/11\/21\/avanza-la-causa-por-la-escuela-rural-fumigada-hay-tres-imputados\/","title":{"rendered":"Avanza la causa por la escuela rural fumigada: Hay tres imputados"},"content":{"rendered":"<p><em><strong>En principio la acusaci\u00f3n es por lesiones leves culposas y contaminaci\u00f3n ambiental culposa. La Fiscal\u00eda de Concepci\u00f3n del Uruguay confirm\u00f3 que hay pruebas suficientes para avanzar en el tr\u00e1mite con miras a un juicio<\/strong><\/em><\/p>\n<p>&nbsp;<\/p>\n<p>&nbsp;<\/p>\n<p>&nbsp;<\/p>\n<p>&nbsp;<\/p>\n<p>&nbsp;<\/p>\n<p>La investigaci\u00f3n por la fumigaci\u00f3n de la escuela 44 de Santa Anita -ocurrida en diciembre de 2014 y por la que hay tres imputados- sigue avanzando con numerosos pedidos de informes a organismos p\u00fablicos provinciales y nacionales y otras medidas destinadas a reunir pruebas que, para la Fiscal\u00eda, ser\u00edan suficientes para avanzar en el tr\u00e1mite con miras a un juicio. En principio la acusaci\u00f3n es por lesiones leves culposas y contaminaci\u00f3n ambiental culposa, dijo el Fiscal de Coordinaci\u00f3n del Concepci\u00f3n del Uruguay, Fernando Lombardi.<\/p>\n<p>&nbsp;<\/p>\n<p>La causa, que lleva adelante la fiscal n\u00famero 4 de Concepci\u00f3n del Uruguay, Melisa R\u00edos, bajo la coordinaci\u00f3n de Lombardi, se origin\u00f3 a partir de la denuncia de la directora de la escuela 44 Rep\u00fablica Argentina de Santa Anita, Mariela Leiva, a la que luego se sumaron otras denuncias vinculadas al mismo tema de parte de Jorge Bevacqua, integrante de la Asamblea Ambiental de Concepci\u00f3n del Uruguay y de la campa\u00f1a Paren de fumigar las escuelas. Tambi\u00e9n hubo denuncias de los padres de algunos de los chicos afectados por la fumigaci\u00f3n.<\/p>\n<p>&nbsp;<\/p>\n<p>A la fecha hay tres imputados: el titular de la explotaci\u00f3n agropecuaria; el presidente Aero Litoral SA, la empresa de Villaguay que realiz\u00f3 la fumigaci\u00f3n y el piloto que manej\u00f3 la aeronave. Los tres se abstuvieron de prestar indagatoria.<\/p>\n<p>&nbsp;<\/p>\n<p>En el transcurso de la Investigaci\u00f3n penal preparatoria (IPP) &#8220;se han tomado distintas medidas, entre ellas muchos pedidos de informes a distintos organismos, tanto de la provincia como de la naci\u00f3n, que apuntan a tener certeza sobre si la empresa que realiz\u00f3 la pulverizaci\u00f3n estaba inscripta o no, si ten\u00eda habilitaci\u00f3n vigente&#8221;, cont\u00f3 Lombardi a AIM.<\/p>\n<p>&nbsp;<\/p>\n<p>La Fiscal\u00eda tambi\u00e9n pidi\u00f3 informes a la delegaci\u00f3n Paran\u00e1 del Instituto Nacional de Tecnolog\u00eda Agropecuaria (Inta) sobre las muestras tomadas en el lugar del hecho y solicit\u00f3, por otro lado, que el \u00e1rea de Toxicolog\u00eda de la polic\u00eda provincial informe &#8220;cu\u00e1les son las consecuencias que podr\u00eda generar estar expuestos a determinados productos qu\u00edmicos&#8221;.<\/p>\n<p>&nbsp;<\/p>\n<p>Asimismo, existe una pericia oficial solicitada para determinar si en el procedimiento de pulverizaci\u00f3n se respet\u00f3 la normativa vigente.<\/p>\n<p>&nbsp;<\/p>\n<p>&#8220;En la investigaci\u00f3n se ha colectado evidencia que entendemos es suficiente como para seguir avanzando en el tr\u00e1mite, enfoc\u00e1ndolo en direcci\u00f3n a un juicio p\u00fablico&#8221;, dijo el fiscal de coordinaci\u00f3n, quien aclar\u00f3 que el hecho de que la causa llegue a juicio o no depender\u00e1 del criterio que adopten las respectivas defensas, &#8220;porque son tres personas imputadas y podr\u00edan llegar a pedir medidas alternativas a la realizaci\u00f3n del juicio como una probation, aunque habr\u00eda que evaluar si corresponde o no&#8221;.<\/p>\n<p>&nbsp;<\/p>\n<p>Si bien la calificaci\u00f3n legal puede variar en funci\u00f3n de la evidencia que se va colectando en la IPP, la imputaci\u00f3n de los acusados es, en principio, por &#8220;lesiones leves culposas y contaminaci\u00f3n ambiental culposa, de acuerdo con el art\u00edculo 56 de la Ley 24.051 (de Residuos peligrosos) y el 89 del C\u00f3digo Penal&#8221;.<\/p>\n","protected":false},"excerpt":{"rendered":"<p>En principio la acusaci\u00f3n es por lesiones leves culposas y contaminaci\u00f3n ambiental culposa. La Fiscal\u00eda de Concepci\u00f3n del Uruguay confirm\u00f3 que hay pruebas suficientes para avanzar en el tr\u00e1mite con miras a un juicio &nbsp; &nbsp; &nbsp; &nbsp; &nbsp; La investigaci\u00f3n por la fumigaci\u00f3n de la escuela 44 de Santa Anita -ocurrida en diciembre de 2014 y por la que hay tres imputados- sigue avanzando con numerosos pedidos de informes a organismos p\u00fablicos provinciales y nacionales y otras medidas destinadas a reunir pruebas que, para la Fiscal\u00eda, ser\u00edan suficientes para&#8230;<\/p>\n","protected":false},"author":3,"featured_media":4816,"comment_status":"closed","ping_status":"closed","sticky":false,"template":"","format":"standard","meta":[],"categories":[4],"tags":[],"_links":{"self":[{"href":"https:\/\/www.actualidadadiario.com\/index.php\/wp-json\/wp\/v2\/posts\/4815"}],"collection":[{"href":"https:\/\/www.actualidadadiario.com\/index.php\/wp-json\/wp\/v2\/posts"}],"about":[{"href":"https:\/\/www.actualidadadiario.com\/index.php\/wp-json\/wp\/v2\/types\/post"}],"author":[{"embeddable":true,"href":"https:\/\/www.actualidadadiario.com\/index.php\/wp-json\/wp\/v2\/users\/3"}],"replies":[{"embeddable":true,"href":"https:\/\/www.actualidadadiario.com\/index.php\/wp-json\/wp\/v2\/comments?post=4815"}],"version-history":[{"count":1,"href":"https:\/\/www.actualidadadiario.com\/index.php\/wp-json\/wp\/v2\/posts\/4815\/revisions"}],"predecessor-version":[{"id":4817,"href":"https:\/\/www.actualidadadiario.com\/index.php\/wp-json\/wp\/v2\/posts\/4815\/revisions\/4817"}],"wp:featuredmedia":[{"embeddable":true,"href":"https:\/\/www.actualidadadiario.com\/index.php\/wp-json\/wp\/v2\/media\/4816"}],"wp:attachment":[{"href":"https:\/\/www.actualidadadiario.com\/index.php\/wp-json\/wp\/v2\/media?parent=4815"}],"wp:term":[{"taxonomy":"category","embeddable":true,"href":"https:\/\/www.actualidadadiario.com\/index.php\/wp-json\/wp\/v2\/categories?post=4815"},{"taxonomy":"post_tag","embeddable":true,"href":"https:\/\/www.actualidadadiario.com\/index.php\/wp-json\/wp\/v2\/tags?post=4815"}],"curies":[{"name":"wp","href":"https:\/\/api.w.org\/{rel}","templated":true}]}}