{"id":4812,"date":"2016-11-21T10:18:53","date_gmt":"2016-11-21T13:18:53","guid":{"rendered":"http:\/\/actualidadadiario.com\/site\/?p=4812"},"modified":"2016-11-21T10:18:53","modified_gmt":"2016-11-21T13:18:53","slug":"parana-hara-la-experiencia-de-reeducar-a-hombres-violentos","status":"publish","type":"post","link":"https:\/\/www.actualidadadiario.com\/index.php\/2016\/11\/21\/parana-hara-la-experiencia-de-reeducar-a-hombres-violentos\/","title":{"rendered":"Paran\u00e1 har\u00e1 la experiencia de reeducar a hombres violentos"},"content":{"rendered":"<p><em><strong>La Municipalidad avanza para implementar un programa similar al que se lleva adelante en Santa Fe. Un diputado trabaja en un proyecto de ley para replicar la experiencia en toda la provincia<\/strong><\/em><\/p>\n<p>&nbsp;<\/p>\n<p>&nbsp;<\/p>\n<p>&nbsp;<\/p>\n<p>&nbsp;<\/p>\n<p>&nbsp;<\/p>\n<p>La habilitaci\u00f3n de un espacio para la reeducaci\u00f3n emocional de los hombres que ejercen violencia de g\u00e9nero est\u00e1 en proceso de desarrollo en la Municipalidad de Paran\u00e1. Se trata de una iniciativa en la que se viene trabajando hace meses desde la Subsecretar\u00eda de la Mujer, tomando como modelo una experiencia similar que viene dando buenos resultados en la ciudad de Santa Fe.<\/p>\n<p>&nbsp;<\/p>\n<p>Este tipo de propuestas de contenci\u00f3n sustancialmente diferentes a las que se implementan desde el Estado, siempre enfocadas en la asistencia de las mujeres v\u00edctimas y sus hijos, son criticada por algunas organizaciones feministas que no ven bien que se destinen recursos a los hombres violentos, cuando a\u00fan no hay suficientes recursos, ni programas ni herramientas para las mujeres que padecen esa violencia.<\/p>\n<p>&nbsp;<\/p>\n<p>No obstante, se aplican tambi\u00e9n en Rosario y en C\u00f3rdoba, y la subsecretaria de la Mujer de la Municipalidad de Paran\u00e1, Graciela M\u00e1ntaras, est\u00e1 decidida a avanzar. Adem\u00e1s, cuenta con el apoyo de la presidenta del Consejo Nacional de las Mujeres, Fabiana Tu\u00f1ez, una de las fundadoras de la ONG Casa del Encuentro.<\/p>\n<p>&nbsp;<\/p>\n<p>\u201cTenemos la intenci\u00f3n de empezar lo antes posible porque entendemos que todo lo que se pueda hacer suma y sirve. La reeducaci\u00f3n emocional del hombre violento es una pata que est\u00e1 faltando\u201d, coment\u00f3 el funcionaria.<\/p>\n<p>&nbsp;<\/p>\n<p>Los hombres que formen parte de estos espacios \u201cdeber\u00e1n tener una personalidad permeable al tratamiento psicol\u00f3gico y al trabajo grupal\u201d, aclar\u00f3 M\u00e1ntaras. \u201cHay psic\u00f3patas, asesinos, femicidas, con los que no se va a trabajar, pero muchos hombres reconocen que se salen de las casillas, que hacen las cosas mal y quieren ayuda\u201d, diferenci\u00f3.<\/p>\n<p>&nbsp;<\/p>\n<p>&nbsp;<\/p>\n<p>&nbsp;<\/p>\n<p>&nbsp;<\/p>\n<p>&nbsp;<\/p>\n<p><strong>En Santa Fe<\/strong><\/p>\n<p>La experiencia que en la Municipalidad de Santa Fe llev\u00f3 adelante la funcionaria Marta Fassino, referente en pol\u00edticas de g\u00e9nero, hasta su jubilaci\u00f3n y que hoy contin\u00faa en \u00e1mbito del \u00e1rea Mujer y Diversidad Sexual de la Subsecretar\u00eda de Acci\u00f3n Social, es la que pretende replicar el gobierno paranaense.<\/p>\n<p>&nbsp;<\/p>\n<p>Se trata de una serie de talleres semanales que se iniciaron a principios de 2014, con la coordinaci\u00f3n de profesionales varones capacitados por el psic\u00f3logo Hugo Huberman, referente de la campa\u00f1a Lazo Blanco, que promueve en Argentina y Uruguay el lema \u201cVarones comprometidos con el fin de la violencia de g\u00e9nero\u201d.<\/p>\n<p>&nbsp;<\/p>\n<p>En Santa Fe en un principio, los talleres estuvieron destinados a varones que asist\u00edan de manera voluntaria, generalmente derivados por profesionales de centros de salud, fiscal\u00edas y otros organismos que interven\u00edan en los distintos casos. La participaci\u00f3n era baja e irregular y aument\u00f3 tras la firma de un acuerdo con el Poder Judicial en virtud del cual los jueces que intervienen en los casos de violencia tienen la potestad de obligar a los hombres a asistir.<\/p>\n<p>&nbsp;<\/p>\n<p>El trabajo funciona en base a dos ejes: la reeducaci\u00f3n emocional, que parte de la idea de que los hombres fueron educados para inhibir el registro de sus emociones, lo que produce un alto nivel de irritabilidad porque no logran identificar lo que les pasa y as\u00ed explota la ira y la violencia, y la responsabilidad social, ya que se considera que un hombre que ejerce violencia se reeduca cuando se hace responsable de sus actos y no delega la responsabilidad en la actitud de una mujer.<\/p>\n<p>&nbsp;<\/p>\n<p>&nbsp;<\/p>\n<p>&nbsp;<\/p>\n<p>&nbsp;<\/p>\n<p>&nbsp;<\/p>\n<p><strong>En Paran\u00e1<\/strong><\/p>\n<p>M\u00e1ntaras y su equipo de trabajo vienen reuni\u00e9ndose con los profesionales que llevan adelante el programa en Santa Fe y van conociendo en profundidad la experiencia. A la vez, planificaci\u00f3n la organizaci\u00f3n conjunta de una instancia de capacitaci\u00f3n con Huberman y su equipo, que podr\u00eda concretarse en marzo.<\/p>\n<p>&nbsp;<\/p>\n<p>\u201cEn Santa Fe ya abordaron unos 150 casos y nos cuentan que en un 80% los resultados son buenos. Miden los casos despu\u00e9s de un a\u00f1o de trabajo sostenido con cada hombre y lo registran si en ese lapso no se repiti\u00f3 ning\u00fan episodio de violencia. Ah\u00ed reci\u00e9n consideran que el var\u00f3n modific\u00f3 el manejo de sus emociones y le dan una suerte de cierre a ese espacio en el que no se habla de tratamiento ni de un alta terap\u00e9utica, sino de reeducaci\u00f3n\u201d, explic\u00f3 M\u00e1ntaras.<\/p>\n<p>&nbsp;<\/p>\n<p>&nbsp;<\/p>\n<p>&nbsp;<\/p>\n<p>&nbsp;<\/p>\n<p>&nbsp;<\/p>\n<p><strong>Presupuesto<\/strong><\/p>\n<p>En el presupuesto para el a\u00f1o que viene de la Municipalidad de Paran\u00e1 est\u00e1n previstos los fondos para capacitar a los profesionales que integrar\u00e1n esta iniciativa. A la vez, M\u00e1ntaras se reuni\u00f3 con Fabiana Tu\u00f1ez, presidenta del Consejo Nacional de las Mujeres, organismo dependiente de la Jefatura de Gabinete de la Naci\u00f3n, quien en su \u00faltima visita a Paran\u00e1 tambi\u00e9n abri\u00f3 una puerta para la obtenci\u00f3n de recursos para este proyecto.<\/p>\n<p>&nbsp;<\/p>\n<p>Tu\u00f1ez estuvo en octubre en la Casa de Gobierno para la firma de un acta acuerdo tendiente al fortalecimiento de las \u00e1reas destinadas a las mujeres en los gobiernos locales. All\u00ed, las funcionarias de las distintas municipalidades expusieron su trabajo. M\u00e1ntaras acord\u00f3 seguir avanzando en la elaboraci\u00f3n del proyecto de reeducaci\u00f3n de hombres violentos para presentarlo ante el Consejo Nacional de la Mujer y as\u00ed gestionar m\u00e1s fondos. \u201cEst\u00e1 previsto que Tu\u00f1ez vuelva a Paran\u00e1 en diciembre. Si eso no sucede, iremos nosotros a Buenos Aires\u201d, anticip\u00f3 la funcionaria.<\/p>\n<p>&nbsp;<\/p>\n<p>&nbsp;<\/p>\n<p>&nbsp;<\/p>\n<p>&nbsp;<\/p>\n<p><strong>Prejuicio de intratabilidad<\/strong><\/p>\n<p>El psic\u00f3logo Pablo Liendo insiste desde hace a\u00f1os con la necesidad de implementar desde el Estado tratamientos para los hombres violentos. Su proyecto concit\u00f3 el inter\u00e9s del gobierno provincial en la gesti\u00f3n de Sergio Urribarri y lleg\u00f3 a presentarlo ante la entonces secretaria General de la Gobernaci\u00f3n, Sigrid Kunath, y el ex ministro de Salud, Hugo Cettour, entre otras autoridades, pero la iniciativa no prosper\u00f3. Liendo, que trabaja en el Copnaf y es docente en la c\u00e1tedra de T\u00e9cnicas de Evaluaci\u00f3n de la Personalidad de la Universidad Cat\u00f3lica Argentina (UCA), asegura que hay \u201cun prejuicio de intratabilidad\u201d contra los varones violentos y contrapone: \u201cHay que detectar a los que son recuperables y obligarlos a tratarse. No sirve algo optativo. La idea es que el hombre no golpee ni agreda m\u00e1s. Hay que eliminar la violencia, no eliminar a ese hombre de su hogar, su familia y su vida\u201d.<\/p>\n<p>&nbsp;<\/p>\n<p>Sostiene el profesional que los hombres violentos no son todos iguales, sino que presentan distintos tipos de personalidad en las que lo com\u00fan es la violencia. \u201cPor eso, lo principal es comenzar con un diagn\u00f3stico y luego s\u00ed un tratamiento acorde. No hay dos clases de hombres, que son los que pegan o los que no. Pensar que los violentos son todos iguales es un error\u201d, sostiene.<\/p>\n<p>&nbsp;<\/p>\n<p>&nbsp;<\/p>\n<p>&nbsp;<\/p>\n<p>&nbsp;<\/p>\n<p><strong>\u00a0<\/strong><\/p>\n<p><strong>Conductas<\/strong><\/p>\n<p>\u201cLos psicoanalistas dir\u00e1n que si no hay demanda de tratamiento, el tratamiento es imposible, pero no est\u00e1 comprobado cient\u00edficamente que as\u00ed sea, con lo cual hay que darles a los hombres la chance de recuperarse, luego de exponerles todos los da\u00f1os que su conducta ocasiona. He tratado a hombres violentos y muchas veces ese darse cuenta del da\u00f1o causado a la gente querida con su conducta bast\u00f3 para que se registrara un cambio de actitud\u201d, agreg\u00f3 Liendo quien se anima a asegurar que \u201cla mitad de los golpeadores, con un tratamiento breve, dejar\u00edan de pegarle a la mujer\u201d.<\/p>\n<p>&nbsp;<\/p>\n<p>El psic\u00f3logo opina que se no se avanza en este sentido, nunca ser\u00e1n suficientes los refugios ni los recursos destinados a asistir a las mujeres. \u201cCon la exclusi\u00f3n se saca al hombre de la familia, pero luego forma otra pareja y ah\u00ed tambi\u00e9n ejerce violencia. O sea que un hombre que es violento con una mujer, puede terminar si\u00e9ndolo con dos o tres. Se lo excluye de una familia y termina metido en otra, sin ning\u00fan tratamiento\u201d, hizo notar.<\/p>\n<p>&nbsp;<\/p>\n<p>Liendo indica que en todos los casos de hombres violentos, hay un historial previo de violencia. O sea que los chicos que hoy est\u00e1n siendo criados por un padre violento, que les pega a ellos o a la madre son, a la vez, potenciales hombres violentos. \u201cA los chicos les arruina la psiquis ver que su padre le pega a su madre. En t\u00e9rminos ps\u00edquicos, es m\u00e1s grave para ellos que ser golpeados. En ambos casos son v\u00edctimas\u201d, se\u00f1al\u00f3.<\/p>\n<p>&nbsp;<\/p>\n<p>Finalmente, el profesional hizo notar que \u201cal excluirlo y abandonarlo a su suerte, al hombre violento se lo convierte, adem\u00e1s, en un hombre sin derechos, y todos tenemos derecho a la salud. El hombre violento es un enfermo que, a la vez, enferma a un mont\u00f3n de gente\u201d, concluy\u00f3.<\/p>\n<p>&nbsp;<\/p>\n<p>&nbsp;<\/p>\n<p>&nbsp;<\/p>\n<p>&nbsp;<\/p>\n<p><strong>Un programa provincial por ley<\/strong><\/p>\n<p>El diputado provincial Sergio Kneeteman (Cambiemos) trabaja en la elaboraci\u00f3n de un proyecto de ley tendiente a replicar en Entre R\u00edos un programa como el que se implementa en la ciudad de Santa Fe. \u201cPensamos en un programa provincial de rehabilitaci\u00f3n como los que hay para drogadependientes, pero para hombres violentos\u201d, anticip\u00f3.<\/p>\n<p>&nbsp;<\/p>\n<p>\u201cEstamos trabajando y la idea es presentarlo cuanto antes. Pensamos en grupos de 20 hombres conformados por quienes acudan por propia voluntad, m\u00e1s lo que sean enviados por la justicia, que trabajen en un formato de talleres coordinados tambi\u00e9n por hombres, para mejorar su conducta\u201d, sintetiz\u00f3. Kneeteman record\u00f3 que en los \u00faltimos d\u00edas present\u00f3 un proyecto de ley para que la provincia adhiera a las acciones de concientizaci\u00f3n sobre la violencia en las escuelas establecidas en una norma vigente a nivel nacional y un proyecto de resoluci\u00f3n que apunta a que se difunda lo que establecen dos art\u00edculos de la ley de violencia integral contra las mujeres, a la que Entre R\u00edos est\u00e1 adherida. Puntualmente, pretende Kneeteman que se d\u00e9 a conocer que es obligatorio para los agentes p\u00fablicos y privados de la salud y la educaci\u00f3n denunciar un hecho de violencia de g\u00e9nero si toman conocimiento, con identidad reservada. \u201cUna maestra que se entera por un alumno suyo que el padre le pega a la madre, puede denunciar en forma an\u00f3nima. Nadie sabe que estas herramientas est\u00e1n a disposici\u00f3n\u201d, opin\u00f3 Kneeteman. Por \u00faltimo, el legislador insisti\u00f3 con la necesidad de que se apruebe la emergencia en violencia de g\u00e9nero. \u201cEs necesario que el gobernador Gustavo Bordet entienda que tiene que poner en l\u00ednea todas las acciones que hoy son compartimentos estancos sin presupuesto. Lo poco que hay, est\u00e1 descoordinado y sin recursos\u201d, cuestion\u00f3.<\/p>\n<p>&nbsp;<\/p>\n<p>&nbsp;<\/p>\n<p>&nbsp;<\/p>\n<p>&nbsp;<\/p>\n<p><strong>\u00bfFondos para los varones?<\/strong><\/p>\n<p>Distintos grupos feministas han sido cr\u00edticos a lo largo de los a\u00f1os de las iniciativas que pretenden asistir de alguna manera a los hombres violentos. Lo que m\u00e1s se cuestiona es que, cuando a\u00fan no est\u00e1n consolidadas las pol\u00edticas de asistencia a las mujeres y siempre falta presupuesto, se destinen fondos a tratar a los varones.<\/p>\n<p>&nbsp;<\/p>\n<p>EL DIARIO consult\u00f3 a Mar\u00eda Elena Ale, dirigente feminista, activista de la organizaci\u00f3n Socorristas en red, quien describi\u00f3 al proyecto de reeducaci\u00f3n de hombres violentos como \u201cun elemento m\u00e1s de los que tiene que brindar el Estado, en un avance integral en muchos frentes\u201d.<\/p>\n<p>&nbsp;<\/p>\n<p>\u201cNo sirven las pol\u00edticas aisladas. Queremos una pol\u00edtica p\u00fablica, no programas sueltos sin correlatividad ni acciones pensadas en forma integral, ya que proyectos como este, si terminan sin presupuesto, con un sistema judicial que no entiende de qu\u00e9 se trata la violencia de g\u00e9nero y con una falta de articulaci\u00f3n real del Estado con el Estado mismo, pasan a ser un anuncio m\u00e1s de tantos que se han hecho\u201d, reflexion\u00f3.<\/p>\n<p>&nbsp;<\/p>\n<p>No obstante, Ale no se opone a programas como el que se planea implementar en Paran\u00e1 y conoce bien las experiencias de Santa Fe y de otros lugares del pa\u00eds. \u201cNo desestimo esta clase de terapias, que obviamente no son para cualquier hombre. Pero las veo como una posibilidad m\u00e1s, siempre y cuando est\u00e9n encuadradas en una pol\u00edtica de Estado\u201d.<\/p>\n<p>&nbsp;<\/p>\n<p>La dirigente insisti\u00f3 con la necesidad de que se declare la ley de emergencia en la materia, que dotar\u00eda de presupuesto a las distintas \u00e1reas y, adem\u00e1s, redundar\u00eda en una mayor coordinaci\u00f3n de las distintas acciones. \u201cEn la Subsecretar\u00eda de la Mujer de la provincia hay un equipo de cinco personas y no tienen presupuesto. En la Municipalidad capaz que son diez, tambi\u00e9n con un presupuesto \u00ednfimo. Es l\u00f3gico que se sigan muriendo mujeres\u201d, critic\u00f3.<\/p>\n<p>&nbsp;<\/p>\n<p>&nbsp;<\/p>\n<p>&nbsp;<\/p>\n<p>&nbsp;<\/p>\n<p><strong>El dato<\/strong><\/p>\n<p>Es la L\u00ednea de Atenci\u00f3n, Contenci\u00f3n e Informaci\u00f3n sobre la Violencia de G\u00e9nero. All\u00ed se puede llamar si se es v\u00edctima o testigo de una situaci\u00f3n de violencia contra las mujeres. Tambi\u00e9n se puede pedir ayuda al 911 de la Polic\u00eda de Entre R\u00edos, al 0800-888-8428 de la Direcci\u00f3n de Asistencia a la V\u00edctima, al 102 Tel\u00e9fono del Ni\u00f1o, al 4208826 de la Subsecretar\u00eda de la Mujer de la provincia y al 4344766 de la Casa de a Mujer municipal.<\/p>\n","protected":false},"excerpt":{"rendered":"<p>La Municipalidad avanza para implementar un programa similar al que se lleva adelante en Santa Fe. Un diputado trabaja en un proyecto de ley para replicar la experiencia en toda la provincia &nbsp; &nbsp; &nbsp; &nbsp; &nbsp; La habilitaci\u00f3n de un espacio para la reeducaci\u00f3n emocional de los hombres que ejercen violencia de g\u00e9nero est\u00e1 en proceso de desarrollo en la Municipalidad de Paran\u00e1. Se trata de una iniciativa en la que se viene trabajando hace meses desde la Subsecretar\u00eda de la Mujer, tomando como modelo una experiencia similar que&#8230;<\/p>\n","protected":false},"author":3,"featured_media":4813,"comment_status":"closed","ping_status":"closed","sticky":false,"template":"","format":"standard","meta":[],"categories":[15],"tags":[],"_links":{"self":[{"href":"https:\/\/www.actualidadadiario.com\/index.php\/wp-json\/wp\/v2\/posts\/4812"}],"collection":[{"href":"https:\/\/www.actualidadadiario.com\/index.php\/wp-json\/wp\/v2\/posts"}],"about":[{"href":"https:\/\/www.actualidadadiario.com\/index.php\/wp-json\/wp\/v2\/types\/post"}],"author":[{"embeddable":true,"href":"https:\/\/www.actualidadadiario.com\/index.php\/wp-json\/wp\/v2\/users\/3"}],"replies":[{"embeddable":true,"href":"https:\/\/www.actualidadadiario.com\/index.php\/wp-json\/wp\/v2\/comments?post=4812"}],"version-history":[{"count":1,"href":"https:\/\/www.actualidadadiario.com\/index.php\/wp-json\/wp\/v2\/posts\/4812\/revisions"}],"predecessor-version":[{"id":4814,"href":"https:\/\/www.actualidadadiario.com\/index.php\/wp-json\/wp\/v2\/posts\/4812\/revisions\/4814"}],"wp:featuredmedia":[{"embeddable":true,"href":"https:\/\/www.actualidadadiario.com\/index.php\/wp-json\/wp\/v2\/media\/4813"}],"wp:attachment":[{"href":"https:\/\/www.actualidadadiario.com\/index.php\/wp-json\/wp\/v2\/media?parent=4812"}],"wp:term":[{"taxonomy":"category","embeddable":true,"href":"https:\/\/www.actualidadadiario.com\/index.php\/wp-json\/wp\/v2\/categories?post=4812"},{"taxonomy":"post_tag","embeddable":true,"href":"https:\/\/www.actualidadadiario.com\/index.php\/wp-json\/wp\/v2\/tags?post=4812"}],"curies":[{"name":"wp","href":"https:\/\/api.w.org\/{rel}","templated":true}]}}