{"id":4809,"date":"2016-11-21T10:13:58","date_gmt":"2016-11-21T13:13:58","guid":{"rendered":"http:\/\/actualidadadiario.com\/site\/?p=4809"},"modified":"2016-11-21T10:13:58","modified_gmt":"2016-11-21T13:13:58","slug":"agmer-desmintio-a-frigerio","status":"publish","type":"post","link":"https:\/\/www.actualidadadiario.com\/index.php\/2016\/11\/21\/agmer-desmintio-a-frigerio\/","title":{"rendered":"Agmer desminti\u00f3 a Frigerio"},"content":{"rendered":"<p><em><strong>En una cr\u00edtica a la gesti\u00f3n anterior, el ministro hab\u00eda dicho que hab\u00eda que demoler una escuela. El gremio certific\u00f3 que no hay nada en ese sentido<\/strong><\/em><\/p>\n<p>&nbsp;<\/p>\n<p>&nbsp;<\/p>\n<p>&nbsp;<\/p>\n<p>&nbsp;<\/p>\n<p>&nbsp;<\/p>\n<p>&#8220;No se demoler\u00e1 ninguna escuela en el departamento Uruguay\u201d, hizo saber la seccional Concepci\u00f3n del Uruguay de la Asociaci\u00f3n Gremial del Magisterio de Entre R\u00edos (Agmer).<\/p>\n<p>&nbsp;<\/p>\n<p>Los paritarios de Agmer en Infraestructura hicieron saber que \u201cno existe por parte del gobierno provincial ninguna escuela que se programe demoler\u201d y de este modo desmintieron al ministro del Interior de la Naci\u00f3n, Rogelio Frigerio, que hab\u00eda declarado en una radio porte\u00f1a que \u201chab\u00eda una escuela que se estaba construyendo pero que deb\u00eda ser demolida porque se quedaron con la plata de los materiales y ahora debemos construirla nuevamente\u201d.<\/p>\n<p>&nbsp;<\/p>\n<p>Ante la grave denuncia, el viernes, en el \u00e1mbito paritario de la Comisi\u00f3n de Seguimiento de Infraestructura, se solicitaron \u201cexplicaciones y precisiones\u201d.<\/p>\n<p>&nbsp;<\/p>\n<p>En el \u00e1mbito paritario, los funcionarios de Infraestructura del CGE informaron que en realidad \u201cno existe ninguna escuela que deba demolerse sino un proyecto de nuevo edificio para la Escuela T\u00e9cnica 3, cuyo actual se encuentra en situaci\u00f3n deterioro y que es conocido como el de la escuela de t\u00e9cnicos viales de Concepci\u00f3n del Uruguay\u201d.<\/p>\n<p>&nbsp;<\/p>\n<p>\u201cDesde Agmer proseguiremos en la lucha y el reclamos por edificios en condiciones dignas, con el conocimiento concreto de la realidad concreta de la infraestructura escolar a trav\u00e9s de nuestros compa\u00f1eros en las escuelas y en conjunto con la comunidad educativa, con quienes demandamos al gobierno provincial, d\u00eda a d\u00eda, por esas condiciones y por las nuevas escuelas con sus edificios propios que hacen falta\u201d, se enfatiz\u00f3 desde la seccional que exigi\u00f3 a los funcionarios \u201cresponsabilidad en la informaci\u00f3n y que eviten hacer campa\u00f1as medi\u00e1ticas con algo tan sensible como la escuela p\u00fablica y el derecho a la educaci\u00f3n\u201d.<\/p>\n","protected":false},"excerpt":{"rendered":"<p>En una cr\u00edtica a la gesti\u00f3n anterior, el ministro hab\u00eda dicho que hab\u00eda que demoler una escuela. El gremio certific\u00f3 que no hay nada en ese sentido &nbsp; &nbsp; &nbsp; &nbsp; &nbsp; &#8220;No se demoler\u00e1 ninguna escuela en el departamento Uruguay\u201d, hizo saber la seccional Concepci\u00f3n del Uruguay de la Asociaci\u00f3n Gremial del Magisterio de Entre R\u00edos (Agmer). &nbsp; Los paritarios de Agmer en Infraestructura hicieron saber que \u201cno existe por parte del gobierno provincial ninguna escuela que se programe demoler\u201d y de este modo desmintieron al ministro del Interior&#8230;<\/p>\n","protected":false},"author":3,"featured_media":4810,"comment_status":"closed","ping_status":"closed","sticky":false,"template":"","format":"standard","meta":[],"categories":[15],"tags":[],"_links":{"self":[{"href":"https:\/\/www.actualidadadiario.com\/index.php\/wp-json\/wp\/v2\/posts\/4809"}],"collection":[{"href":"https:\/\/www.actualidadadiario.com\/index.php\/wp-json\/wp\/v2\/posts"}],"about":[{"href":"https:\/\/www.actualidadadiario.com\/index.php\/wp-json\/wp\/v2\/types\/post"}],"author":[{"embeddable":true,"href":"https:\/\/www.actualidadadiario.com\/index.php\/wp-json\/wp\/v2\/users\/3"}],"replies":[{"embeddable":true,"href":"https:\/\/www.actualidadadiario.com\/index.php\/wp-json\/wp\/v2\/comments?post=4809"}],"version-history":[{"count":1,"href":"https:\/\/www.actualidadadiario.com\/index.php\/wp-json\/wp\/v2\/posts\/4809\/revisions"}],"predecessor-version":[{"id":4811,"href":"https:\/\/www.actualidadadiario.com\/index.php\/wp-json\/wp\/v2\/posts\/4809\/revisions\/4811"}],"wp:featuredmedia":[{"embeddable":true,"href":"https:\/\/www.actualidadadiario.com\/index.php\/wp-json\/wp\/v2\/media\/4810"}],"wp:attachment":[{"href":"https:\/\/www.actualidadadiario.com\/index.php\/wp-json\/wp\/v2\/media?parent=4809"}],"wp:term":[{"taxonomy":"category","embeddable":true,"href":"https:\/\/www.actualidadadiario.com\/index.php\/wp-json\/wp\/v2\/categories?post=4809"},{"taxonomy":"post_tag","embeddable":true,"href":"https:\/\/www.actualidadadiario.com\/index.php\/wp-json\/wp\/v2\/tags?post=4809"}],"curies":[{"name":"wp","href":"https:\/\/api.w.org\/{rel}","templated":true}]}}