{"id":4806,"date":"2016-11-21T10:10:34","date_gmt":"2016-11-21T13:10:34","guid":{"rendered":"http:\/\/actualidadadiario.com\/site\/?p=4806"},"modified":"2016-11-21T10:10:34","modified_gmt":"2016-11-21T13:10:34","slug":"reabrieron-la-escuela-la-firmeza-en-la-zona-rural-de-federal","status":"publish","type":"post","link":"https:\/\/www.actualidadadiario.com\/index.php\/2016\/11\/21\/reabrieron-la-escuela-la-firmeza-en-la-zona-rural-de-federal\/","title":{"rendered":"Reabrieron la escuela La Firmeza, en la zona rural de Federal"},"content":{"rendered":"<p><em><strong>Se concret\u00f3 este fin de semana el acto de reapertura de la Escuela primaria N\u00b0 31, La Firmeza, del distrito Achira en el departamento Federal. La ceremonia estuvo encabezada por el presidente del Consejo General de Educaci\u00f3n (CGE), Jos\u00e9 Luis Panozzo, y el director departamental de Escuelas Federal, Santiago Daniel Krenz, acompa\u00f1ados de la directora del establecimiento Rosa Silva, la senadora Nancy Miranda<\/strong><\/em><\/p>\n<p>&nbsp;<\/p>\n<p>&nbsp;<\/p>\n<p>&nbsp;<\/p>\n<p>&nbsp;<\/p>\n<p>&nbsp;<\/p>\n<p>La instituci\u00f3n, ubicada en la zona rural, cuenta ahora con un edificio refaccionado para el desarrollo de las clases, facilitando el acceso a la escuela a ni\u00f1os y ni\u00f1as de la zona. Esta concreci\u00f3n es el resultado de las gestiones de las autoridades educativas y del respaldo dado por la comunidad.<\/p>\n<p>&nbsp;<\/p>\n<p>El CGE, mediante Resoluci\u00f3n N\u00ba 1363 del 20 de mayo de 2016, dispuso la reapertura de la escuela, de personal \u00fanico y alejada del radio urbano, a fin de atender las necesidades y solicitudes de las familias de la zona rural. De esta manera la escuela comenz\u00f3 a funcionar en una estancia ofrecida por una familia vecina, hasta poder contar con edificio propio.<\/p>\n<p>&nbsp;<\/p>\n<p>En la apertura de la inauguraci\u00f3n oficial, el titular del CGE dijo que ni bien recibieron la petici\u00f3n de la comunidad se pusieron a trabajar sabiendo que \u201cla pol\u00edtica de este gobierno entiende que donde haya un alumno debe haber una escuela, no importa la zona donde est\u00e9, si es rural, urbana, o de nuestras islas. Hemos tomado la decisi\u00f3n de reabrir la Escuela N\u00b0 31, por eso el agradecimiento a la familia que cedi\u00f3 el espacio para que pudiera funcionar la escuela hasta que se pusiera en condiciones este edificio, y a los supervisores. Hoy venimos a rendir cuenta de nuestro trabajo, y necesitamos llevar adelante lo que el pueblo entrerriano nos ha encomendado\u201d, dijo Panozzo.<\/p>\n<p>&nbsp;<\/p>\n<p>Tambi\u00e9n se\u00f1al\u00f3: \u201cLa escuela que hoy luce completa, equipada y refaccionada, nos otorga una inmensa alegr\u00eda, as\u00ed como tambi\u00e9n reconocemos y nos inspira el trabajo diario, comprometido y silencioso de los docentes que se levantan d\u00eda a d\u00eda pensando en c\u00f3mo llegar a las escuelas a transmitir el conocimiento, a ense\u00f1ar. Asimismo, nos contenta que los alumnos de esta escuela que reabrimos, hoy puedan acceder a ella en bicicleta, estando presentes con la mayor cantidad de recursos y en igualdad de oportunidades. Felicito a las familias que hoy est\u00e1n acompa\u00f1ando este proceso y a todos los presentes y a quienes hay hecho posible esta realidad. Mientras tengamos educaci\u00f3n podremos asegurarnos el futuro, no hay futuro sin educaci\u00f3n, es el pilar fundamental del desarrollo de nuestros pueblos\u201d.<\/p>\n<p>&nbsp;<\/p>\n<p>Por su parte, Santiago Krenz agradeci\u00f3 a la comunidad por estar presente activamente, destacando tambi\u00e9n el esfuerzo y tiempo brindado por funcionarios y autoridades con el objetivo de alcanzar una educaci\u00f3n de calidad.<\/p>\n<p>&nbsp;<\/p>\n<p>A su vez, la directora de la escuela Rosa Silva manifest\u00f3 su felicidad y agradeci\u00f3 a todas las autoridades que estuvieron presentes en la inauguraci\u00f3n y reapertura oficial; a su supervisora, Prof. Mar\u00eda In\u00e9s C\u00f3rdoba y al director departamental Prof. Santiago Daniel Krenz, por atender las demandas de los padres y las madres, quienes depositaron su confianza en las autoridades dando legitimidad social y forma a un reclamo colectivo. \u201cSe trata del derecho de nuestros estudiantes. Hoy hay un Estado entrerriano que pone o\u00eddos, coraz\u00f3n y cuerpo. En nombre de la comunidad, muchas gracias por apostar a la igualdad social, por atender las peticiones educativas de la poblaci\u00f3n y asegurar que nuestros gurises completen sus trayectorias escolares en territorio rural\u201d, sostuvo emocionadamente.<\/p>\n<p>&nbsp;<\/p>\n<p>En tanto la senadora Nancy Miranda habl\u00f3 de la enorme satisfacci\u00f3n por el resultado positivo posibilitado por las acciones comprometidas del gobierno, agradeci\u00f3 a las autoridades y felicit\u00f3 a la comunidad por el inter\u00e9s en que se concrete el reclamo.<\/p>\n<p>&nbsp;<\/p>\n<p>&nbsp;<\/p>\n<p>&nbsp;<\/p>\n<p>&nbsp;<\/p>\n<p>&nbsp;<\/p>\n<p>&nbsp;<\/p>\n<p><strong>El recorrido <\/strong><\/p>\n<p>Una de las razones principales que llev\u00f3 a la reapertura fue, precisamente, que los motivos por los cuales hab\u00eda sido cerrada, como la insuficiente matr\u00edcula, ya no exist\u00edan. La situaci\u00f3n de las familias fue cambiando, vi\u00e9ndose obligadas a enviar a sus hijos en edad escolar a establecimientos muy distantes.<\/p>\n<p>&nbsp;<\/p>\n<p>En 2014, la comunidad comenz\u00f3 a acercarse a la departamental de escuelas, manifestando sus inquietudes y preocupaciones por no contar con una escuela cercana para enviar a sus hijos. Las actuales gestiones tomaron contacto con el expediente donde se hab\u00eda registrado el reclamo, y realizaron las acciones pertinentes para la reapertura.<\/p>\n<p>&nbsp;<\/p>\n<p>Daniel Krenz cont\u00f3 que las condiciones para reabrirla eran favorables, ya que el CGE realiz\u00f3 un relevamiento por medio del supervisor escolar, arrojando como resultado que en la actualidad exist\u00edan alumnos de Nivel Inicial y Primario con la necesidad de escolarizarse en un establecimiento cercano a sus domicilios. Se suma a esto el apoyo de las familias y la existencia de un cargo reservado de Director de Personal \u00danico en la Direcci\u00f3n de Educaci\u00f3n Primaria; s\u00f3lo faltaba la decisi\u00f3n pol\u00edtica de reparaci\u00f3n de la escuela.<\/p>\n<p>&nbsp;<\/p>\n<p>En este marco, qued\u00f3 en evidencia la importancia de la reapertura de esta entidad educativa para los pobladores de esta zona rural del Departamento Federal, de manera tal que la Resoluci\u00f3n del CGE N\u00ba 1363 fue destacada y declarada de inter\u00e9s por la C\u00e1mara de Senadores de Entre R\u00edos.<\/p>\n","protected":false},"excerpt":{"rendered":"<p>Se concret\u00f3 este fin de semana el acto de reapertura de la Escuela primaria N\u00b0 31, La Firmeza, del distrito Achira en el departamento Federal. La ceremonia estuvo encabezada por el presidente del Consejo General de Educaci\u00f3n (CGE), Jos\u00e9 Luis Panozzo, y el director departamental de Escuelas Federal, Santiago Daniel Krenz, acompa\u00f1ados de la directora del establecimiento Rosa Silva, la senadora Nancy Miranda &nbsp; &nbsp; &nbsp; &nbsp; &nbsp; La instituci\u00f3n, ubicada en la zona rural, cuenta ahora con un edificio refaccionado para el desarrollo de las clases, facilitando el acceso&#8230;<\/p>\n","protected":false},"author":3,"featured_media":4807,"comment_status":"closed","ping_status":"closed","sticky":false,"template":"","format":"standard","meta":[],"categories":[15],"tags":[],"_links":{"self":[{"href":"https:\/\/www.actualidadadiario.com\/index.php\/wp-json\/wp\/v2\/posts\/4806"}],"collection":[{"href":"https:\/\/www.actualidadadiario.com\/index.php\/wp-json\/wp\/v2\/posts"}],"about":[{"href":"https:\/\/www.actualidadadiario.com\/index.php\/wp-json\/wp\/v2\/types\/post"}],"author":[{"embeddable":true,"href":"https:\/\/www.actualidadadiario.com\/index.php\/wp-json\/wp\/v2\/users\/3"}],"replies":[{"embeddable":true,"href":"https:\/\/www.actualidadadiario.com\/index.php\/wp-json\/wp\/v2\/comments?post=4806"}],"version-history":[{"count":1,"href":"https:\/\/www.actualidadadiario.com\/index.php\/wp-json\/wp\/v2\/posts\/4806\/revisions"}],"predecessor-version":[{"id":4808,"href":"https:\/\/www.actualidadadiario.com\/index.php\/wp-json\/wp\/v2\/posts\/4806\/revisions\/4808"}],"wp:featuredmedia":[{"embeddable":true,"href":"https:\/\/www.actualidadadiario.com\/index.php\/wp-json\/wp\/v2\/media\/4807"}],"wp:attachment":[{"href":"https:\/\/www.actualidadadiario.com\/index.php\/wp-json\/wp\/v2\/media?parent=4806"}],"wp:term":[{"taxonomy":"category","embeddable":true,"href":"https:\/\/www.actualidadadiario.com\/index.php\/wp-json\/wp\/v2\/categories?post=4806"},{"taxonomy":"post_tag","embeddable":true,"href":"https:\/\/www.actualidadadiario.com\/index.php\/wp-json\/wp\/v2\/tags?post=4806"}],"curies":[{"name":"wp","href":"https:\/\/api.w.org\/{rel}","templated":true}]}}