{"id":4803,"date":"2016-11-21T10:07:15","date_gmt":"2016-11-21T13:07:15","guid":{"rendered":"http:\/\/actualidadadiario.com\/site\/?p=4803"},"modified":"2019-05-06T20:57:44","modified_gmt":"2019-05-06T23:57:44","slug":"como-sera-la-cfk-convocatoria-federal-kirchnerista-del-7-de-diciembre","status":"publish","type":"post","link":"https:\/\/www.actualidadadiario.com\/index.php\/2016\/11\/21\/como-sera-la-cfk-convocatoria-federal-kirchnerista-del-7-de-diciembre\/","title":{"rendered":"\u00bfC\u00f3mo ser\u00e1 la CFK &#8211; Convocatoria Federal Kirchnerista &#8211; del 7 de diciembre?"},"content":{"rendered":"<p><em><strong>A un a\u00f1o del fin de su segundo mandato, la ex presidenta realizar\u00e1 un encuentro con dirigentes de cara al electoral 2017. Conoc\u00e9 los detalles<\/strong><\/em><\/p>\n<p>&nbsp;<\/p>\n<p>&nbsp;<\/p>\n<p>&nbsp;<\/p>\n<p>&nbsp;<\/p>\n<p>&nbsp;<\/p>\n<p>El pr\u00f3ximo 7 de diciembre no habr\u00e1 acto ni movilizaci\u00f3n sino una reuni\u00f3n de CFK con 2000 dirigentes en una convocatoria federal kirchnerista. La misma juega con las siglas del nombre de la l\u00edder kirchnerista (CFK) y reunir\u00e1 a las distintas organizaciones que se mantienen fieles a su conducci\u00f3n: La C\u00e1mpora, Nuevo Encuentro (Sabbatella\/Cerruti), Kolina (Castagnetto), Miles (D\u2019El\u00eda\/Mariotto), Peronismo Militante (H\u00e9ctor \u201cGallego\u201d Fern\u00e1ndez), Movimiento Nacional Alfonsinista (Moreau), Los Irrompibles (Leandro Santoro), PCCE (Partido Comunista Congreso Extraordinario, Pablo Pereyra), Partido Solidario (Heller), Corriente de la Militancia (Filmus\/Rossi), y otras. Participar\u00e1n intendentes leales como Jorge Ferraresi, Jorge Capitanich, Mario Secco, Patricio Mussi. Tambi\u00e9n sectores sindicales como el de V\u00edctor Santa Mar\u00eda (Suterh\/GrupoOctubre), el Frente Transversal (Depetri\/Laborde), la CTA de Hugo Yasky, representantes de la Corriente Federal Sindical, la Corriente Nacional de Cooperativas de Trabajo y dirigentes de f\u00e1bricas recuperadas.<\/p>\n<p>&nbsp;<\/p>\n<p>La fecha elegida es el 7 de diciembre, y si bien no hay nada confirmado oficialmente, se habla de Parque Norte o de Costa Salguero.<\/p>\n<p>&nbsp;<\/p>\n<p>Uno de los objetivos que subyace a la convocatoria es constituir un espacio propio y organizado desde el cual confluir en una futura unidad con el PJ de cara a las pr\u00f3ximas elecciones, en momentos en que se est\u00e1 disputando al interior del peronismo bonaerense qui\u00e9nes ser\u00e1n los apoderados encargados de armar las listas para 2017 (hoy son Jorge Landau, Wado de Pedro y Fernando Espinoza, pero los intendentes del PJ tradicional pretenden ampliar la lista para estar m\u00e1s representados, rest\u00e1ndosela al cristinismo).<\/p>\n","protected":false},"excerpt":{"rendered":"<p>A un a\u00f1o del fin de su segundo mandato, la ex presidenta realizar\u00e1 un encuentro con dirigentes de cara al electoral 2017. Conoc\u00e9 los detalles &nbsp; &nbsp; &nbsp; &nbsp; &nbsp; El pr\u00f3ximo 7 de diciembre no habr\u00e1 acto ni movilizaci\u00f3n sino una reuni\u00f3n de CFK con 2000 dirigentes en una convocatoria federal kirchnerista. La misma juega con las siglas del nombre de la l\u00edder kirchnerista (CFK) y reunir\u00e1 a las distintas organizaciones que se mantienen fieles a su conducci\u00f3n: La C\u00e1mpora, Nuevo Encuentro (Sabbatella\/Cerruti), Kolina (Castagnetto), Miles (D\u2019El\u00eda\/Mariotto), Peronismo Militante&#8230;<\/p>\n","protected":false},"author":3,"featured_media":4804,"comment_status":"closed","ping_status":"closed","sticky":false,"template":"","format":"standard","meta":[],"categories":[18],"tags":[],"_links":{"self":[{"href":"https:\/\/www.actualidadadiario.com\/index.php\/wp-json\/wp\/v2\/posts\/4803"}],"collection":[{"href":"https:\/\/www.actualidadadiario.com\/index.php\/wp-json\/wp\/v2\/posts"}],"about":[{"href":"https:\/\/www.actualidadadiario.com\/index.php\/wp-json\/wp\/v2\/types\/post"}],"author":[{"embeddable":true,"href":"https:\/\/www.actualidadadiario.com\/index.php\/wp-json\/wp\/v2\/users\/3"}],"replies":[{"embeddable":true,"href":"https:\/\/www.actualidadadiario.com\/index.php\/wp-json\/wp\/v2\/comments?post=4803"}],"version-history":[{"count":1,"href":"https:\/\/www.actualidadadiario.com\/index.php\/wp-json\/wp\/v2\/posts\/4803\/revisions"}],"predecessor-version":[{"id":4805,"href":"https:\/\/www.actualidadadiario.com\/index.php\/wp-json\/wp\/v2\/posts\/4803\/revisions\/4805"}],"wp:featuredmedia":[{"embeddable":true,"href":"https:\/\/www.actualidadadiario.com\/index.php\/wp-json\/wp\/v2\/media\/4804"}],"wp:attachment":[{"href":"https:\/\/www.actualidadadiario.com\/index.php\/wp-json\/wp\/v2\/media?parent=4803"}],"wp:term":[{"taxonomy":"category","embeddable":true,"href":"https:\/\/www.actualidadadiario.com\/index.php\/wp-json\/wp\/v2\/categories?post=4803"},{"taxonomy":"post_tag","embeddable":true,"href":"https:\/\/www.actualidadadiario.com\/index.php\/wp-json\/wp\/v2\/tags?post=4803"}],"curies":[{"name":"wp","href":"https:\/\/api.w.org\/{rel}","templated":true}]}}