{"id":4797,"date":"2016-11-21T09:59:40","date_gmt":"2016-11-21T12:59:40","guid":{"rendered":"http:\/\/actualidadadiario.com\/site\/?p=4797"},"modified":"2016-11-21T09:59:40","modified_gmt":"2016-11-21T12:59:40","slug":"salud-recuerda-las-vacunas-que-deben-aplicarse-en-viajes-al-exterior","status":"publish","type":"post","link":"https:\/\/www.actualidadadiario.com\/index.php\/2016\/11\/21\/salud-recuerda-las-vacunas-que-deben-aplicarse-en-viajes-al-exterior\/","title":{"rendered":"Salud recuerda las vacunas que deben aplicarse en viajes al exterior"},"content":{"rendered":"<p><em><strong>Se acercan las vacaciones y muchas personas ya est\u00e1n evaluando destinos tur\u00edsticos para descansar. La provincia, a trav\u00e9s del Ministerio de Salud, recomienda a los viajeros tener en cuenta cuidados generales y medidas preventivas a la hora de salir del pa\u00eds, sobre todo aplicarse las vacunas seg\u00fan la zona que visitar\u00e1n<\/strong><\/em><\/p>\n<p>&nbsp;<\/p>\n<p>&nbsp;<\/p>\n<p>&nbsp;<\/p>\n<p>&nbsp;<\/p>\n<p>&nbsp;<\/p>\n<p>A la hora de planear las vacaciones, todos pensamos en el destino, el modo de transporte, el alojamiento, y lo que debemos cargar en las valijas. Pero, para lograr tener un viaje pleno y saludable, no hay que olvidarse de las medidas de prevenci\u00f3n antes de salir del pa\u00eds. Esto tiene que ver con los cuidados y controles de salud y la aplicaci\u00f3n de vacunas requeridas. La consulta m\u00e9dica oportuna antes de viajar es la forma m\u00e1s sencilla y eficaz de prevenci\u00f3n ante distintas enfermedades o complicaciones de la salud.<\/p>\n<p>&nbsp;<\/p>\n<p>Si bien en Brasil no se exige Certificado Internacional de Vacunas ni de Profilaxis para el ingreso de los turistas, es necesario que los menores de 50 a\u00f1os tengan aplicada por lo menos una dosis de vacuna doble viral (para sarampi\u00f3n y rub\u00e9ola) o triple viral (sarampi\u00f3n, rub\u00e9ola y paperas). En el caso de los ni\u00f1os, desde el Ministerio de Salud de Entre R\u00edos, se recomienda verificar tener el esquema completo de estas vacunas (las cuales son obligatorias y se aplican al a\u00f1o de vida y un refuerzo a los 11 a\u00f1os) y el calendario nacional de vacunaci\u00f3n al d\u00eda.<\/p>\n<p>&nbsp;<\/p>\n<p>En los efectores provinciales con vacunatorios, otra de las vacunas disponibles de forma gratuita para todas las edades es la que protege contra la Hepatitis B, la cual tambi\u00e9n est\u00e1 recomendada en caso de salidas del pa\u00eds.<\/p>\n<p>&nbsp;<\/p>\n<p>En todos los casos, y a modo de prevenci\u00f3n, el Ministerio de Salud recomienda la realizaci\u00f3n de una consulta m\u00e9dica oportuna, antes de viajar.<\/p>\n<p>&nbsp;<\/p>\n<p>&nbsp;<\/p>\n<p>&nbsp;<\/p>\n<p>&nbsp;<\/p>\n<p><strong>Fiebre amarilla <\/strong><\/p>\n<p>La fiebre amarilla es una enfermedad causada por un virus que se transmite a trav\u00e9s de la picadura del mosquito Aedes aegypti, el mismo que transmite dengue, zika y chikungunya, en regiones tropicales.<\/p>\n<p>&nbsp;<\/p>\n<p>A diferencia de a\u00f1os anteriores en los que s\u00ed hubo registros, no se han encontrado casos de fiebre amarilla en la costa de Brasil (Capao de Canoa, Torres, Tramandai, Camboriu, Bombas, Bombhina, Florian\u00f3polis, Garopaba, Imbituba, Itapema, Laguna Porto Belo, Praia Grande) y las ciudades de R\u00edo de Janeiro, San Pablo, San Salvador, Recife y Fortaleza, por lo tanto, si se viaja en vuelo directo, no se recomienda la vacunaci\u00f3n.<\/p>\n<p>&nbsp;<\/p>\n<p>De todos modos, es necesario tener en cuenta que si el traslado es por tierra, probablemente, los viajeros pasen por estados como Santa Catarina, Mato Groso do Sur y R\u00edo Grande Do Sur, que s\u00ed presentan riesgo de fiebre amarilla, y por lo tanto, se recomienda evaluar la vacunaci\u00f3n dependiendo del tiempo de permanencia y caracter\u00edstica del viaje.<\/p>\n<p>&nbsp;<\/p>\n<p>La aplicaci\u00f3n de la vacuna contra la fiebre amarilla se realiza en unidades sanitarias con servicio de vacunaci\u00f3n gratuita. En Entre R\u00edos se puede acudir a las localidades de: Gualeguaych\u00fa en calle Pasteur 50; Concepci\u00f3n del Uruguay en Per\u00fa 219; Concordia en Pellegrini 780; y Paran\u00e1 en Rosario del Tala 609, as\u00ed como en los hospitales San Mart\u00edn, de lunes a viernes 7 a 13 horas, y San Roque, de lunes a viernes de 7 a 18 horas.<\/p>\n<p>&nbsp;<\/p>\n<p>&nbsp;<\/p>\n<p>&nbsp;<\/p>\n<p>&nbsp;<\/p>\n<p><strong>Recomendaciones generales <\/strong><\/p>\n<p>Para las familias o personas que est\u00e9n planeando un viaje de placer en vacaciones de verano, la cartera sanitaria recuerda algunas medidas de prevenci\u00f3n de la salud:<\/p>\n<p>&nbsp;<\/p>\n<p>-Incluir entre los documentos de identificaci\u00f3n, un carnet identificatorio detallando las enfermedades que padece y el listado de los medicamentos que toma a diario o eventuales.<\/p>\n<p>&nbsp;<\/p>\n<p>-Consultar a un m\u00e9dico entre 4 a 8 semanas antes de viajar para realizar un chequeo de la salud en general y odontol\u00f3gico.<\/p>\n<p>&nbsp;<\/p>\n<p>-Evitar viajar enfermo.<\/p>\n<p>&nbsp;<\/p>\n<p>-Armar un botiqu\u00edn de viaje: medicaci\u00f3n habitual (con receta original para toda la estad\u00eda m\u00e1s una semana), repelente de insectos, alcohol en gel, antis\u00e9ptico, protector solar, gasas, ap\u00f3sitos, term\u00f3metro, analg\u00e9sicos, antial\u00e9rgicos, sales de rehidrataci\u00f3n oral. Es necesario tener en cuenta que puede ser dificultoso conseguir medicamentos que se utilizan en forma habitual.<\/p>\n<p>&nbsp;<\/p>\n<p>-Utilizar repelente contra insectos para evitar la picadura. Renovar cada tres horas o despu\u00e9s de ingresar al agua.<\/p>\n<p>-Usar protector solar con filtro mayor a 15 y no exponerse en horas no recomendadas (de 11 a 16).<\/p>\n<p>&nbsp;<\/p>\n<p>-Usar preservativo, para evitar infecciones de transmisi\u00f3n sexual.<\/p>\n<p>&nbsp;<\/p>\n<p>-Consultar con la obra social o seguro de viajero cu\u00e1l es la cobertura fuera del pa\u00eds.<\/p>\n<p>&nbsp;<\/p>\n<p>-Durante el viaje, comer liviano, evitar tomar alcohol y llevar ropa adecuada al clima del lugar de destino.<\/p>\n<p>&nbsp;<\/p>\n<p>Ante cualquier duda, consultar en el efector m\u00e1s cercano o en la Direcci\u00f3n de Epidemiolog\u00eda del Ministerio de Salud, ubicada en calle 25 de mayo 139, o telef\u00f3nicamente: 0343-4209652.<\/p>\n","protected":false},"excerpt":{"rendered":"<p>Se acercan las vacaciones y muchas personas ya est\u00e1n evaluando destinos tur\u00edsticos para descansar. La provincia, a trav\u00e9s del Ministerio de Salud, recomienda a los viajeros tener en cuenta cuidados generales y medidas preventivas a la hora de salir del pa\u00eds, sobre todo aplicarse las vacunas seg\u00fan la zona que visitar\u00e1n &nbsp; &nbsp; &nbsp; &nbsp; &nbsp; A la hora de planear las vacaciones, todos pensamos en el destino, el modo de transporte, el alojamiento, y lo que debemos cargar en las valijas. Pero, para lograr tener un viaje pleno y&#8230;<\/p>\n","protected":false},"author":3,"featured_media":4798,"comment_status":"closed","ping_status":"closed","sticky":false,"template":"","format":"standard","meta":[],"categories":[15],"tags":[],"_links":{"self":[{"href":"https:\/\/www.actualidadadiario.com\/index.php\/wp-json\/wp\/v2\/posts\/4797"}],"collection":[{"href":"https:\/\/www.actualidadadiario.com\/index.php\/wp-json\/wp\/v2\/posts"}],"about":[{"href":"https:\/\/www.actualidadadiario.com\/index.php\/wp-json\/wp\/v2\/types\/post"}],"author":[{"embeddable":true,"href":"https:\/\/www.actualidadadiario.com\/index.php\/wp-json\/wp\/v2\/users\/3"}],"replies":[{"embeddable":true,"href":"https:\/\/www.actualidadadiario.com\/index.php\/wp-json\/wp\/v2\/comments?post=4797"}],"version-history":[{"count":1,"href":"https:\/\/www.actualidadadiario.com\/index.php\/wp-json\/wp\/v2\/posts\/4797\/revisions"}],"predecessor-version":[{"id":4799,"href":"https:\/\/www.actualidadadiario.com\/index.php\/wp-json\/wp\/v2\/posts\/4797\/revisions\/4799"}],"wp:featuredmedia":[{"embeddable":true,"href":"https:\/\/www.actualidadadiario.com\/index.php\/wp-json\/wp\/v2\/media\/4798"}],"wp:attachment":[{"href":"https:\/\/www.actualidadadiario.com\/index.php\/wp-json\/wp\/v2\/media?parent=4797"}],"wp:term":[{"taxonomy":"category","embeddable":true,"href":"https:\/\/www.actualidadadiario.com\/index.php\/wp-json\/wp\/v2\/categories?post=4797"},{"taxonomy":"post_tag","embeddable":true,"href":"https:\/\/www.actualidadadiario.com\/index.php\/wp-json\/wp\/v2\/tags?post=4797"}],"curies":[{"name":"wp","href":"https:\/\/api.w.org\/{rel}","templated":true}]}}