{"id":4791,"date":"2016-11-21T09:57:39","date_gmt":"2016-11-21T12:57:39","guid":{"rendered":"http:\/\/actualidadadiario.com\/site\/?p=4791"},"modified":"2016-11-21T09:57:39","modified_gmt":"2016-11-21T12:57:39","slug":"potencian-la-cadena-de-valor-avicola-con-nuevas-inversiones","status":"publish","type":"post","link":"https:\/\/www.actualidadadiario.com\/index.php\/2016\/11\/21\/potencian-la-cadena-de-valor-avicola-con-nuevas-inversiones\/","title":{"rendered":"Potencian la cadena de valor av\u00edcola con nuevas inversiones"},"content":{"rendered":"<p><em><strong>La planta de incubaci\u00f3n y granjas Cobb, ubicada en Santa Elena, proyecta duplicar su producci\u00f3n progresivamente en 10 a\u00f1os. El gobernador Gustavo Bordet visit\u00f3 la firma junto al intendente de la localidad, Silvio Moreyra, donde fue recibido por su presidente, Joaqu\u00edn De Grazia. El 66 %de la avicultura nacional depende de la gen\u00e9tica que se produce en Santa Elena<\/strong><\/em><\/p>\n<p>&nbsp;<\/p>\n<p>&nbsp;<\/p>\n<p>&nbsp;<\/p>\n<p>&nbsp;<\/p>\n<p>&nbsp;<\/p>\n<p>El gobernador destac\u00f3 que la empresa \u201cviene creciendo, con una curva de crecimiento importante anual. Hoy la granja est\u00e1 al l\u00edmite y se necesita resolver la situaci\u00f3n judicial de las tierras que est\u00e1n enfrente, lo que estamos a punto de lograr para que la granja pueda seguir con su proyecto de expansi\u00f3n y pueda generar m\u00e1s fuente de trabajo\u201d.<\/p>\n<p>&nbsp;<\/p>\n<p>La producci\u00f3n av\u00edcola es una de las cadenas de valor m\u00e1s importantes de Entre R\u00edos, de la que dependen miles de puestos de trabajo. \u201cPor eso venimos construyendo junto a los representantes del sector un di\u00e1logo a fin de llevar soluciones ante cada inconvenientes que se viene registrando\u201d, dijo el mandatario.<\/p>\n<p>&nbsp;<\/p>\n<p>\u201cQueremos cuidar a cada una de esas familias entrerrianas, sus fuentes de ingreso, porque el trabajo es dignidad; y queremos que la producci\u00f3n av\u00edcola contin\u00fae siendo una marca distintiva de Entre R\u00edos, que siga creciendo y agregando valor.&#8221;<\/p>\n<p>&nbsp;<\/p>\n<p>\u201cTrabajamos para garantizar la sostenibilidad de las econom\u00edas regionales, porque de eso depende que podamos avanzar hacia el complejo agroalimentario que queremos\u201d, agreg\u00f3.<\/p>\n<p>&nbsp;<\/p>\n<p>&nbsp;<\/p>\n<p>&nbsp;<\/p>\n<p>&nbsp;<\/p>\n<p>&nbsp;<\/p>\n<p>&nbsp;<\/p>\n<p><strong>Proyecciones <\/strong><\/p>\n<p>La planta Reproductores Cobb SA produce padres reproductores de l\u00ednea Cobb y \u201cel proyecto es de crecimiento de entre 7 y 10 por ciento anual, a 10 a\u00f1os\u201d, explic\u00f3 De Grazia, quien agreg\u00f3 que la ampliaci\u00f3n incluye \u201cnuevas granjas de recr\u00eda, granja de postura y planta de incubaci\u00f3n\u201d.<\/p>\n<p>En este sentido, indic\u00f3 que el 66 por ciento de la avicultura nacional depende de la gen\u00e9tica que se produce en Santa Elena. Destac\u00f3 que \u201ceste proyecto le traer\u00eda mayor mano de obra ocupada a la localidad. Hoy tiene 180 empleados en relaci\u00f3n de dependencia y el objetivo es llevarlo en 10 a\u00f1os a duplicar su capacidad con la incorporaci\u00f3n de 100 personas m\u00e1s en una primera evaluaci\u00f3n durante los 10 a\u00f1os\u201d.<\/p>\n<p>&nbsp;<\/p>\n<p>Agreg\u00f3 que la planta este a\u00f1o producir\u00e1 \u201ccinco millones de reproductores padres aproximadamente, destinados a la producci\u00f3n de pollitos beb\u00e9 para la producci\u00f3n de pollos como alimento\u201d.<\/p>\n<p>&nbsp;<\/p>\n<p>\u201cDesde el gobierno de la provincia y el municipal nos sentimos acompa\u00f1ados y completamente reconocidos como necesarios para una provincia que tiene liderazgo de la avicultura del pa\u00eds\u201d, puntualiz\u00f3 el empresario.<\/p>\n<p>\u201cEl sector av\u00edcola est\u00e1 golpeado pero reacciona con mucha rapidez. Est\u00e1 dando se\u00f1ales de recuperaci\u00f3n y nos va a venir muy bien sobre todo en una provincia que tiene el 52% de la producci\u00f3n av\u00edcola del pa\u00eds\u201d, agreg\u00f3.<\/p>\n<p>&nbsp;<\/p>\n<p>&nbsp;<\/p>\n<p>&nbsp;<\/p>\n<p>&nbsp;<\/p>\n<p>&nbsp;<\/p>\n<p><strong>M\u00e1s trabajo <\/strong><\/p>\n<p>En tanto, el intendente Sergio Moreyra se\u00f1al\u00f3 que se est\u00e1 trabajando por la reactivaci\u00f3n y crecimiento de la econom\u00eda de Santa Elena, \u201ceste es el problema a resolver y es un problema de todos\u201d.<\/p>\n<p>&nbsp;<\/p>\n<p>En ese sentido, apunt\u00f3 que \u201cla empresa tiene expectativas de crecimiento si conseguimos recuperar el terreno y puede crecer un 50 por ciento la producci\u00f3n que tiene hoy Cobb y crecer\u00eda la capacidad de trabajo que dar\u00eda la Granja Tres Arroyos entre los a\u00f1os 2017 y 2018; este es el desaf\u00edo\u201d.<\/p>\n","protected":false},"excerpt":{"rendered":"<p>La planta de incubaci\u00f3n y granjas Cobb, ubicada en Santa Elena, proyecta duplicar su producci\u00f3n progresivamente en 10 a\u00f1os. El gobernador Gustavo Bordet visit\u00f3 la firma junto al intendente de la localidad, Silvio Moreyra, donde fue recibido por su presidente, Joaqu\u00edn De Grazia. El 66 %de la avicultura nacional depende de la gen\u00e9tica que se produce en Santa Elena &nbsp; &nbsp; &nbsp; &nbsp; &nbsp; El gobernador destac\u00f3 que la empresa \u201cviene creciendo, con una curva de crecimiento importante anual. Hoy la granja est\u00e1 al l\u00edmite y se necesita resolver la&#8230;<\/p>\n","protected":false},"author":3,"featured_media":4792,"comment_status":"closed","ping_status":"closed","sticky":false,"template":"","format":"standard","meta":[],"categories":[9],"tags":[],"_links":{"self":[{"href":"https:\/\/www.actualidadadiario.com\/index.php\/wp-json\/wp\/v2\/posts\/4791"}],"collection":[{"href":"https:\/\/www.actualidadadiario.com\/index.php\/wp-json\/wp\/v2\/posts"}],"about":[{"href":"https:\/\/www.actualidadadiario.com\/index.php\/wp-json\/wp\/v2\/types\/post"}],"author":[{"embeddable":true,"href":"https:\/\/www.actualidadadiario.com\/index.php\/wp-json\/wp\/v2\/users\/3"}],"replies":[{"embeddable":true,"href":"https:\/\/www.actualidadadiario.com\/index.php\/wp-json\/wp\/v2\/comments?post=4791"}],"version-history":[{"count":1,"href":"https:\/\/www.actualidadadiario.com\/index.php\/wp-json\/wp\/v2\/posts\/4791\/revisions"}],"predecessor-version":[{"id":4793,"href":"https:\/\/www.actualidadadiario.com\/index.php\/wp-json\/wp\/v2\/posts\/4791\/revisions\/4793"}],"wp:featuredmedia":[{"embeddable":true,"href":"https:\/\/www.actualidadadiario.com\/index.php\/wp-json\/wp\/v2\/media\/4792"}],"wp:attachment":[{"href":"https:\/\/www.actualidadadiario.com\/index.php\/wp-json\/wp\/v2\/media?parent=4791"}],"wp:term":[{"taxonomy":"category","embeddable":true,"href":"https:\/\/www.actualidadadiario.com\/index.php\/wp-json\/wp\/v2\/categories?post=4791"},{"taxonomy":"post_tag","embeddable":true,"href":"https:\/\/www.actualidadadiario.com\/index.php\/wp-json\/wp\/v2\/tags?post=4791"}],"curies":[{"name":"wp","href":"https:\/\/api.w.org\/{rel}","templated":true}]}}