{"id":4788,"date":"2016-11-21T09:56:40","date_gmt":"2016-11-21T12:56:40","guid":{"rendered":"http:\/\/actualidadadiario.com\/site\/?p=4788"},"modified":"2016-11-21T09:56:40","modified_gmt":"2016-11-21T12:56:40","slug":"circunstancias-extraordinarias","status":"publish","type":"post","link":"https:\/\/www.actualidadadiario.com\/index.php\/2016\/11\/21\/circunstancias-extraordinarias\/","title":{"rendered":"&#8220;Circunstancias extraordinarias&#8221;"},"content":{"rendered":"<p><em><strong>El jefe de la Polic\u00eda Federal, N\u00e9stor \u00a0Roncaglia, dijo que los efectivos que intervinieron en la investigaci\u00f3n del secuestro del taxista Alberto Sarubbi, asesinado el jueves pasado en la localidad bonaerense de Ciudad Evita, actuaron ante una situaci\u00f3n &#8220;inusual&#8221; y &#8220;extra\u00f1a&#8221; en la que ocurrieron &#8220;circunstancias extraordinarias&#8221; que llevaron a la muerte de la v\u00edctima<\/strong><\/em><\/p>\n<p>&nbsp;<\/p>\n<p>&nbsp;<\/p>\n<p>&nbsp;<\/p>\n<p>&nbsp;<\/p>\n<p>&nbsp;<\/p>\n<p>&nbsp;<\/p>\n<p>&nbsp;<\/p>\n<p>En tanto, los cuatro sospechosos apresados ayer en el marco de esta causa declaraban esta tarde ante la Justicia.<\/p>\n<p>&nbsp;<\/p>\n<p>&#8220;Desde la instituci\u00f3n, lamento el resultado, y lamento la muerte de este hombre como ser humano. El personal de antisecuestros nunca quiso este resultado&#8221;, dijo en declaraciones a radio La Red el comisario general Roncaglia, quien remarc\u00f3 que &#8220;el objetivo era rescatar con vida&#8221; al taxista cautivo.<\/p>\n<p>&nbsp;<\/p>\n<p>Sobre el hecho, el jefe policial record\u00f3 que la fuerza &#8220;tom\u00f3 conocimiento por medio de un llamado telef\u00f3nico&#8221;, que luego &#8220;se contact\u00f3 con los dos hijos del taxista, que ya ven\u00edan negociando el pago del rescate&#8221; y que cuando los captores les dijeron &#8220;que vayan a provincia se le dio intervenci\u00f3n a antisecuestros y se le inform\u00f3 al fiscal (Carlos) Stornelli&#8221;.<\/p>\n<p>&nbsp;<\/p>\n<p>Roncaglia se\u00f1al\u00f3 que el fiscal sigui\u00f3 el procedimiento v\u00eda telef\u00f3nica y desde los Tribunales de Comodoro Py, y que dispuso que los polic\u00edas &#8220;acompa\u00f1en&#8221; a los hijos de la v\u00edctima a pagar el rescate pero que el &#8220;protocolo era evitar el corte del pago salvo circunstancias extraordinarias&#8221;.<\/p>\n<p>&nbsp;<\/p>\n<p>&#8220;El que decide es el personal policial que est\u00e1 en el lugar mirando la situaci\u00f3n de crisis. Si el fiscal hubiera estado en el lugar lo hubiese hecho el fiscal&#8221;, sostuvo el comisario general.<\/p>\n<p>&nbsp;<\/p>\n<p>De acuerdo a Roncaglia, los efectivos que acompa\u00f1aron el pago del rescate &#8220;ten\u00edan contacto visual&#8221; con los hijos de Sarubbi (63) pero &#8220;no ten\u00edan contacto telef\u00f3nico&#8221; con ellos, y cuando se detuvieron en avenida Crovara, en Villa Madero, observaron a &#8220;un chico corriendo, que se les mete en el auto por la ventanilla y empieza a despojarlos de sus cosas&#8221;, por lo que en ese momento &#8220;el jefe (del operativo) cree ver un forcejeo&#8221;.<\/p>\n<p>&nbsp;<\/p>\n<p>Ante esa situaci\u00f3n se produjo la &#8220;intervenci\u00f3n&#8221; de los efectivos porque, seg\u00fan Roncaglia, la maniobra de &#8220;ese arrebato&#8221; era &#8220;sumamente inusual&#8221; para un caso de secuestro y los polic\u00edas &#8220;sintieron que estaba en riesgo la vida de los dos chicos&#8221;.<\/p>\n<p>&nbsp;<\/p>\n<p>&#8220;Cuando (los hijos) bajan, este chico les saca un anillo y el tel\u00e9fono, algo totalmente inusual&#8221;, describi\u00f3 y luego a\u00f1adi\u00f3: &#8220;Hay que evaluar las circunstancias especiales que se pueden dar en una situaci\u00f3n de crisis.&#8221;<\/p>\n<p>&nbsp;<\/p>\n<p>Para Roncaglia, &#8220;los investigadores no son delincuentes&#8221; y &#8220;fueron a hacer las cosas bien&#8221;, por lo que consider\u00f3 que el juez federal Daniel Rafecas &#8220;resolvi\u00f3 con criterio la situaci\u00f3n&#8221; de los cuatro polic\u00edas que fueron aprehendidos inicialmente por &#8220;desobediencia&#8221; y luego liberados.<\/p>\n<p>&nbsp;<\/p>\n<p>&#8220;Ellos actuaron ante esta situaci\u00f3n que era sumamente extra\u00f1a para el contexto de este delito&#8221;, concluy\u00f3.<\/p>\n<p>&nbsp;<\/p>\n<p>En tanto, fuentes policiales informaron a T\u00e9lam que estos cuatro efectivos ya volvieron a sus puestos en la Divisi\u00f3n Operativa Central (ex Antisecuestros).<\/p>\n<p>&nbsp;<\/p>\n<p>Por otro lado, dos j\u00f3venes fueron detenidos ayer en la localidad bonaerense de Isidro Casanova, acusados de integrar la banda que secuestr\u00f3 y mat\u00f3 al taxista Sarubbi.<\/p>\n<p>&nbsp;<\/p>\n<p>Las capturas se produjeron en el marco de tres operativos realizados a pedido del fiscal Stornelli por personal de Gendarmer\u00eda Nacional, con colaboraci\u00f3n de la Polic\u00eda Bonaerense y la Agencia Federal de Inteligencia (AFI).<\/p>\n<p>&nbsp;<\/p>\n<p>Durante los pocedimientos, tambi\u00e9n fueron apresadas otras dos personas sospechosas de integrar la misma banda aunque se presume que no tuvieron participaci\u00f3n directa en el crimen del taxista.<\/p>\n<p>&nbsp;<\/p>\n<p>El hecho investigado se inici\u00f3 cerca de las 15 del pasado jueves, cuando los hijos de Sarubbi recibieron una llamada extorsiva de un hombre que dec\u00eda tener secuestrado a su padre y les exig\u00eda unos 200.000 pesos como rescate.<\/p>\n<p>&nbsp;<\/p>\n<p>Tras una serie de comunicaciones telef\u00f3nicas, los secuestradores pactaron el pago de unos 3.000 d\u00f3lares y 20.000 pesos, y obligaron a los hijos del hombre a llevar el dinero a General Paz y Crovara, en Villa Madero, y desde all\u00ed los hicieron circular hacia Ciudad Evita.<\/p>\n<p>&nbsp;<\/p>\n<p>Uno de los hijos del taxista cont\u00f3 que cuando un joven se acerc\u00f3 al auto para retirar el rescate, tambi\u00e9n le arrebat\u00f3 el celular con el que estaba negociando con el jefe de banda y un anillo, tras lo cual sali\u00f3 corriendo.<\/p>\n<p>&nbsp;<\/p>\n<p>Por ello, los polic\u00edas monitoreaban el pago lo detuvieron y hallaron en su poder las llaves del taxi.<\/p>\n<p>&nbsp;<\/p>\n<p>Casi en paralelo, el ch\u00f3fer fue asesinado a siete cuadras de all\u00ed de tres tiros por la espalda y rematado de un cuarto, indic\u00f3 la ministra de Seguridad de la Naci\u00f3n, Patricia Bullrich.<\/p>\n<p>&nbsp;<\/p>\n<p>La funcionaria asegur\u00f3 que la Polic\u00eda Federal se enter\u00f3 del secuestro de Sarubbi a trav\u00e9s de un secretario del presidente Mauricio Macri, que tiene amistad con uno de los hijos del taxista, pero aclar\u00f3 que los polic\u00edas cuestionados no ten\u00edan ese dato.<\/p>\n","protected":false},"excerpt":{"rendered":"<p>El jefe de la Polic\u00eda Federal, N\u00e9stor \u00a0Roncaglia, dijo que los efectivos que intervinieron en la investigaci\u00f3n del secuestro del taxista Alberto Sarubbi, asesinado el jueves pasado en la localidad bonaerense de Ciudad Evita, actuaron ante una situaci\u00f3n &#8220;inusual&#8221; y &#8220;extra\u00f1a&#8221; en la que ocurrieron &#8220;circunstancias extraordinarias&#8221; que llevaron a la muerte de la v\u00edctima &nbsp; &nbsp; &nbsp; &nbsp; &nbsp; &nbsp; &nbsp; En tanto, los cuatro sospechosos apresados ayer en el marco de esta causa declaraban esta tarde ante la Justicia. &nbsp; &#8220;Desde la instituci\u00f3n, lamento el resultado, y lamento&#8230;<\/p>\n","protected":false},"author":3,"featured_media":4789,"comment_status":"closed","ping_status":"closed","sticky":false,"template":"","format":"standard","meta":[],"categories":[2],"tags":[],"_links":{"self":[{"href":"https:\/\/www.actualidadadiario.com\/index.php\/wp-json\/wp\/v2\/posts\/4788"}],"collection":[{"href":"https:\/\/www.actualidadadiario.com\/index.php\/wp-json\/wp\/v2\/posts"}],"about":[{"href":"https:\/\/www.actualidadadiario.com\/index.php\/wp-json\/wp\/v2\/types\/post"}],"author":[{"embeddable":true,"href":"https:\/\/www.actualidadadiario.com\/index.php\/wp-json\/wp\/v2\/users\/3"}],"replies":[{"embeddable":true,"href":"https:\/\/www.actualidadadiario.com\/index.php\/wp-json\/wp\/v2\/comments?post=4788"}],"version-history":[{"count":1,"href":"https:\/\/www.actualidadadiario.com\/index.php\/wp-json\/wp\/v2\/posts\/4788\/revisions"}],"predecessor-version":[{"id":4790,"href":"https:\/\/www.actualidadadiario.com\/index.php\/wp-json\/wp\/v2\/posts\/4788\/revisions\/4790"}],"wp:featuredmedia":[{"embeddable":true,"href":"https:\/\/www.actualidadadiario.com\/index.php\/wp-json\/wp\/v2\/media\/4789"}],"wp:attachment":[{"href":"https:\/\/www.actualidadadiario.com\/index.php\/wp-json\/wp\/v2\/media?parent=4788"}],"wp:term":[{"taxonomy":"category","embeddable":true,"href":"https:\/\/www.actualidadadiario.com\/index.php\/wp-json\/wp\/v2\/categories?post=4788"},{"taxonomy":"post_tag","embeddable":true,"href":"https:\/\/www.actualidadadiario.com\/index.php\/wp-json\/wp\/v2\/tags?post=4788"}],"curies":[{"name":"wp","href":"https:\/\/api.w.org\/{rel}","templated":true}]}}