{"id":4785,"date":"2016-11-21T09:54:29","date_gmt":"2016-11-21T12:54:29","guid":{"rendered":"http:\/\/actualidadadiario.com\/site\/?p=4785"},"modified":"2016-11-21T09:54:29","modified_gmt":"2016-11-21T12:54:29","slug":"duran-barba-tiene-muy-poca-idea-casi-nula-de-la-realidad-politica-de-argentina","status":"publish","type":"post","link":"https:\/\/www.actualidadadiario.com\/index.php\/2016\/11\/21\/duran-barba-tiene-muy-poca-idea-casi-nula-de-la-realidad-politica-de-argentina\/","title":{"rendered":"&#8220;Dur\u00e1n Barba tiene muy poca idea, casi nula, de la realidad pol\u00edtica de Argentina&#8221;"},"content":{"rendered":"<p><em><strong>El presidente de la C\u00e1mara de Diputados, Emilio Monz\u00f3, critic\u00f3 la &#8220;excesiva vanidad&#8221; del consultor presidencial ecuatoriano Jaime Dur\u00e1n Barba, con quien mantiene distancia<\/strong><\/em><\/p>\n<p>&nbsp;<\/p>\n<p>&nbsp;<\/p>\n<p>&nbsp;<\/p>\n<p>&nbsp;<\/p>\n<p>&nbsp;<\/p>\n<p>&nbsp;<\/p>\n<p>&nbsp;<\/p>\n<p>&#8220;Su excesiva vanidad lo lleva a excederse en sus atribuciones y apreciaciones sin el conocimiento como para hacerlo. Duran Barba tiene muy poca idea, y casi nada, de la realidad de la pol\u00edtica territorial de la Argentina. Cuando una persona opina, con apariencia de tener mucho conocimiento de algo que no tiene, ah\u00ed hay un exceso. Y eso me produce un encuentro frontal&#8221;, enfatiz\u00f3 Monz\u00f3.<\/p>\n<p>&nbsp;<\/p>\n<p>En declaraciones a Perfil, el presidente de la C\u00e1mara de Diputados sostuvo que &#8220;el espacio Cambiemos se consolida como espacio de gesti\u00f3n pero no como espacio pol\u00edtico&#8221;, de manera que no sabe si &#8220;es lo que va a perdurar&#8221;.<\/p>\n<p>&nbsp;<\/p>\n<p>&#8220;Cambiemos fue un esquema electoral con \u00e9xito, no seamos hip\u00f3critas. Ahora, hay mucha distancia en que se transforme en un cuerpo s\u00f3lido como partido pol\u00edtico. Hoy el com\u00fan denominador es la responsabilidad de gobernar. No hay que tener prejuicios para sumar dirigentes&#8221;, remarc\u00f3.<\/p>\n<p>&nbsp;<\/p>\n<p>Dijo que tiene &#8220;una visi\u00f3n&#8221; seg\u00fan la cual &#8220;la pol\u00edtica empieza a ser l\u00edquida y todo es transversal&#8221;, por lo que se pronunci\u00f3 a favor de sumar a Cambiemos a &#8220;dirigentes impresionantes&#8221; del peronismo, como Omar Perotti, Florencio Randazzo, Juli\u00e1n Dom\u00ednguez, Diego Bossio, Gabriel Katopodis y Juan Manuel Urtubey.<\/p>\n<p>&nbsp;<\/p>\n<p>Cuando se le pregunt\u00f3 por qu\u00e9 se pele\u00f3 con (Mar\u00eda Eugenia) Vidal, respondi\u00f3 que &#8220;peleado es demasiado fuerte, distanciado por concepciones pol\u00edticas diferentes&#8221;.<\/p>\n<p>&nbsp;<\/p>\n<p>&#8220;\u00bfSe arreglaron?&#8221;, fue la siguiente pregunta y Monz\u00f3 respondi\u00f3 &#8220;S\u00ed. Nos cost\u00f3 m\u00e1s que con Mauricio (Macri), que las peleas duran pocos d\u00edas. A veces no podemos tener un contacto m\u00e1s que en eventos. Hicimos varias reuniones y tenemos personalidades fuertes. Pero hay un objetivo com\u00fan: las elecciones de 2017 y una gesti\u00f3n muy dif\u00edcil en la Provincia. Tiene una gran valent\u00eda&#8221;.<\/p>\n<p>&nbsp;<\/p>\n<p>Consider\u00f3 que &#8220;tambi\u00e9n es muy dif\u00edcil tener pocos actores para hacer todo&#8221;. &#8220;En mi caso, el Congreso se lleva el 100%. Uno reclama porque est\u00e1 mirando el a\u00f1o electoral. La mejor forma de ayudar al Presidente es decirle la verdad&#8221;, remarc\u00f3.<\/p>\n","protected":false},"excerpt":{"rendered":"<p>El presidente de la C\u00e1mara de Diputados, Emilio Monz\u00f3, critic\u00f3 la &#8220;excesiva vanidad&#8221; del consultor presidencial ecuatoriano Jaime Dur\u00e1n Barba, con quien mantiene distancia &nbsp; &nbsp; &nbsp; &nbsp; &nbsp; &nbsp; &nbsp; &#8220;Su excesiva vanidad lo lleva a excederse en sus atribuciones y apreciaciones sin el conocimiento como para hacerlo. Duran Barba tiene muy poca idea, y casi nada, de la realidad de la pol\u00edtica territorial de la Argentina. Cuando una persona opina, con apariencia de tener mucho conocimiento de algo que no tiene, ah\u00ed hay un exceso. Y eso me&#8230;<\/p>\n","protected":false},"author":3,"featured_media":4786,"comment_status":"closed","ping_status":"closed","sticky":false,"template":"","format":"standard","meta":[],"categories":[18],"tags":[],"_links":{"self":[{"href":"https:\/\/www.actualidadadiario.com\/index.php\/wp-json\/wp\/v2\/posts\/4785"}],"collection":[{"href":"https:\/\/www.actualidadadiario.com\/index.php\/wp-json\/wp\/v2\/posts"}],"about":[{"href":"https:\/\/www.actualidadadiario.com\/index.php\/wp-json\/wp\/v2\/types\/post"}],"author":[{"embeddable":true,"href":"https:\/\/www.actualidadadiario.com\/index.php\/wp-json\/wp\/v2\/users\/3"}],"replies":[{"embeddable":true,"href":"https:\/\/www.actualidadadiario.com\/index.php\/wp-json\/wp\/v2\/comments?post=4785"}],"version-history":[{"count":1,"href":"https:\/\/www.actualidadadiario.com\/index.php\/wp-json\/wp\/v2\/posts\/4785\/revisions"}],"predecessor-version":[{"id":4787,"href":"https:\/\/www.actualidadadiario.com\/index.php\/wp-json\/wp\/v2\/posts\/4785\/revisions\/4787"}],"wp:featuredmedia":[{"embeddable":true,"href":"https:\/\/www.actualidadadiario.com\/index.php\/wp-json\/wp\/v2\/media\/4786"}],"wp:attachment":[{"href":"https:\/\/www.actualidadadiario.com\/index.php\/wp-json\/wp\/v2\/media?parent=4785"}],"wp:term":[{"taxonomy":"category","embeddable":true,"href":"https:\/\/www.actualidadadiario.com\/index.php\/wp-json\/wp\/v2\/categories?post=4785"},{"taxonomy":"post_tag","embeddable":true,"href":"https:\/\/www.actualidadadiario.com\/index.php\/wp-json\/wp\/v2\/tags?post=4785"}],"curies":[{"name":"wp","href":"https:\/\/api.w.org\/{rel}","templated":true}]}}