{"id":4782,"date":"2016-11-21T09:53:11","date_gmt":"2016-11-21T12:53:11","guid":{"rendered":"http:\/\/actualidadadiario.com\/site\/?p=4782"},"modified":"2016-11-21T09:53:12","modified_gmt":"2016-11-21T12:53:12","slug":"a-un-ano-de-gobierno-de-macri-ya-hay-varios-ministros-en-la-cuerda-floja","status":"publish","type":"post","link":"https:\/\/www.actualidadadiario.com\/index.php\/2016\/11\/21\/a-un-ano-de-gobierno-de-macri-ya-hay-varios-ministros-en-la-cuerda-floja\/","title":{"rendered":"A un a\u00f1o de gobierno de Macri, ya hay varios ministros en la cuerda floja"},"content":{"rendered":"<p><em><strong>Por desconocimiento del \u00e1rea que manejan o por falta de pol\u00edticas eficientes, algunos funcionarios se encuentran observados de cerca por el Presidente<\/strong><\/em><\/p>\n<p>&nbsp;<\/p>\n<p>&nbsp;<\/p>\n<p>&nbsp;<\/p>\n<p>&nbsp;<\/p>\n<p>&nbsp;<\/p>\n<p>&nbsp;<\/p>\n<p>Casi un a\u00f1o de gobierno de Mauricio Macri, y entre las pol\u00edticas de ajuste y cargos ocupados por improvisados aliados a Cambiemos que poco entienden del \u00e1rea que lideran, hay funcionarios que sienten el desgaste y caminan por la cuerda floja.<\/p>\n<p>&nbsp;<\/p>\n<p>El primero de ellos es el ministro de Salud, Jorge Lemus, complicado por la aparici\u00f3n del virus del zika y con un nuevo verano bajo la era Cambiemos donde el dengue vuelve a ser una amenaza mientras se desconoce si el Estado podr\u00e1 afrontar la cobertura de vacunaci\u00f3n necesaria contra esta enfermedad.<\/p>\n<p>&nbsp;<\/p>\n<p>Sergio Bergman, ministro de Ambiente y Desarrollo Sustentable, a quien le atribuyen estar rodeado de colaboradores que no saben de medio ambiente, seg\u00fan informa el diario La Naci\u00f3n.<\/p>\n<p>&nbsp;<\/p>\n<p>Tambi\u00e9n est\u00e1n observados de cerca el ministro de Producci\u00f3n, Francisco Cabrera, por la falta de fluidez en el v\u00ednculo con los empresarios.<\/p>\n<p>&nbsp;<\/p>\n<p>Por \u00faltimo, el ministro de Comunicaciones, Oscar Aguad, quien no conoce en profundidad los asuntos de su \u00e1rea. Prueba de ello son las burlas que recibi\u00f3 por sus declaraciones en las que se sorprend\u00eda por los avances tecnol\u00f3gicos. &#8220;Usted se va a sacar una radiograf\u00eda en La Rioja y se la va a poder analizar un hombre en Boston&#8221;, asegur\u00f3.<\/p>\n","protected":false},"excerpt":{"rendered":"<p>Por desconocimiento del \u00e1rea que manejan o por falta de pol\u00edticas eficientes, algunos funcionarios se encuentran observados de cerca por el Presidente &nbsp; &nbsp; &nbsp; &nbsp; &nbsp; &nbsp; Casi un a\u00f1o de gobierno de Mauricio Macri, y entre las pol\u00edticas de ajuste y cargos ocupados por improvisados aliados a Cambiemos que poco entienden del \u00e1rea que lideran, hay funcionarios que sienten el desgaste y caminan por la cuerda floja. &nbsp; El primero de ellos es el ministro de Salud, Jorge Lemus, complicado por la aparici\u00f3n del virus del zika y&#8230;<\/p>\n","protected":false},"author":3,"featured_media":4783,"comment_status":"closed","ping_status":"closed","sticky":false,"template":"","format":"standard","meta":[],"categories":[9],"tags":[],"_links":{"self":[{"href":"https:\/\/www.actualidadadiario.com\/index.php\/wp-json\/wp\/v2\/posts\/4782"}],"collection":[{"href":"https:\/\/www.actualidadadiario.com\/index.php\/wp-json\/wp\/v2\/posts"}],"about":[{"href":"https:\/\/www.actualidadadiario.com\/index.php\/wp-json\/wp\/v2\/types\/post"}],"author":[{"embeddable":true,"href":"https:\/\/www.actualidadadiario.com\/index.php\/wp-json\/wp\/v2\/users\/3"}],"replies":[{"embeddable":true,"href":"https:\/\/www.actualidadadiario.com\/index.php\/wp-json\/wp\/v2\/comments?post=4782"}],"version-history":[{"count":1,"href":"https:\/\/www.actualidadadiario.com\/index.php\/wp-json\/wp\/v2\/posts\/4782\/revisions"}],"predecessor-version":[{"id":4784,"href":"https:\/\/www.actualidadadiario.com\/index.php\/wp-json\/wp\/v2\/posts\/4782\/revisions\/4784"}],"wp:featuredmedia":[{"embeddable":true,"href":"https:\/\/www.actualidadadiario.com\/index.php\/wp-json\/wp\/v2\/media\/4783"}],"wp:attachment":[{"href":"https:\/\/www.actualidadadiario.com\/index.php\/wp-json\/wp\/v2\/media?parent=4782"}],"wp:term":[{"taxonomy":"category","embeddable":true,"href":"https:\/\/www.actualidadadiario.com\/index.php\/wp-json\/wp\/v2\/categories?post=4782"},{"taxonomy":"post_tag","embeddable":true,"href":"https:\/\/www.actualidadadiario.com\/index.php\/wp-json\/wp\/v2\/tags?post=4782"}],"curies":[{"name":"wp","href":"https:\/\/api.w.org\/{rel}","templated":true}]}}