{"id":4779,"date":"2016-11-21T09:50:02","date_gmt":"2016-11-21T12:50:02","guid":{"rendered":"http:\/\/actualidadadiario.com\/site\/?p=4779"},"modified":"2016-11-21T09:50:02","modified_gmt":"2016-11-21T12:50:02","slug":"el-papa-autoriza-que-los-sacerdotes-absuelvan-indefinidamente-del-pecado-del-aborto","status":"publish","type":"post","link":"https:\/\/www.actualidadadiario.com\/index.php\/2016\/11\/21\/el-papa-autoriza-que-los-sacerdotes-absuelvan-indefinidamente-del-pecado-del-aborto\/","title":{"rendered":"El Papa autoriza que los sacerdotes absuelvan indefinidamente del pecado del aborto"},"content":{"rendered":"<p><em><strong>El Papa Francisco anunci\u00f3 este lunes que los sacerdotes podr\u00e1n absolver del pecado del aborto de manera indefinida, una disposici\u00f3n que hab\u00eda autorizado solo durante el A\u00f1o Santo de la Misericordia que concluy\u00f3 este domingo<\/strong><\/em><\/p>\n<p>&nbsp;<\/p>\n<p>&nbsp;<\/p>\n<p>&nbsp;<\/p>\n<p>&nbsp;<\/p>\n<p>&nbsp;<\/p>\n<p>As\u00ed se lee en la carta apost\u00f3lica Misericordia et misera, el documento de conclusi\u00f3n del Jubileo extraordinario que instituy\u00f3 Francisco y en el que da las indicaciones para que los cat\u00f3licos contin\u00faen este tiempo de la misericordia, la reconciliaci\u00f3n y el perd\u00f3n.<\/p>\n<p>&nbsp;<\/p>\n<p>&#8220;Para que ning\u00fan obst\u00e1culo se interponga entre la petici\u00f3n de reconciliaci\u00f3n y el perd\u00f3n de Dios, de ahora en adelante concedo a todos los sacerdotes, en raz\u00f3n de su ministerio, la facultad de absolver a quienes hayan procurado el pecado de aborto. Cuanto hab\u00eda concedido de modo limitado para el per\u00edodo jubilar, lo extiendo ahora en el tiempo, no obstante cualquier cosa en contrario&#8221;.<\/p>\n<p>&nbsp;<\/p>\n<p>Hasta ahora un sacerdote s\u00f3lo lo pod\u00eda absolver despu\u00e9s de que le autorizase un obispo o el mismo pont\u00edfice.<\/p>\n<p>&nbsp;<\/p>\n<p>Pese a todo, el Pont\u00edfice enfatiza con todas sus &#8220;fuerzas&#8221; que el aborto es un pecado grave, porque pone fin a una vida humana inocente. &#8220;Con la misma fuerza, sin embargo, puedo y debo afirmar que no existe ning\u00fan pecado que la misericordia de Dios no pueda alcanzar y destruir, all\u00ed donde encuentra un coraz\u00f3n arrepentido que pide reconciliarse con el Padre&#8221;, asegura. Por ello, pide que cada sacerdote sea gu\u00eda, apoyo y alivio a la hora de acompa\u00f1ar a los penitentes en este camino de reconciliaci\u00f3n especial.<\/p>\n<p>&nbsp;<\/p>\n<p>&nbsp;<\/p>\n<p>&nbsp;<\/p>\n<p>&nbsp;<\/p>\n<p>&nbsp;<\/p>\n<p><strong>Acoger a todas las familias <\/strong><\/p>\n<p>Por otro lado, Francisco destaca la &#8220;gracia del Sacramento del Matrimonio&#8221; que fortalece a la familia para que sea un lugar privilegiado para la misericordia, pero asegura que este a\u00f1o Jubilar debe servir tambi\u00e9n para ayudar a reconocer la complejidad de la realidad familiar actual.<\/p>\n<p>&nbsp;<\/p>\n<p>Considera, as\u00ed, que ello exige, sobre todo de parte del sacerdote, un discernimiento espiritual &#8220;atento, profundo y prudente&#8221; para que &#8220;cada uno, sin excluir a nadie&#8221;, sin importar la situaci\u00f3n que viva, pueda sentirse acogido concretamente por Dios, participar activamente en la vida de la comunidad y ser admitido en ese Pueblo de Dios.<\/p>\n<p>&nbsp;<\/p>\n<p>En su carta, el Papa llama a no cerrar las puertas de la misericordia y a llevar a cabo una &#8220;aut\u00e9ntica&#8221; revoluci\u00f3n cultural a trav\u00e9s de actos concretos.<\/p>\n<p>&nbsp;<\/p>\n<p>Francisco tambi\u00e9n extiende otras disposiciones que hab\u00eda autorizado durante el Jubileo como la de la concesi\u00f3n de absolver los pecados a los sacerdotes de la Fraternidad de San P\u00edo X, los llamados lefebvrianos.<\/p>\n<p>&nbsp;<\/p>\n<p>Francisco justifica esta decisi\u00f3n &#8220;por el bien pastoral de estos fieles&#8221; y para que &#8220;se pueda recuperar con la ayuda de Dios, la plena comuni\u00f3n&#8221;, en lo que se entiende como una mano tendida a los seguidores de Marcel Lefebvre, que no reconocen las novedades introducidas en el Concilio Vaticano II, por lo que est\u00e1n fuera de la Iglesia desde 1988.<\/p>\n","protected":false},"excerpt":{"rendered":"<p>El Papa Francisco anunci\u00f3 este lunes que los sacerdotes podr\u00e1n absolver del pecado del aborto de manera indefinida, una disposici\u00f3n que hab\u00eda autorizado solo durante el A\u00f1o Santo de la Misericordia que concluy\u00f3 este domingo &nbsp; &nbsp; &nbsp; &nbsp; &nbsp; As\u00ed se lee en la carta apost\u00f3lica Misericordia et misera, el documento de conclusi\u00f3n del Jubileo extraordinario que instituy\u00f3 Francisco y en el que da las indicaciones para que los cat\u00f3licos contin\u00faen este tiempo de la misericordia, la reconciliaci\u00f3n y el perd\u00f3n. &nbsp; &#8220;Para que ning\u00fan obst\u00e1culo se interponga entre&#8230;<\/p>\n","protected":false},"author":3,"featured_media":4780,"comment_status":"closed","ping_status":"closed","sticky":false,"template":"","format":"standard","meta":[],"categories":[4],"tags":[],"_links":{"self":[{"href":"https:\/\/www.actualidadadiario.com\/index.php\/wp-json\/wp\/v2\/posts\/4779"}],"collection":[{"href":"https:\/\/www.actualidadadiario.com\/index.php\/wp-json\/wp\/v2\/posts"}],"about":[{"href":"https:\/\/www.actualidadadiario.com\/index.php\/wp-json\/wp\/v2\/types\/post"}],"author":[{"embeddable":true,"href":"https:\/\/www.actualidadadiario.com\/index.php\/wp-json\/wp\/v2\/users\/3"}],"replies":[{"embeddable":true,"href":"https:\/\/www.actualidadadiario.com\/index.php\/wp-json\/wp\/v2\/comments?post=4779"}],"version-history":[{"count":1,"href":"https:\/\/www.actualidadadiario.com\/index.php\/wp-json\/wp\/v2\/posts\/4779\/revisions"}],"predecessor-version":[{"id":4781,"href":"https:\/\/www.actualidadadiario.com\/index.php\/wp-json\/wp\/v2\/posts\/4779\/revisions\/4781"}],"wp:featuredmedia":[{"embeddable":true,"href":"https:\/\/www.actualidadadiario.com\/index.php\/wp-json\/wp\/v2\/media\/4780"}],"wp:attachment":[{"href":"https:\/\/www.actualidadadiario.com\/index.php\/wp-json\/wp\/v2\/media?parent=4779"}],"wp:term":[{"taxonomy":"category","embeddable":true,"href":"https:\/\/www.actualidadadiario.com\/index.php\/wp-json\/wp\/v2\/categories?post=4779"},{"taxonomy":"post_tag","embeddable":true,"href":"https:\/\/www.actualidadadiario.com\/index.php\/wp-json\/wp\/v2\/tags?post=4779"}],"curies":[{"name":"wp","href":"https:\/\/api.w.org\/{rel}","templated":true}]}}