{"id":4776,"date":"2016-11-21T09:48:50","date_gmt":"2016-11-21T12:48:50","guid":{"rendered":"http:\/\/actualidadadiario.com\/site\/?p=4776"},"modified":"2016-11-21T09:48:50","modified_gmt":"2016-11-21T12:48:50","slug":"provincias-piden-sacar-a-nacion-de-puja-con-docentes","status":"publish","type":"post","link":"https:\/\/www.actualidadadiario.com\/index.php\/2016\/11\/21\/provincias-piden-sacar-a-nacion-de-puja-con-docentes\/","title":{"rendered":"Provincias piden sacar a Naci\u00f3n de puja con docentes"},"content":{"rendered":"<p><em><strong>Primeros planteos contra paritaria federal, que ya disparan pol\u00e9mica. El gobernador de Neuqu\u00e9n, Omar Guti\u00e9rrez, marc\u00f3 la cancha al proponer que la negociaci\u00f3n con el sector se haga sin un piso fijado por la Rosada<\/strong><\/em><\/p>\n<p>&nbsp;<\/p>\n<p>&nbsp;<\/p>\n<p>&nbsp;<\/p>\n<p>&nbsp;<\/p>\n<p>Tras el mal trago que les signific\u00f3 la paritaria docente 2016, surgieron los primeros planteos de mandatarios en pos de que el Ministerio de Educaci\u00f3n nacional se aparte de las negociaciones de principios de a\u00f1o con el sector, deje de fijar un piso salarial federal y ceda la totalidad de la pulseada a los &#8220;verdaderos empleadores&#8221;, los gobernadores.<\/p>\n<p>&nbsp;<\/p>\n<p>&#8220;Neuqu\u00e9n les ha hecho saber al ministro (Rogelio) Frigerio y al Presidente (Mauricio Macri), y tambi\u00e9n a los dem\u00e1s mandatarios, que vamos a instar a una mesa de gobernadores para que el a\u00f1o que viene la primera discusi\u00f3n salarial que se presenta en el a\u00f1o, que es la de los docentes, se d\u00e9 a trav\u00e9s de quienes son los empleadores, quienes abonan los salarios docentes&#8221;, dispar\u00f3 en las \u00faltimas horas el mandatario neuquino Omar Guti\u00e9rrez (MPN).<\/p>\n<p>&nbsp;<\/p>\n<p>En esa l\u00ednea, inst\u00f3 a organizar esa cumbre &#8220;antes de fin de a\u00f1o&#8221; para analizar este planteo.<\/p>\n<p>&nbsp;<\/p>\n<p>&#8220;Quienes manifestaron el apoyo a la reforma pol\u00edtica en la reuni\u00f3n con el Presidente mostraron su total convencimiento de llevar adelante esta reuni\u00f3n&#8221;, agreg\u00f3, respecto del encuentro d\u00edas atr\u00e1s del jefe de Estado con mandatarios de la oposici\u00f3n en la residencia de Olivos.<\/p>\n<p>&nbsp;<\/p>\n<p>&#8220;No queremos quedar atados a un debate del que no somos parte y que despu\u00e9s tenemos que pagar&#8221;, advirti\u00f3 Guti\u00e9rrez, abriendo un escenario que ser\u00eda parte del debate de la reuni\u00f3n del Consejo Federal de Educaci\u00f3n, el 30 de noviembre y 1 de diciembre en Bariloche.<\/p>\n<p>&nbsp;<\/p>\n<p>Se trata de una propuesta que ya dispar\u00f3 las primeras reacciones cr\u00edticas desde el sindicalismo, en medio de la escalada de reclamos en pos de una reapertura de las paritarias del sector.<\/p>\n<p>&nbsp;<\/p>\n<p>&#8220;El gobernador neuquino ignora la realidad educativa del pa\u00eds y tiene un aplazo: la paritaria docente nacional es necesaria para asegurar la coherencia y unidad del sistema educativo nacional&#8221;, enfatiz\u00f3 ayer el titular de UDA y secretario de Pol\u00edticas Educativas de la CGT, Sergio Romero.<\/p>\n<p>&nbsp;<\/p>\n<p>Por su parte, desde tierra neuquina, el gremio docente ATEN -en un pronunciamiento rubricado por su titular, Marcelo Guagliardo- remarc\u00f3 que &#8220;la paritaria nacional no ha reemplazado la negociaci\u00f3n en las provincias, sino todo lo contrario: les ha dado un marco, un piso de discusi\u00f3n que ha permitido elevar los salarios docentes en la Argentina&#8221;.<\/p>\n<p>&nbsp;<\/p>\n<p>A fines de febrero, el titular de la cartera educativa nacional, Esteban Bullrich, sell\u00f3 con los cinco gremios docentes con representaci\u00f3n federal un incremento escalonado del piso salarial de los maestros a nivel pa\u00eds del 40,3%.<\/p>\n<p>&nbsp;<\/p>\n<p>El porcentaje puso la vara bien alta en las posteriores negociaciones de los gobernadores con los maestros locales, ya que si bien la mayor parte de los distritos -salvo seis- pagan sueldos superiores al piso, en los hechos muchos gremios buscaron replicar aumentos de ese tenor.<\/p>\n<p>&nbsp;<\/p>\n<p>La tensi\u00f3n marc\u00f3 esos d\u00edas y deriv\u00f3 en un inicio del ciclo lectivo con paros en 10 provincias, incluidas Santa Fe, C\u00f3rdoba y Mendoza. Finalmente, las paritarias provinciales lograron a duras penas destrabarse con recursos federales.<\/p>\n<p>&nbsp;<\/p>\n<p>Pero la experiencia fue amarga y explica la reacci\u00f3n de Guti\u00e9rrez, compartida ya por otros mandatarios, que ven con buenos ojos que el Ministerio de Educaci\u00f3n s\u00f3lo discuta en paritaria &#8220;con los docentes universitarios&#8221;.<\/p>\n<p>&nbsp;<\/p>\n<p>&#8220;Salvo las universidades, no tiene empleados docentes&#8221;, record\u00f3 el neuquino.<\/p>\n","protected":false},"excerpt":{"rendered":"<p>Primeros planteos contra paritaria federal, que ya disparan pol\u00e9mica. El gobernador de Neuqu\u00e9n, Omar Guti\u00e9rrez, marc\u00f3 la cancha al proponer que la negociaci\u00f3n con el sector se haga sin un piso fijado por la Rosada &nbsp; &nbsp; &nbsp; &nbsp; Tras el mal trago que les signific\u00f3 la paritaria docente 2016, surgieron los primeros planteos de mandatarios en pos de que el Ministerio de Educaci\u00f3n nacional se aparte de las negociaciones de principios de a\u00f1o con el sector, deje de fijar un piso salarial federal y ceda la totalidad de la&#8230;<\/p>\n","protected":false},"author":3,"featured_media":4777,"comment_status":"closed","ping_status":"closed","sticky":false,"template":"","format":"standard","meta":[],"categories":[2],"tags":[],"_links":{"self":[{"href":"https:\/\/www.actualidadadiario.com\/index.php\/wp-json\/wp\/v2\/posts\/4776"}],"collection":[{"href":"https:\/\/www.actualidadadiario.com\/index.php\/wp-json\/wp\/v2\/posts"}],"about":[{"href":"https:\/\/www.actualidadadiario.com\/index.php\/wp-json\/wp\/v2\/types\/post"}],"author":[{"embeddable":true,"href":"https:\/\/www.actualidadadiario.com\/index.php\/wp-json\/wp\/v2\/users\/3"}],"replies":[{"embeddable":true,"href":"https:\/\/www.actualidadadiario.com\/index.php\/wp-json\/wp\/v2\/comments?post=4776"}],"version-history":[{"count":1,"href":"https:\/\/www.actualidadadiario.com\/index.php\/wp-json\/wp\/v2\/posts\/4776\/revisions"}],"predecessor-version":[{"id":4778,"href":"https:\/\/www.actualidadadiario.com\/index.php\/wp-json\/wp\/v2\/posts\/4776\/revisions\/4778"}],"wp:featuredmedia":[{"embeddable":true,"href":"https:\/\/www.actualidadadiario.com\/index.php\/wp-json\/wp\/v2\/media\/4777"}],"wp:attachment":[{"href":"https:\/\/www.actualidadadiario.com\/index.php\/wp-json\/wp\/v2\/media?parent=4776"}],"wp:term":[{"taxonomy":"category","embeddable":true,"href":"https:\/\/www.actualidadadiario.com\/index.php\/wp-json\/wp\/v2\/categories?post=4776"},{"taxonomy":"post_tag","embeddable":true,"href":"https:\/\/www.actualidadadiario.com\/index.php\/wp-json\/wp\/v2\/tags?post=4776"}],"curies":[{"name":"wp","href":"https:\/\/api.w.org\/{rel}","templated":true}]}}