{"id":4773,"date":"2016-11-21T09:47:56","date_gmt":"2016-11-21T12:47:56","guid":{"rendered":"http:\/\/actualidadadiario.com\/site\/?p=4773"},"modified":"2016-11-21T09:47:56","modified_gmt":"2016-11-21T12:47:56","slug":"tres-sismos-sacudieron-a-la-provincia-de-san-juan","status":"publish","type":"post","link":"https:\/\/www.actualidadadiario.com\/index.php\/2016\/11\/21\/tres-sismos-sacudieron-a-la-provincia-de-san-juan\/","title":{"rendered":"Tres sismos sacudieron a la provincia de San Juan"},"content":{"rendered":"<p><strong>Tres sismos fuertes en once minutos se registraron ayer en San Juan causando alarma y preocupaci\u00f3n en la poblaci\u00f3n, especialmente por el primer temblor, que tuvo una magnitud de 6.4 escala Richter, aunque hasta el momento no se han reportado da\u00f1os materiales ni v\u00edctimas<\/strong><\/p>\n<p>&nbsp;<\/p>\n<p>&nbsp;<\/p>\n<p>&nbsp;<\/p>\n<p>&nbsp;<\/p>\n<p>&nbsp;<\/p>\n<p>Los movimientos tel\u00faricos ocurrieron a las 17.57, a las 18.04, con 3.7 grados de magnitud, y a las 18.08, con 3 grados de magnitud.<\/p>\n<p>&nbsp;<\/p>\n<p>Los tres tuvieron epicentro en la provincia de San Juan, latitud -31.630 y longitud -68.660, indic\u00f3 el Instituto Nacional de Prevenci\u00f3n S\u00edsmica, Inpres.<\/p>\n<p>&nbsp;<\/p>\n<p>Se determin\u00f3 que los temblores ocurrieron en una serran\u00eda que est\u00e1 a 15 kil\u00f3metros al sudoeste de San Juan capital, 144 kil\u00f3metros al norte de Mendoza y a 35 kil\u00f3metros al oeste de la localidad de Caucete.<\/p>\n<p>&nbsp;<\/p>\n<p>Los temblores se produjeron a 130 kil\u00f3metros de profundidad y provocaron un movimiento vertical y horizontal m\u00e1s tarde.<\/p>\n<p>&nbsp;<\/p>\n<p>Cuando se produjeron los temblores se estaba desarrollando en la provincia un partido de f\u00fatbol entre Col\u00f3n de San Juan y Pac\u00edfico General Alvear de Mendoza. A ra\u00edz del p\u00e1nico se produjeron corridas en las tribunas sin que se registraran heridos.<\/p>\n<p>&nbsp;<\/p>\n<p>El partido estuvo detenido por varios minutos y luego se reanud\u00f3.<\/p>\n","protected":false},"excerpt":{"rendered":"<p>Tres sismos fuertes en once minutos se registraron ayer en San Juan causando alarma y preocupaci\u00f3n en la poblaci\u00f3n, especialmente por el primer temblor, que tuvo una magnitud de 6.4 escala Richter, aunque hasta el momento no se han reportado da\u00f1os materiales ni v\u00edctimas &nbsp; &nbsp; &nbsp; &nbsp; &nbsp; Los movimientos tel\u00faricos ocurrieron a las 17.57, a las 18.04, con 3.7 grados de magnitud, y a las 18.08, con 3 grados de magnitud. &nbsp; Los tres tuvieron epicentro en la provincia de San Juan, latitud -31.630 y longitud -68.660, indic\u00f3&#8230;<\/p>\n","protected":false},"author":3,"featured_media":4774,"comment_status":"closed","ping_status":"closed","sticky":false,"template":"","format":"standard","meta":[],"categories":[4],"tags":[],"_links":{"self":[{"href":"https:\/\/www.actualidadadiario.com\/index.php\/wp-json\/wp\/v2\/posts\/4773"}],"collection":[{"href":"https:\/\/www.actualidadadiario.com\/index.php\/wp-json\/wp\/v2\/posts"}],"about":[{"href":"https:\/\/www.actualidadadiario.com\/index.php\/wp-json\/wp\/v2\/types\/post"}],"author":[{"embeddable":true,"href":"https:\/\/www.actualidadadiario.com\/index.php\/wp-json\/wp\/v2\/users\/3"}],"replies":[{"embeddable":true,"href":"https:\/\/www.actualidadadiario.com\/index.php\/wp-json\/wp\/v2\/comments?post=4773"}],"version-history":[{"count":1,"href":"https:\/\/www.actualidadadiario.com\/index.php\/wp-json\/wp\/v2\/posts\/4773\/revisions"}],"predecessor-version":[{"id":4775,"href":"https:\/\/www.actualidadadiario.com\/index.php\/wp-json\/wp\/v2\/posts\/4773\/revisions\/4775"}],"wp:featuredmedia":[{"embeddable":true,"href":"https:\/\/www.actualidadadiario.com\/index.php\/wp-json\/wp\/v2\/media\/4774"}],"wp:attachment":[{"href":"https:\/\/www.actualidadadiario.com\/index.php\/wp-json\/wp\/v2\/media?parent=4773"}],"wp:term":[{"taxonomy":"category","embeddable":true,"href":"https:\/\/www.actualidadadiario.com\/index.php\/wp-json\/wp\/v2\/categories?post=4773"},{"taxonomy":"post_tag","embeddable":true,"href":"https:\/\/www.actualidadadiario.com\/index.php\/wp-json\/wp\/v2\/tags?post=4773"}],"curies":[{"name":"wp","href":"https:\/\/api.w.org\/{rel}","templated":true}]}}