{"id":4770,"date":"2016-11-21T09:47:03","date_gmt":"2016-11-21T12:47:03","guid":{"rendered":"http:\/\/actualidadadiario.com\/site\/?p=4770"},"modified":"2016-11-21T09:47:03","modified_gmt":"2016-11-21T12:47:03","slug":"lavagna-redoblo-sus-criticas-contra-macri-este-gobierno-termina-en-el-colapso","status":"publish","type":"post","link":"https:\/\/www.actualidadadiario.com\/index.php\/2016\/11\/21\/lavagna-redoblo-sus-criticas-contra-macri-este-gobierno-termina-en-el-colapso\/","title":{"rendered":"Lavagna redobl\u00f3 sus cr\u00edticas contra Macri: &#8220;Este Gobierno termina en el colapso&#8221;"},"content":{"rendered":"<p><em><strong>El ex ministro de Econom\u00eda sostuvo que esta gesti\u00f3n se trata de &#8220;un modelo que funciona con endeudamiento y ajuste&#8221;<\/strong><\/em><\/p>\n<p>&nbsp;<\/p>\n<p>&nbsp;<\/p>\n<p>&nbsp;<\/p>\n<p>El ex ministro de Econom\u00eda Roberto Lavagna insisti\u00f3 en que &#8220;este tipo de modelo que combina tasas de inter\u00e9s fenomenalmente altas, d\u00f3lar fijo o cayendo, el bolsillo del grueso de la poblaci\u00f3n enflaqueci\u00e9ndose, el empleo debilit\u00e1ndose, indefectiblemente requiere el endeudamiento externo e indefectiblemente termina en una situaci\u00f3n de colapso&#8221;.<\/p>\n<p>&nbsp;<\/p>\n<p>&#8220;\u00c9ste es un modelo de ajuste. Cuando vos ten\u00e9s que el salario ha ca\u00eddo alrededor del 8%, cuando vos ten\u00e9s cifras oficiales que dicen que se han perdido 120.000 puestos de trabajo en blanco, m\u00e1s una cifra indefinida -pero no inferior a \u00e9sta- de trabajos en negro; cuando ten\u00e9s la tasa de inflaci\u00f3n actual, con tasas de inter\u00e9s alt\u00edsimas, como las de los \u00faltimos siete u ocho meses, y con un d\u00f3lar que se empieza a atrasar, ten\u00e9s un modelo de ajuste&#8221;, advirti\u00f3 Lavagna.<\/p>\n<p>&nbsp;<\/p>\n<p>El economista que integra el Frente Renovador agreg\u00f3 que se trata de &#8220;un modelo que funciona con endeudamiento, cosa que empieza a ocurrir&#8221;.<\/p>\n<p>&nbsp;<\/p>\n<p>&#8220;Hablando de macroeconom\u00eda, no hay miles de modelos. Hay modelos de ajuste, en general con atraso cambiario, la tablita de la \u00e9poca de los militares, la convertibilidad de la \u00e9poca del gobierno democr\u00e1tico de Menem, y hay una visi\u00f3n alternativa, del otro extremo, populista, que en general tiene un componente de atraso cambiario. En algo se identifican. El actual (modelo) se identifica cada vez m\u00e1s con el final del gobierno de Cristina Kirchner en esa materia&#8221;, dijo Lavagna en declaraciones al diario La Naci\u00f3n.<\/p>\n<p>&nbsp;<\/p>\n<p>Al ser consultado sobre las cr\u00edticas que recibi\u00f3 del ministro de Hacienda, Alfonso Prat Gay, consider\u00f3 que &#8220;cuando uno dice algo que molesta al gobierno de turno, enseguida te tiran los perros encima&#8221;.<\/p>\n<p>Y sobre la comparaci\u00f3n que hizo Prat Gay entre \u00e9l y Hebe de Bonafini, respondi\u00f3: &#8220;\u00a1Qu\u00e9 elegancia! \u00a1Qu\u00e9 sutileza! Si \u00e9sta es la manera con la que analizan la realidad argentina, estamos mal. Si \u00e9sta es la dirigencia y, sobre todo, la que pretende ser la nueva dirigencia, estamos mal&#8221;. &#8220;Digamos las cosas como son: la tasa de inter\u00e9s es alta, es alt\u00edsima, a punto tal que ninguna empresa puede competir con el Estado cuando toma los fondos. Es cierto que el d\u00f3lar arranc\u00f3 a 15 pesos despu\u00e9s de la devaluaci\u00f3n para ajustar el error del gobierno anterior, y que despu\u00e9s lo dejaron caer hasta 13 y pico, y que hace unos d\u00edas toc\u00f3 14 y algo. \u00bfEs cierto o no es cierto? \u00bfEs cierto o no es cierto que est\u00e1n emitiendo deuda masivamente? Bueno, si es cierto, discutamos los efectos de eso&#8221;, agreg\u00f3.<\/p>\n<p>&nbsp;<\/p>\n<p>Adem\u00e1s, se\u00f1al\u00f3: &#8220;Es tambi\u00e9n una pr\u00e1ctica habitual en la Argentina. La pesada herencia es habitual, en parte porque los gobiernos tienden a fracasar y dejan una situaci\u00f3n complicada: fracas\u00f3 el gobierno de Alfons\u00edn, fracas\u00f3 la convertibilidad, fracas\u00f3 el gobierno de la Alianza y obviamente fracas\u00f3 el gobierno de Kirchner, si se mira en t\u00e9rminos de crecimiento y bienestar social, que es lo que importa&#8221;.<\/p>\n<p>&nbsp;<\/p>\n<p>Y pidi\u00f3 tener &#8220;cuidado con echarle la culpa a (Donald) Trump&#8221; porque as\u00ed &#8220;empiezan a ocultar los errores y los fracasos de pol\u00edtica econ\u00f3mica&#8221;. &#8220;Ayer le\u00eda que se dec\u00eda que hay que terminar con la inflaci\u00f3n para crecer. \u00a1Y no! Es al rev\u00e9s. Hay que empezar a poner la econom\u00eda en marcha para frenar la inflaci\u00f3n. En una econom\u00eda chica y relativamente cerrada como es la Argentina, los costos fijos tienen un peso fenomenal&#8221;, subray\u00f3.<\/p>\n","protected":false},"excerpt":{"rendered":"<p>El ex ministro de Econom\u00eda sostuvo que esta gesti\u00f3n se trata de &#8220;un modelo que funciona con endeudamiento y ajuste&#8221; &nbsp; &nbsp; &nbsp; El ex ministro de Econom\u00eda Roberto Lavagna insisti\u00f3 en que &#8220;este tipo de modelo que combina tasas de inter\u00e9s fenomenalmente altas, d\u00f3lar fijo o cayendo, el bolsillo del grueso de la poblaci\u00f3n enflaqueci\u00e9ndose, el empleo debilit\u00e1ndose, indefectiblemente requiere el endeudamiento externo e indefectiblemente termina en una situaci\u00f3n de colapso&#8221;. &nbsp; &#8220;\u00c9ste es un modelo de ajuste. Cuando vos ten\u00e9s que el salario ha ca\u00eddo alrededor del 8%,&#8230;<\/p>\n","protected":false},"author":3,"featured_media":4771,"comment_status":"closed","ping_status":"closed","sticky":false,"template":"","format":"standard","meta":[],"categories":[9],"tags":[],"_links":{"self":[{"href":"https:\/\/www.actualidadadiario.com\/index.php\/wp-json\/wp\/v2\/posts\/4770"}],"collection":[{"href":"https:\/\/www.actualidadadiario.com\/index.php\/wp-json\/wp\/v2\/posts"}],"about":[{"href":"https:\/\/www.actualidadadiario.com\/index.php\/wp-json\/wp\/v2\/types\/post"}],"author":[{"embeddable":true,"href":"https:\/\/www.actualidadadiario.com\/index.php\/wp-json\/wp\/v2\/users\/3"}],"replies":[{"embeddable":true,"href":"https:\/\/www.actualidadadiario.com\/index.php\/wp-json\/wp\/v2\/comments?post=4770"}],"version-history":[{"count":1,"href":"https:\/\/www.actualidadadiario.com\/index.php\/wp-json\/wp\/v2\/posts\/4770\/revisions"}],"predecessor-version":[{"id":4772,"href":"https:\/\/www.actualidadadiario.com\/index.php\/wp-json\/wp\/v2\/posts\/4770\/revisions\/4772"}],"wp:featuredmedia":[{"embeddable":true,"href":"https:\/\/www.actualidadadiario.com\/index.php\/wp-json\/wp\/v2\/media\/4771"}],"wp:attachment":[{"href":"https:\/\/www.actualidadadiario.com\/index.php\/wp-json\/wp\/v2\/media?parent=4770"}],"wp:term":[{"taxonomy":"category","embeddable":true,"href":"https:\/\/www.actualidadadiario.com\/index.php\/wp-json\/wp\/v2\/categories?post=4770"},{"taxonomy":"post_tag","embeddable":true,"href":"https:\/\/www.actualidadadiario.com\/index.php\/wp-json\/wp\/v2\/tags?post=4770"}],"curies":[{"name":"wp","href":"https:\/\/api.w.org\/{rel}","templated":true}]}}