{"id":4758,"date":"2016-11-21T09:43:53","date_gmt":"2016-11-21T12:43:53","guid":{"rendered":"http:\/\/actualidadadiario.com\/site\/?p=4758"},"modified":"2016-11-21T09:43:53","modified_gmt":"2016-11-21T12:43:53","slug":"el-70-de-los-argentinos-cree-que-la-economia-esta-mal-y-que-es-culpa-del-gobierno","status":"publish","type":"post","link":"https:\/\/www.actualidadadiario.com\/index.php\/2016\/11\/21\/el-70-de-los-argentinos-cree-que-la-economia-esta-mal-y-que-es-culpa-del-gobierno\/","title":{"rendered":"El 70% de los argentinos cree que la econom\u00eda est\u00e1 mal y que es culpa del Gobierno"},"content":{"rendered":"<p><em><strong>Una encuesta realizada por el Centro de Estudios de Opini\u00f3n P\u00fablica (CEOP) y publicada por P\u00e1gina 12 revela que el 70% de la poblaci\u00f3n eval\u00faa que sobre la situaci\u00f3n econ\u00f3mica del pa\u00eds es mala y considera que es responsabilidad de Macri. Entre los motivos que m\u00e1s influyeron en estas opiniones est\u00e1n la ca\u00edda del salario real, la inflaci\u00f3n, la recesi\u00f3n, la p\u00e9rdida de trabajo y el peligro de perder el trabajo<\/strong><\/em><\/p>\n<p>&nbsp;<\/p>\n<p>&nbsp;<\/p>\n<p>&nbsp;<\/p>\n<p>&nbsp;<\/p>\n<p>&nbsp;<\/p>\n<p>&nbsp;<\/p>\n<p>Las conclusiones surgen de una amplia encuesta realizada por el Centro de Estudios de Opini\u00f3n P\u00fablica (CEOP), que dirige el soci\u00f3logo Roberto Bacman. y que fue publicada en el matutino P\u00e1gina 12. En total se entrevistaron 1200 ciudadanos de todo el pa\u00eds, respet\u00e1ndose las proporciones por edad, sexo, nivel socioecon\u00f3mico y lugar de residencia. Las entrevistas fueron telef\u00f3nicas y el CEOP hace un seguimiento, mes a mes, de las respuestas a las preguntas sobre pol\u00edtica y econom\u00eda.<\/p>\n<p>&nbsp;<\/p>\n<p>Cuando se le pidi\u00f3 a los ciudadanos que califiquen globalmente la gesti\u00f3n de Cambiemos, de uno a diez, la gesti\u00f3n del gobierno, la nota promedio que le asignaron los encuestados fue de 3,98 puntos, es decir, un aplazo.<\/p>\n<p>&nbsp;<\/p>\n<p>En las opiniones pesan fuertemente la ca\u00edda en el salario real, la inflaci\u00f3n, los recortes que una gran mayor\u00eda tuvo que hacer en sus consumos, la recesi\u00f3n, la p\u00e9rdida de trabajo y el peligro de perder el trabajo. Todos esos factores impactan en el ciudadano com\u00fan.<\/p>\n<p>&nbsp;<\/p>\n<p>Un elemento que va jugando en forma desfavorable para el gobierno de Cambiemos es que entre los que califican mal o muy mal a la econom\u00eda se va diluyendo el concepto de la pesada herencia. \u201cNo me sorprende concluir que seg\u00fan la percepci\u00f3n lisa y llana de la opini\u00f3n p\u00fablica el argumento de la \u2018pesada herencia\u2019 va perdiendo peso y consistencia a medida que transcurren los meses \u2013se\u00f1ala el titular del CEOP\u2013. Es un dato que venimos viendo Este mes casi seis de cada diez personas (57,3 por ciento para ser exactos) que evalu\u00f3 de modo negativo lo actuado en materia econ\u00f3mica por la actual gesti\u00f3n, est\u00e1 convencido que justamente es el propio gobierno nacional el principal responsable del deterioro\u201d.<\/p>\n<p>&nbsp;<\/p>\n<p>El principal sost\u00e9n del gobierno de Macri, desde el punto de vista econ\u00f3mico, es que hay una franja que cree que las cosas van a mejorar. Mirando ese dato parece expresarse la llamada grieta. Es que la mitad de las personas consultadas (50 por ciento exacto) creen que en seis meses la econom\u00eda va a estar mejor y pr\u00e1cticamente la otra mitad (46,8 por ciento) sostiene que la situaci\u00f3n va a empeorar.<\/p>\n","protected":false},"excerpt":{"rendered":"<p>Una encuesta realizada por el Centro de Estudios de Opini\u00f3n P\u00fablica (CEOP) y publicada por P\u00e1gina 12 revela que el 70% de la poblaci\u00f3n eval\u00faa que sobre la situaci\u00f3n econ\u00f3mica del pa\u00eds es mala y considera que es responsabilidad de Macri. Entre los motivos que m\u00e1s influyeron en estas opiniones est\u00e1n la ca\u00edda del salario real, la inflaci\u00f3n, la recesi\u00f3n, la p\u00e9rdida de trabajo y el peligro de perder el trabajo &nbsp; &nbsp; &nbsp; &nbsp; &nbsp; &nbsp; Las conclusiones surgen de una amplia encuesta realizada por el Centro de Estudios&#8230;<\/p>\n","protected":false},"author":3,"featured_media":4759,"comment_status":"closed","ping_status":"closed","sticky":false,"template":"","format":"standard","meta":[],"categories":[9],"tags":[],"_links":{"self":[{"href":"https:\/\/www.actualidadadiario.com\/index.php\/wp-json\/wp\/v2\/posts\/4758"}],"collection":[{"href":"https:\/\/www.actualidadadiario.com\/index.php\/wp-json\/wp\/v2\/posts"}],"about":[{"href":"https:\/\/www.actualidadadiario.com\/index.php\/wp-json\/wp\/v2\/types\/post"}],"author":[{"embeddable":true,"href":"https:\/\/www.actualidadadiario.com\/index.php\/wp-json\/wp\/v2\/users\/3"}],"replies":[{"embeddable":true,"href":"https:\/\/www.actualidadadiario.com\/index.php\/wp-json\/wp\/v2\/comments?post=4758"}],"version-history":[{"count":1,"href":"https:\/\/www.actualidadadiario.com\/index.php\/wp-json\/wp\/v2\/posts\/4758\/revisions"}],"predecessor-version":[{"id":4760,"href":"https:\/\/www.actualidadadiario.com\/index.php\/wp-json\/wp\/v2\/posts\/4758\/revisions\/4760"}],"wp:featuredmedia":[{"embeddable":true,"href":"https:\/\/www.actualidadadiario.com\/index.php\/wp-json\/wp\/v2\/media\/4759"}],"wp:attachment":[{"href":"https:\/\/www.actualidadadiario.com\/index.php\/wp-json\/wp\/v2\/media?parent=4758"}],"wp:term":[{"taxonomy":"category","embeddable":true,"href":"https:\/\/www.actualidadadiario.com\/index.php\/wp-json\/wp\/v2\/categories?post=4758"},{"taxonomy":"post_tag","embeddable":true,"href":"https:\/\/www.actualidadadiario.com\/index.php\/wp-json\/wp\/v2\/tags?post=4758"}],"curies":[{"name":"wp","href":"https:\/\/api.w.org\/{rel}","templated":true}]}}