{"id":4752,"date":"2016-11-21T09:41:30","date_gmt":"2016-11-21T12:41:30","guid":{"rendered":"http:\/\/actualidadadiario.com\/site\/?p=4752"},"modified":"2016-11-21T09:41:30","modified_gmt":"2016-11-21T12:41:30","slug":"denuncian-en-brasil-ejecucion-policial-de-siete-jovenes-en-favela-de-rio","status":"publish","type":"post","link":"https:\/\/www.actualidadadiario.com\/index.php\/2016\/11\/21\/denuncian-en-brasil-ejecucion-policial-de-siete-jovenes-en-favela-de-rio\/","title":{"rendered":"Denuncian en Brasil ejecuci\u00f3n policial de siete j\u00f3venes en favela de R\u00edo"},"content":{"rendered":"<p><em><strong>Tras la incursi\u00f3n el s\u00e1bado de la polic\u00eda militar brasile\u00f1a en la favela Ciudade De Deus, en Rio de Janeiro, fueron hallados siete cuerpos sin vida, informa hoy el diario brasile\u00f1o &#8220;O Globo&#8221;<\/strong><\/em><\/p>\n<p>&nbsp;<\/p>\n<p>&nbsp;<\/p>\n<p>&nbsp;<\/p>\n<p>&nbsp;<\/p>\n<p>&nbsp;<\/p>\n<p>&nbsp;<\/p>\n<p>&nbsp;<\/p>\n<p>La Polic\u00eda Militar entr\u00f3 en la favela tras la ca\u00edda por la noche (local) de uno de sus helic\u00f3pteros. Seg\u00fan el diario, fueron los propios habitantes del lugar los que encontraron los cad\u00e1veres de los residentes y los colocaron en una plaza.<\/p>\n<p>&nbsp;<\/p>\n<p>Ya desde la ma\u00f1ana, varias personas, entre ellas familiares de los muertos, hab\u00edan denunciado que la Polic\u00eda no les dejaba entrar en la zona en la que cre\u00edan que se estaban llevando a cabo ejecuciones.<\/p>\n<p>&nbsp;<\/p>\n<p>Leonardo Silva Martins, que encontr\u00f3 a su hijo muerto, explic\u00f3 que lo hall\u00f3 acostado con la cabeza hacia abajo, en una se\u00f1al clara de que hab\u00eda sido ejecutado.<\/p>\n<p>&nbsp;<\/p>\n<p>Thiago Oliveira, residente de la comunidad, manifest\u00f3: &#8220;Los cuerpos tienen heridas de cuchillo, como si hubiesen sido torturados&#8221;.<\/p>\n<p>&nbsp;<\/p>\n<p>Incluso, antes de que los cad\u00e1veres fueran hallados, un video divulgado en las redes mostraba a una madre desesperada gritando: &#8220;\u00a1Voy a buscar a mi hijo ahora! \u00a1Mi hijo est\u00e1 dentro del bald\u00edo, est\u00e1 muerto! \u00a1La sangre es m\u00eda, soy su madre!&#8221;<\/p>\n<p>&nbsp;<\/p>\n<p>Despu\u00e9s de un intenso d\u00eda de tiroteos, un helic\u00f3ptero de la Polic\u00eda Militar cay\u00f3 el s\u00e1bado por la noche en la favela, todav\u00eda no se sabe si abatido por los traficantes o debido a un fallo mec\u00e1nico.<\/p>\n<p>&nbsp;<\/p>\n<p>Media hora despu\u00e9s del siniestro, el Batall\u00f3n de Operaciones Especiales (BOPE) de la Polic\u00eda Militar incursion\u00f3 en Cidade de Deus para buscar traficantes.<\/p>\n<p>&nbsp;<\/p>\n<p>Vivi Salles, residente de la favela, cont\u00f3 sobre sucedido por la noche: &#8220;Nadie sabe decir lo que est\u00e1 pasando en Cidade de Deus. Los muertos y heridos deben ser identificados, la polic\u00eda debe dar explicaciones sobre la operaci\u00f3n. Los residentes est\u00e1 en medio del conflicto&#8221;.<\/p>\n<p>&nbsp;<\/p>\n<p>Y agreg\u00f3: &#8220;Una bomba fue lanzada dentro de la casa de una familia que no ten\u00eda nada que ver con el operativo. Tambi\u00e9n sufr\u00ed mucho con el gas pimienta cerca de mi casa. Esto no puede pasar&#8221;.<\/p>\n<p>&nbsp;<\/p>\n<p>La actuaci\u00f3n policial en la favela hab\u00eda comenzado el s\u00e1bado por la ma\u00f1ana. Tras la ca\u00edda del helic\u00f3ptero, continuar\u00e1 por tiempo indeterminado. Son varios los cuerpos policiales que participan, entre ellas el BOPE, las fuerzas de choque y el Grupo de Operaciones con Perros.<\/p>\n<p>&nbsp;<\/p>\n<p>Por el momento tres personas han sido detenidas. Durante la intervenci\u00f3n, las fuerzas de seguridad han incautado de armas y drogas.<\/p>\n<p>&nbsp;<\/p>\n<p>Cidade de Deus es una de las favelas m\u00e1s peligrosas de R\u00edo de Janeiro y su \u00edndice de desarrollo humano es de los m\u00e1s bajos en toda la ciudad. En 2002, alcanz\u00f3 fama mundial a ra\u00edz de la pel\u00edcula &#8220;Ciudad de Dios&#8221;, por su nombre en espa\u00f1ol, que retraba la violencia cotidiana en el lugar.<\/p>\n<p>&nbsp;<\/p>\n<p>En 2009, una unidad de la Unidad de Polic\u00eda Pacificadora (UPP) fue instalada en la comunidad que as\u00ed, de acuerdo a la jerga que se utiliza en R\u00edo de Janeiro, pas\u00f3 a estar &#8220;pacificada&#8221;. En 2011, incluso, en una visita a Brasil, Barack Obama, presidente de Estados Unidos, camin\u00f3 por la zona y hasta jug\u00f3 al f\u00fatbol con algunos ni\u00f1os del lugar.<\/p>\n<p>&nbsp;<\/p>\n<p>En la actualidad, esta \u00e1rea de infraviviendas suele ser escenario de tiroteos entre bandas de narcotraficantes y tambi\u00e9n con la polic\u00eda. El viernes, en la zona que linda con barrio de Gardenia Azul, dos personas fueron alcanzadas por los disparos de un enfrentamiento entre polic\u00eda y delincuentes.<\/p>\n<p>&nbsp;<\/p>\n<p>El BOPE, en tanto, es la fuerza de la PM para actuar en situaciones de extremo riesgo y son entrenados con m\u00e9todos de guerra. En repetidas ocasiones, fueron se\u00f1alados por sus abusos de autoridad y m\u00e9todos salvajes y en 2005 incluso se los acus\u00f3 de ejecuciones extrajudiciales.<\/p>\n","protected":false},"excerpt":{"rendered":"<p>Tras la incursi\u00f3n el s\u00e1bado de la polic\u00eda militar brasile\u00f1a en la favela Ciudade De Deus, en Rio de Janeiro, fueron hallados siete cuerpos sin vida, informa hoy el diario brasile\u00f1o &#8220;O Globo&#8221; &nbsp; &nbsp; &nbsp; &nbsp; &nbsp; &nbsp; &nbsp; La Polic\u00eda Militar entr\u00f3 en la favela tras la ca\u00edda por la noche (local) de uno de sus helic\u00f3pteros. Seg\u00fan el diario, fueron los propios habitantes del lugar los que encontraron los cad\u00e1veres de los residentes y los colocaron en una plaza. &nbsp; Ya desde la ma\u00f1ana, varias personas, entre&#8230;<\/p>\n","protected":false},"author":3,"featured_media":4753,"comment_status":"closed","ping_status":"closed","sticky":false,"template":"","format":"standard","meta":[],"categories":[4],"tags":[],"_links":{"self":[{"href":"https:\/\/www.actualidadadiario.com\/index.php\/wp-json\/wp\/v2\/posts\/4752"}],"collection":[{"href":"https:\/\/www.actualidadadiario.com\/index.php\/wp-json\/wp\/v2\/posts"}],"about":[{"href":"https:\/\/www.actualidadadiario.com\/index.php\/wp-json\/wp\/v2\/types\/post"}],"author":[{"embeddable":true,"href":"https:\/\/www.actualidadadiario.com\/index.php\/wp-json\/wp\/v2\/users\/3"}],"replies":[{"embeddable":true,"href":"https:\/\/www.actualidadadiario.com\/index.php\/wp-json\/wp\/v2\/comments?post=4752"}],"version-history":[{"count":1,"href":"https:\/\/www.actualidadadiario.com\/index.php\/wp-json\/wp\/v2\/posts\/4752\/revisions"}],"predecessor-version":[{"id":4754,"href":"https:\/\/www.actualidadadiario.com\/index.php\/wp-json\/wp\/v2\/posts\/4752\/revisions\/4754"}],"wp:featuredmedia":[{"embeddable":true,"href":"https:\/\/www.actualidadadiario.com\/index.php\/wp-json\/wp\/v2\/media\/4753"}],"wp:attachment":[{"href":"https:\/\/www.actualidadadiario.com\/index.php\/wp-json\/wp\/v2\/media?parent=4752"}],"wp:term":[{"taxonomy":"category","embeddable":true,"href":"https:\/\/www.actualidadadiario.com\/index.php\/wp-json\/wp\/v2\/categories?post=4752"},{"taxonomy":"post_tag","embeddable":true,"href":"https:\/\/www.actualidadadiario.com\/index.php\/wp-json\/wp\/v2\/tags?post=4752"}],"curies":[{"name":"wp","href":"https:\/\/api.w.org\/{rel}","templated":true}]}}