{"id":4749,"date":"2016-11-21T09:40:26","date_gmt":"2016-11-21T12:40:26","guid":{"rendered":"http:\/\/actualidadadiario.com\/site\/?p=4749"},"modified":"2016-11-21T09:55:39","modified_gmt":"2016-11-21T12:55:39","slug":"para-macri-cambiemos-va-a-ganar-en-2017-porque-los-argentinos-van-a-decir-que-quieren-seguir-en-esta-linea","status":"publish","type":"post","link":"https:\/\/www.actualidadadiario.com\/index.php\/2016\/11\/21\/para-macri-cambiemos-va-a-ganar-en-2017-porque-los-argentinos-van-a-decir-que-quieren-seguir-en-esta-linea\/","title":{"rendered":"Para Macri, Cambiemos va a ganar en 2017 &#8220;porque los argentinos van a decir que quieren seguir en esta l\u00ednea&#8221;"},"content":{"rendered":"<p><em><strong>El presidente Mauricio Macri afirm\u00f3 que la propuesta de Cambiemos va &#8220;a &#8220;ganar en las elecciones legislativas del a\u00f1o pr\u00f3ximo &#8220;porque los argentinos van a decir que quieren seguir en esta l\u00ednea&#8221;, en el marco de una entrevista durante la que repas\u00f3 principales temas de la actualidad, a punto de cumplirse un a\u00f1o en la gesti\u00f3n<\/strong><\/em><\/p>\n<p>&nbsp;<\/p>\n<p>&nbsp;<\/p>\n<p>&nbsp;<\/p>\n<p>&nbsp;<\/p>\n<p>&nbsp;<\/p>\n<p>&nbsp;<\/p>\n<p>Tambi\u00e9n, Macri ratific\u00f3 como &#8220;posibilidad&#8221; su postulaci\u00f3n para ser reelecto, pues remarc\u00f3 que para consolidar &#8220;una transformaci\u00f3n, un cambio cultural tan profundo, dejando atr\u00e1s d\u00e9cadas de populismo, de negaci\u00f3n, de conflicto, es razonable que los primeros pasos de ese cambio pueden llevar ocho a\u00f1os&#8221;.<\/p>\n<p>&nbsp;<\/p>\n<p>&#8220;El mayor cambio, sin lugar a dudas, es haber logrado un espacio donde los argentinos nos volvamos a encontrar, que volvamos a dialogar y a sentir que el otro nos puede hacer un aporte. Creo que hay una enorme mayor\u00eda que lo aprovech\u00f3 y que lo vive con mucha alegr\u00eda&#8221;, evalu\u00f3 el presidente como el mayor logro de su gesti\u00f3n al momento, en una entrevista con el diario Clar\u00edn.<\/p>\n<p>&nbsp;<\/p>\n<p>En cuanto a su principal frustraci\u00f3n, dijo que &#8220;es que el punto de partida era mucho peor&#8221; del que pensaba y agreg\u00f3 que eso le genera &#8220;bronca, frustraci\u00f3n y adem\u00e1s, bueno, genera que uno le tiene que decir a la gente, como lo he hecho tantas veces, que tuve que tomar medidas que si hubiera podido evitarlas, las hubiese evitado. Pero no hab\u00eda otro camino&#8221;.<\/p>\n<p>&nbsp;<\/p>\n<p>&#8220;Muchas veces escucho a muchos que han tenido que ver con lo que pas\u00f3 y hablan siempre de c\u00f3mo estamos. Yo digo: &#8220;bueno, d\u00edganme, qu\u00e9 otra cosa har\u00edan&#8221;. Es muy f\u00e1cil decir que no salimos de la recesi\u00f3n econ\u00f3mica o que el d\u00e9ficit es alto o que tomar deuda es malo. \u00bfQu\u00e9 hacemos?&#8221;, subray\u00f3.<\/p>\n<p>&nbsp;<\/p>\n<p>Sobre el reclamo de diferentes sectores de que se establezca en el pa\u00eds una emergencia social y laboral, indic\u00f3 que para afrontar la situaci\u00f3n planteada &#8220;se sale trabajando, no por una ley&#8221;.<\/p>\n<p>&nbsp;<\/p>\n<p>&#8220;\u00bfPara qu\u00e9 nos quedamos cortos? En vez de un mill\u00f3n de puestos de trabajo pongamos cinco millones y ya resolvimos todo. O un decreto m\u00edo. Ser\u00eda maravilloso que fuese tan simple. Tenemos que abandonar esa creencia de que estamos condenados al \u00e9xito. Nos hizo mucho mal. Eso fue lo que gener\u00f3 la cultura del atajo, la cultura de la avivada&#8221;, enfatiz\u00f3.<\/p>\n<p>&nbsp;<\/p>\n<p>Asever\u00f3 que es &#8220;el primero&#8221; en sostener un reclamo social, pero remarc\u00f3 que no quiere &#8220;una Argentina con m\u00e1s del 32 % de la poblaci\u00f3n en la pobreza&#8221;.<\/p>\n<p>&nbsp;<\/p>\n<p>Macri se\u00f1al\u00f3 que no le resulta &#8220;significativo&#8221; y no cree &#8220;que sume&#8221; el mecanismo de protestas callejeras como las que se han dado en los \u00faltimos meses, pues afirm\u00f3 que &#8220;este gobierno ha abierto enormes espacios de di\u00e1logo&#8221;.<\/p>\n<p>&nbsp;<\/p>\n<p>&#8220;Me parece mucho m\u00e1s positivo que ellos se sienten y hagan sus propuestas. Nosotros las vamos a evaluar. Yo no me creo el due\u00f1o de la verdad y trato de hacer lo mejor posible mi tarea. Siempre estoy abierto. Estoy siempre esperando una buena propuesta para tratar de implementarla&#8221;, apunt\u00f3.<\/p>\n<p>&nbsp;<\/p>\n<p>En otro orden, el jefe de Estado respondi\u00f3 concretamente que &#8220;el gobierno no especula&#8221;, al ser consultado sobre si cree que la ex presidenta Cristina Fern\u00e1ndez de Kirchner ser\u00e1 candidata en 2017 y esa situaci\u00f3n es alentada desde el gobierno por una cuesti\u00f3n de conveniencia.<\/p>\n<p>&nbsp;<\/p>\n<p>&#8220;El Gobierno no especula. Y aparte&#8230; no me van a volver loco. Ella dice que yo la persigo a ella y a toda la familia y ustedes dicen que yo la protejo. P\u00f3nganse de acuerdo. Lo que yo he tratado de hacer es bajar una l\u00ednea clara, con la responsabilidad que tiene ser presidente de la Rep\u00fablica, de que quiero una Justicia independiente. Quiero saber la verdad en tiempos razonables&#8221;, manifest\u00f3.<\/p>\n<p>&nbsp;<\/p>\n<p>En cuanto al caso de los denominados Panam\u00e1 Papers, en el que aparece involucrado, Clar\u00edn le pregunt\u00f3 si &#8220;teme que la investigaci\u00f3n pueda traerle m\u00e1s complicaciones&#8221; y Macri respondi\u00f3 &#8220;no&#8221; y a\u00f1adi\u00f3 que est\u00e1 &#8220;absolutamente tranquilo con el tema&#8221;.<\/p>\n<p>&nbsp;<\/p>\n<p>&#8220;No tuve participaci\u00f3n accionaria ni cobr\u00e9 dividendos. Fue una empresa que cre\u00f3 mi padre y nos puso a m\u00ed y a mi hermano como directores. Inclusive consultamos a Panam\u00e1 para estar seguros y dijeron que esa empresa no hab\u00eda registrado movimientos. Me puse a disposici\u00f3n de la Justicia desde el primer d\u00eda porque mi patrimonio est\u00e1 declarado y siempre lo pudieron ver tanto como jefe de Gobierno como en la presidencia&#8221;, se explay\u00f3.<\/p>\n<p>&nbsp;<\/p>\n<p>Al hacer una evaluaci\u00f3n global sobre el estado de la coalici\u00f3n de gobierno Cambiemos, dijo que la ve &#8220;bien&#8221; y consider\u00f3 natural que cada fracci\u00f3n integrante quiera &#8220;siempre m\u00e1s espacio, m\u00e1s protagonismo&#8221;.<\/p>\n<p>&nbsp;<\/p>\n<p>&#8220;Yo dir\u00eda que estoy contento, siento que ha habido una buena convivencia. Hay buenos gobernadores radicales con los que trabajamos codo a codo, hay buenos dirigentes radicales en el Gobierno y hay buenos legisladores. Y con Lilita (Elisa Carri\u00f3) pasamos de una d\u00e9cada de absoluta incompatibilidad a tener una relaci\u00f3n basada en la confianza y en el afecto. Yo la valoro&#8221;, mensur\u00f3.<\/p>\n<p>&nbsp;<\/p>\n<p>Macri indic\u00f3, ante otra consulta, que s\u00f3lo aplica cambios en el gabinete si &#8220;alguien no funciona&#8221; y agreg\u00f3 que &#8220;si el equipo funciona va a continuar&#8221; como al presente.<\/p>\n<p>&nbsp;<\/p>\n<p>&#8220;Nunca hice grandes cambios, ni en Boca ni en la Ciudad. El a\u00f1o que viene se juega consolidar este cambio cultural, claramente. Por suerte, vamos a ganar la elecci\u00f3n porque los argentinos van a decir que quieren seguir en esta l\u00ednea. Porque por m\u00e1s que cueste, por m\u00e1s que va a llevar tiempo, sabemos que es la \u00fanica, que no hay otra&#8221;, se\u00f1al\u00f3.<\/p>\n<p>&nbsp;<\/p>\n<p>Elogi\u00f3 especialmente a la gobernadora bonaerense, Mar\u00eda Eugenia Vidal, al punto de afirmar que &#8220;es una dirigente brillante&#8221; y que le &#8220;emociona su compromiso&#8221;.<\/p>\n","protected":false},"excerpt":{"rendered":"<p>El presidente Mauricio Macri afirm\u00f3 que la propuesta de Cambiemos va &#8220;a &#8220;ganar en las elecciones legislativas del a\u00f1o pr\u00f3ximo &#8220;porque los argentinos van a decir que quieren seguir en esta l\u00ednea&#8221;, en el marco de una entrevista durante la que repas\u00f3 principales temas de la actualidad, a punto de cumplirse un a\u00f1o en la gesti\u00f3n &nbsp; &nbsp; &nbsp; &nbsp; &nbsp; &nbsp; Tambi\u00e9n, Macri ratific\u00f3 como &#8220;posibilidad&#8221; su postulaci\u00f3n para ser reelecto, pues remarc\u00f3 que para consolidar &#8220;una transformaci\u00f3n, un cambio cultural tan profundo, dejando atr\u00e1s d\u00e9cadas de populismo, de&#8230;<\/p>\n","protected":false},"author":3,"featured_media":4750,"comment_status":"closed","ping_status":"closed","sticky":false,"template":"","format":"standard","meta":[],"categories":[18],"tags":[],"_links":{"self":[{"href":"https:\/\/www.actualidadadiario.com\/index.php\/wp-json\/wp\/v2\/posts\/4749"}],"collection":[{"href":"https:\/\/www.actualidadadiario.com\/index.php\/wp-json\/wp\/v2\/posts"}],"about":[{"href":"https:\/\/www.actualidadadiario.com\/index.php\/wp-json\/wp\/v2\/types\/post"}],"author":[{"embeddable":true,"href":"https:\/\/www.actualidadadiario.com\/index.php\/wp-json\/wp\/v2\/users\/3"}],"replies":[{"embeddable":true,"href":"https:\/\/www.actualidadadiario.com\/index.php\/wp-json\/wp\/v2\/comments?post=4749"}],"version-history":[{"count":1,"href":"https:\/\/www.actualidadadiario.com\/index.php\/wp-json\/wp\/v2\/posts\/4749\/revisions"}],"predecessor-version":[{"id":4751,"href":"https:\/\/www.actualidadadiario.com\/index.php\/wp-json\/wp\/v2\/posts\/4749\/revisions\/4751"}],"wp:featuredmedia":[{"embeddable":true,"href":"https:\/\/www.actualidadadiario.com\/index.php\/wp-json\/wp\/v2\/media\/4750"}],"wp:attachment":[{"href":"https:\/\/www.actualidadadiario.com\/index.php\/wp-json\/wp\/v2\/media?parent=4749"}],"wp:term":[{"taxonomy":"category","embeddable":true,"href":"https:\/\/www.actualidadadiario.com\/index.php\/wp-json\/wp\/v2\/categories?post=4749"},{"taxonomy":"post_tag","embeddable":true,"href":"https:\/\/www.actualidadadiario.com\/index.php\/wp-json\/wp\/v2\/tags?post=4749"}],"curies":[{"name":"wp","href":"https:\/\/api.w.org\/{rel}","templated":true}]}}