{"id":4746,"date":"2016-11-21T09:39:15","date_gmt":"2016-11-21T12:39:15","guid":{"rendered":"http:\/\/actualidadadiario.com\/site\/?p=4746"},"modified":"2016-11-21T09:39:15","modified_gmt":"2016-11-21T12:39:15","slug":"uia-inicia-cumbre-sin-lluvia-de-inversiones","status":"publish","type":"post","link":"https:\/\/www.actualidadadiario.com\/index.php\/2016\/11\/21\/uia-inicia-cumbre-sin-lluvia-de-inversiones\/","title":{"rendered":"UIA inicia cumbre sin lluvia de inversiones"},"content":{"rendered":"<p><em><strong>Con la Conferencia Industrial el establishment cierra el a\u00f1o. Se esperan anuncios y promesas<\/strong><\/em><\/p>\n<p>&nbsp;<\/p>\n<p>&nbsp;<\/p>\n<p>&nbsp;<\/p>\n<p>&nbsp;<\/p>\n<p>&nbsp;<\/p>\n<p>Tras el mini-Davos y el Coloquio de Idea, el mundo econ\u00f3mico y financiero cierra hoy el a\u00f1o en la cumbre de la UIA. Durante dos d\u00edas los industriales expresar\u00e1n sus reclamos y pedidos frente a gran parte del gabinete nacional, en lo que ellos consideran una dif\u00edcil situaci\u00f3n sectorial. El plato fuerte ser\u00e1 ma\u00f1ana, cuando se espera al presidente Macri para el cierre de la 22\u00aa Conferencia Industrial Argentina. Vuelve as\u00ed al evento que asisti\u00f3 un a\u00f1o atr\u00e1s, en calidad de presidente electo, donde prometi\u00f3 un 2016 muy distinto al que se plasm\u00f3 en la realidad. Ahora deber\u00e1 escuchar los lamentos, quejas y reclamos de sus ex-camaradas de la industria como presidente en ejercicio, luego de un a\u00f1o de mandato.<\/p>\n<p>&nbsp;<\/p>\n<p>Este a\u00f1o la cumbre industrial analizar\u00e1 el rol de la inversi\u00f3n productiva y el empleo de calidad como motores del desarrollo. Ser\u00e1 en Parque Norte y participar\u00e1n los ministros Francisco Cabrera (Producci\u00f3n); Alfonso Prat Gay (Hacienda y Finanzas P\u00fablicas); Jorge Triaca (Trabajo, Empleo y Seguridad Social); Esteban Bullrich (Educaci\u00f3n y Deportes); Rogelio Frigerio (Interior, Obras P\u00fablicas y Vivienda), y Ricardo Lorenzetti, presidente de la Corte Suprema.<\/p>\n<p>&nbsp;<\/p>\n<p>La UIA presentar\u00e1 su visi\u00f3n sobre la situaci\u00f3n de las pymes, de la innovaci\u00f3n, el panorama tributario y la econ\u00f3mica sectorial. Tambi\u00e9n disertar\u00e1n Mart\u00edn Etchegoyen, secretario de Industria; Mariano Mayer, secretario de Emprendedores y PyMes; Miguel Braun, secretario de Comercio; Carlos Foradori, secretario de Relaciones Exteriores; Federico Sturzenegger, presidente del Banco Central; Carlos Melconian, presidente del Banco Naci\u00f3n; Alfredo V\u00edctor Cornejo, gobernador de Mendoza; Miguel Lifschitz, gobernador de Santa Fe; Juan Manuel Urtubey, gobernador de Salta; Juan Carr, fundador de la Red Solidaria; Pablo Garc\u00eda, presidente del Banco de Inversi\u00f3n y Comercio Exterior; y Juan Curutchet, presidente del Banco de la Provincia de Buenos Aires.<\/p>\n<p>&nbsp;<\/p>\n<p>La semana pasada, la c\u00fapula de la UIA present\u00f3 los lineamientos de la Conferencia; el presidente de la UIA, Adri\u00e1n Kaufmann Brea, ya esboz\u00f3 el complicado panorama por el que atraviesa el sector manufacturero al se\u00f1alar que &#8220;en febrero pasado dijimos que la industria iba a caer 3,5% este a\u00f1o, pero ahora nuestro c\u00e1lculo refleja una ca\u00edda de 4,5,% con 50.000 empleos menos y 40% de capacidad ociosa en la mayor\u00eda de los sectores productivos&#8221;. Por su parte, el presidente de la Conferencia Industrial, Miguel Acevedo, plante\u00f3 que &#8220;el principal problema que tiene el pa\u00eds es actualmente la ca\u00edda del consumo interno&#8221;.<\/p>\n<p>&nbsp;<\/p>\n<p>El acto de inauguraci\u00f3n que se realizar\u00e1 hoy a las 15 estar\u00e1 a cargo de Acevedo, y contar\u00e1 con la presencia del jefe de Gobierno de la Ciudad de Buenos Aires, Horacio Rodr\u00edguez Larreta. Luego habr\u00e1 un panel sobre la inserci\u00f3n de Argentina en el mundo y el desaf\u00edo del G-20, otro sobre las econom\u00edas regionales y las pymes, y el cierre a cargo del ministro Cabrera.<\/p>\n","protected":false},"excerpt":{"rendered":"<p>Con la Conferencia Industrial el establishment cierra el a\u00f1o. Se esperan anuncios y promesas &nbsp; &nbsp; &nbsp; &nbsp; &nbsp; Tras el mini-Davos y el Coloquio de Idea, el mundo econ\u00f3mico y financiero cierra hoy el a\u00f1o en la cumbre de la UIA. Durante dos d\u00edas los industriales expresar\u00e1n sus reclamos y pedidos frente a gran parte del gabinete nacional, en lo que ellos consideran una dif\u00edcil situaci\u00f3n sectorial. El plato fuerte ser\u00e1 ma\u00f1ana, cuando se espera al presidente Macri para el cierre de la 22\u00aa Conferencia Industrial Argentina. Vuelve as\u00ed&#8230;<\/p>\n","protected":false},"author":3,"featured_media":4747,"comment_status":"closed","ping_status":"closed","sticky":false,"template":"","format":"standard","meta":[],"categories":[2],"tags":[],"_links":{"self":[{"href":"https:\/\/www.actualidadadiario.com\/index.php\/wp-json\/wp\/v2\/posts\/4746"}],"collection":[{"href":"https:\/\/www.actualidadadiario.com\/index.php\/wp-json\/wp\/v2\/posts"}],"about":[{"href":"https:\/\/www.actualidadadiario.com\/index.php\/wp-json\/wp\/v2\/types\/post"}],"author":[{"embeddable":true,"href":"https:\/\/www.actualidadadiario.com\/index.php\/wp-json\/wp\/v2\/users\/3"}],"replies":[{"embeddable":true,"href":"https:\/\/www.actualidadadiario.com\/index.php\/wp-json\/wp\/v2\/comments?post=4746"}],"version-history":[{"count":1,"href":"https:\/\/www.actualidadadiario.com\/index.php\/wp-json\/wp\/v2\/posts\/4746\/revisions"}],"predecessor-version":[{"id":4748,"href":"https:\/\/www.actualidadadiario.com\/index.php\/wp-json\/wp\/v2\/posts\/4746\/revisions\/4748"}],"wp:featuredmedia":[{"embeddable":true,"href":"https:\/\/www.actualidadadiario.com\/index.php\/wp-json\/wp\/v2\/media\/4747"}],"wp:attachment":[{"href":"https:\/\/www.actualidadadiario.com\/index.php\/wp-json\/wp\/v2\/media?parent=4746"}],"wp:term":[{"taxonomy":"category","embeddable":true,"href":"https:\/\/www.actualidadadiario.com\/index.php\/wp-json\/wp\/v2\/categories?post=4746"},{"taxonomy":"post_tag","embeddable":true,"href":"https:\/\/www.actualidadadiario.com\/index.php\/wp-json\/wp\/v2\/tags?post=4746"}],"curies":[{"name":"wp","href":"https:\/\/api.w.org\/{rel}","templated":true}]}}