{"id":4743,"date":"2016-11-21T09:38:35","date_gmt":"2016-11-21T12:38:35","guid":{"rendered":"http:\/\/actualidadadiario.com\/site\/?p=4743"},"modified":"2016-11-21T09:38:35","modified_gmt":"2016-11-21T12:38:35","slug":"ley-de-emergencia-social-para-la-cgt-macri-y-pena-se-lavan-las-manos","status":"publish","type":"post","link":"https:\/\/www.actualidadadiario.com\/index.php\/2016\/11\/21\/ley-de-emergencia-social-para-la-cgt-macri-y-pena-se-lavan-las-manos\/","title":{"rendered":"Ley de Emergencia Social: para la CGT, Macri y Pe\u00f1a &#8220;se lavan las manos&#8221;"},"content":{"rendered":"<p><em><strong>Carlos Acu\u00f1a, uno de los secretarios generales de la CGT, apunt\u00f3 este domingo contra el presidente Mauricio Macri y el jefe de Gabinete, Marcos Pe\u00f1a, por sus dichos en contra de La ley de Emergencia Social, y subray\u00f3 que &#8220;se lavan las manos&#8221; cuando afirman que &#8220;con una ley no se arregla el problema&#8221;<\/strong><\/em><\/p>\n<p>&nbsp;<\/p>\n<p>&nbsp;<\/p>\n<p>&nbsp;<\/p>\n<p>&nbsp;<\/p>\n<p>&nbsp;<\/p>\n<p>&nbsp;<\/p>\n<p>&nbsp;<\/p>\n<p>&#8220;Marcos Pe\u00f1a y el Presidente se lavan las manos al decir que con una ley no arreglamos el problema. Ellos son los que gobiernan y tienen que dar las pol\u00edticas y las leyes para poder gobernar&#8221;, asegur\u00f3 uno de los tres jefes del triunvirato que lidera la CGT, en di\u00e1logo con Radio del Plata.<\/p>\n<p>&nbsp;<\/p>\n<p>Agreg\u00f3 que es una &#8220;falta de respeto&#8221; que el Gobierno razone en esos t\u00e9rminos para descalificar la medida del salario social complementario para los trabajadores informales, y de un aumento del 15 por ciento en las asignaciones universales por Hijo y Embarazo.<\/p>\n<p>&nbsp;<\/p>\n<p>&#8220;Vamos a esperar que el Gobierno reflexione y no vete la ley de Emergencia Social. En el momento en que sucedan esas cosas se reunir\u00e1 el Consejo Directivo y decidir\u00e1 los pasos a seguir&#8221;, advirti\u00f3 el sindicalista cercano al massismo.<\/p>\n<p>&nbsp;<\/p>\n<p>En relaci\u00f3n a los trabajadores registrados, Acu\u00f1a evalu\u00f3 que este a\u00f1o &#8220;se perdi\u00f3 entre el 8 y el 10 por ciento del poder adquisitivo&#8221;, lo cual a su criterio deja en evidencia &#8220;la falta de capacidad para gobernar&#8221; de la gesti\u00f3n de Cambiemos.<\/p>\n<p>&nbsp;<\/p>\n<p>&#8220;El gobierno est\u00e1 gobernando para los ricos y los ricos se equivocan porque los que generan la riqueza son los trabajadores. Si est\u00e1 Argentina sigue funcionando como este a\u00f1o, vamos muy mal. El gobierno tiene que dar un golpe de tim\u00f3n en favor de los trabajadores&#8221;, reclam\u00f3.<\/p>\n","protected":false},"excerpt":{"rendered":"<p>Carlos Acu\u00f1a, uno de los secretarios generales de la CGT, apunt\u00f3 este domingo contra el presidente Mauricio Macri y el jefe de Gabinete, Marcos Pe\u00f1a, por sus dichos en contra de La ley de Emergencia Social, y subray\u00f3 que &#8220;se lavan las manos&#8221; cuando afirman que &#8220;con una ley no se arregla el problema&#8221; &nbsp; &nbsp; &nbsp; &nbsp; &nbsp; &nbsp; &nbsp; &#8220;Marcos Pe\u00f1a y el Presidente se lavan las manos al decir que con una ley no arreglamos el problema. Ellos son los que gobiernan y tienen que dar las&#8230;<\/p>\n","protected":false},"author":3,"featured_media":4744,"comment_status":"closed","ping_status":"closed","sticky":false,"template":"","format":"standard","meta":[],"categories":[18],"tags":[],"_links":{"self":[{"href":"https:\/\/www.actualidadadiario.com\/index.php\/wp-json\/wp\/v2\/posts\/4743"}],"collection":[{"href":"https:\/\/www.actualidadadiario.com\/index.php\/wp-json\/wp\/v2\/posts"}],"about":[{"href":"https:\/\/www.actualidadadiario.com\/index.php\/wp-json\/wp\/v2\/types\/post"}],"author":[{"embeddable":true,"href":"https:\/\/www.actualidadadiario.com\/index.php\/wp-json\/wp\/v2\/users\/3"}],"replies":[{"embeddable":true,"href":"https:\/\/www.actualidadadiario.com\/index.php\/wp-json\/wp\/v2\/comments?post=4743"}],"version-history":[{"count":1,"href":"https:\/\/www.actualidadadiario.com\/index.php\/wp-json\/wp\/v2\/posts\/4743\/revisions"}],"predecessor-version":[{"id":4745,"href":"https:\/\/www.actualidadadiario.com\/index.php\/wp-json\/wp\/v2\/posts\/4743\/revisions\/4745"}],"wp:featuredmedia":[{"embeddable":true,"href":"https:\/\/www.actualidadadiario.com\/index.php\/wp-json\/wp\/v2\/media\/4744"}],"wp:attachment":[{"href":"https:\/\/www.actualidadadiario.com\/index.php\/wp-json\/wp\/v2\/media?parent=4743"}],"wp:term":[{"taxonomy":"category","embeddable":true,"href":"https:\/\/www.actualidadadiario.com\/index.php\/wp-json\/wp\/v2\/categories?post=4743"},{"taxonomy":"post_tag","embeddable":true,"href":"https:\/\/www.actualidadadiario.com\/index.php\/wp-json\/wp\/v2\/tags?post=4743"}],"curies":[{"name":"wp","href":"https:\/\/api.w.org\/{rel}","templated":true}]}}