{"id":4740,"date":"2016-11-21T09:37:42","date_gmt":"2016-11-21T12:37:42","guid":{"rendered":"http:\/\/actualidadadiario.com\/site\/?p=4740"},"modified":"2016-11-21T09:37:42","modified_gmt":"2016-11-21T12:37:42","slug":"massismo-pone-en-duda-apoyo-a-la-ley-de-emergencia-social","status":"publish","type":"post","link":"https:\/\/www.actualidadadiario.com\/index.php\/2016\/11\/21\/massismo-pone-en-duda-apoyo-a-la-ley-de-emergencia-social\/","title":{"rendered":"Massismo pone en duda apoyo a la ley de Emergencia Social"},"content":{"rendered":"<p><em><strong>El diputado del Frente Renovador Jos\u00e9 Ignacio De Mendiguren sembr\u00f3 dudas acerca del apoyo del massismo a la ley de Emergencia Social que ya tiene media sanci\u00f3n en el Senado y que podr\u00eda tratarse en Diputados<\/strong><\/em><\/p>\n<p>&nbsp;<\/p>\n<p>&nbsp;<\/p>\n<p>&nbsp;<\/p>\n<p>&nbsp;<\/p>\n<p>&nbsp;<\/p>\n<p>&#8220;Nosotros hemos analizado el proyecto y no estamos convencidos. Cuando se plantea una ley hay que ver de d\u00f3nde salen los recursos&#8221;, se\u00f1al\u00f3 en di\u00e1logo con radio Milenium De Mendiguren, que anticip\u00f3 que el martes que viene se va a reunir el equipo econ\u00f3mico del Frente Renovador para terminar de definir la postura del bloque.<\/p>\n<p>&nbsp;<\/p>\n<p>Las declaraciones de De Mendiguren trajeron confusi\u00f3n ya que los movimientos sociales promotores del proyecto descontaban el apoyo del massismo, el cual hab\u00eda sido acordado a finales de octubre con Graciela Cama\u00f1o.<\/p>\n<p>&nbsp;<\/p>\n<p>En efecto, el Sal\u00f3n Blanco de la C\u00e1mara Baja hab\u00eda sido sede el 26 de octubre pasado de una reuni\u00f3n clave de los referentes de cada uno de los bloques opositores con los representantes de los movimientos sociales en la que se sell\u00f3 el acuerdo para avanzar en la aprobaci\u00f3n de la ley.<\/p>\n<p>Las palabras de De Mendiguren ponen en suspenso este compromiso que hab\u00eda asumido el Frente Renovador.<\/p>\n<p>&nbsp;<\/p>\n<p>Sin embargo, son conocidas las divergencias -que quedaron al descubierto en discusiones de leyes como el r\u00e9gimen de participaci\u00f3n p\u00fablico privado en obra p\u00fablica- que existen al interior de un bloque tan heterog\u00e9neo como el massista, fundamentalmente entre el ala m\u00e1s desarrollista proempresarial de De Mendiguren y el ala peronista de Felipe Sol\u00e1, Facundo Moyano y H\u00e9ctor Daer.<\/p>\n<p>&nbsp;<\/p>\n<p>Dentro del massismo, De Mendiguren es uno de los dirigentes que considera que la ley de Emergencia Social no debe ser la prioridad, ya que &#8220;de la crisis se sale de una sola forma: creciendo&#8221;.<\/p>\n<p>&nbsp;<\/p>\n<p>Por eso, apunta a resolver la reforma al Impuesto a las Ganancias, que a su entender est\u00e1 &#8220;al alcance de las manos&#8221; y -a diferencia de la Emergencia Social- &#8220;se puede financiar&#8221;.<\/p>\n<p>&nbsp;<\/p>\n<p>&#8220;Con el tema de Ganancias ya dijimos de d\u00f3nde vienen los recursos. Y con la ley de primer empleo precisamos que queremos salir de los planes asistenciales&#8221;, indic\u00f3, al desacreditar el proyecto que plantea la creaci\u00f3n de un salario social complementario para los trabajadores de la econom\u00eda informal, el incremento en un 15 por ciento de las asignaciones universales por hijo y embarazo, y la creaci\u00f3n de un mill\u00f3n de puestos de trabajo cooperativos.<\/p>\n<p>&nbsp;<\/p>\n<p>Agreg\u00f3 que &#8220;si el Gobierno no hace nada, no da elimina ganancias, no baja la inflaci\u00f3n, no da un bono de fin de a\u00f1o, indudablemente le van a aparecer este tipo de leyes&#8221;, en alusi\u00f3n a la ley de Emergencia Social.<\/p>\n","protected":false},"excerpt":{"rendered":"<p>El diputado del Frente Renovador Jos\u00e9 Ignacio De Mendiguren sembr\u00f3 dudas acerca del apoyo del massismo a la ley de Emergencia Social que ya tiene media sanci\u00f3n en el Senado y que podr\u00eda tratarse en Diputados &nbsp; &nbsp; &nbsp; &nbsp; &nbsp; &#8220;Nosotros hemos analizado el proyecto y no estamos convencidos. Cuando se plantea una ley hay que ver de d\u00f3nde salen los recursos&#8221;, se\u00f1al\u00f3 en di\u00e1logo con radio Milenium De Mendiguren, que anticip\u00f3 que el martes que viene se va a reunir el equipo econ\u00f3mico del Frente Renovador para terminar&#8230;<\/p>\n","protected":false},"author":3,"featured_media":4741,"comment_status":"closed","ping_status":"closed","sticky":false,"template":"","format":"standard","meta":[],"categories":[18],"tags":[],"_links":{"self":[{"href":"https:\/\/www.actualidadadiario.com\/index.php\/wp-json\/wp\/v2\/posts\/4740"}],"collection":[{"href":"https:\/\/www.actualidadadiario.com\/index.php\/wp-json\/wp\/v2\/posts"}],"about":[{"href":"https:\/\/www.actualidadadiario.com\/index.php\/wp-json\/wp\/v2\/types\/post"}],"author":[{"embeddable":true,"href":"https:\/\/www.actualidadadiario.com\/index.php\/wp-json\/wp\/v2\/users\/3"}],"replies":[{"embeddable":true,"href":"https:\/\/www.actualidadadiario.com\/index.php\/wp-json\/wp\/v2\/comments?post=4740"}],"version-history":[{"count":1,"href":"https:\/\/www.actualidadadiario.com\/index.php\/wp-json\/wp\/v2\/posts\/4740\/revisions"}],"predecessor-version":[{"id":4742,"href":"https:\/\/www.actualidadadiario.com\/index.php\/wp-json\/wp\/v2\/posts\/4740\/revisions\/4742"}],"wp:featuredmedia":[{"embeddable":true,"href":"https:\/\/www.actualidadadiario.com\/index.php\/wp-json\/wp\/v2\/media\/4741"}],"wp:attachment":[{"href":"https:\/\/www.actualidadadiario.com\/index.php\/wp-json\/wp\/v2\/media?parent=4740"}],"wp:term":[{"taxonomy":"category","embeddable":true,"href":"https:\/\/www.actualidadadiario.com\/index.php\/wp-json\/wp\/v2\/categories?post=4740"},{"taxonomy":"post_tag","embeddable":true,"href":"https:\/\/www.actualidadadiario.com\/index.php\/wp-json\/wp\/v2\/tags?post=4740"}],"curies":[{"name":"wp","href":"https:\/\/api.w.org\/{rel}","templated":true}]}}