{"id":4734,"date":"2016-11-21T09:35:09","date_gmt":"2016-11-21T12:35:09","guid":{"rendered":"http:\/\/actualidadadiario.com\/site\/?p=4734"},"modified":"2016-11-21T09:35:09","modified_gmt":"2016-11-21T12:35:09","slug":"visita-clave-del-primer-ministro-de-japon","status":"publish","type":"post","link":"https:\/\/www.actualidadadiario.com\/index.php\/2016\/11\/21\/visita-clave-del-primer-ministro-de-japon\/","title":{"rendered":"Visita clave del primer ministro de Jap\u00f3n"},"content":{"rendered":"<p><em><strong>El presidente Mauricio Macri recibir\u00e1 este lunes al primer ministro de Jap\u00f3n, Shinzo Abe, para relanzar el v\u00ednculo bilateral y correr la &#8220;cortina de bamb\u00fa&#8221; tras varios a\u00f1os de poco flujo comercial y pol\u00edtico entre ambas naciones<\/strong><\/em><\/p>\n<p>&nbsp;<\/p>\n<p>&nbsp;<\/p>\n<p>&nbsp;<\/p>\n<p>&nbsp;<\/p>\n<p>&nbsp;<\/p>\n<p>&nbsp;<\/p>\n<p>&nbsp;<\/p>\n<p>En la Casa Rosada, el jefe de Estado mantendr\u00e1 un encuentro bilateral con el nip\u00f3n, quien ya visit\u00f3 la Argentina en septiembre de 2013 cuando se realiz\u00f3 en la Ciudad de Buenos Aires la edici\u00f3n n\u00famero 125 de la reuni\u00f3n del Comit\u00e9 Ol\u00edmpico Internacional (COI) en la que se decidi\u00f3 que Tokio sea la sede de los pr\u00f3ximos Juegos Ol\u00edmpicos en 2020.<\/p>\n<p>&nbsp;<\/p>\n<p>Sin embargo, en aquella oportunidad Abe no pudo mantener un encuentro bilateral en la Casa Rosada con la entonces presidenta Cristina Kirchner, ya que la l\u00edder del Frente para la Victoria se encontraba en la cumbre del G20 que se realiz\u00f3 en San Petesburgo.<\/p>\n<p>&nbsp;<\/p>\n<p>De esta manera, se llevar\u00e1 a cabo la segunda visita oficial de un mandatario nip\u00f3n desde que se establecieron las relaciones diplom\u00e1tica en 1898: En 1959 hab\u00eda arribado el primer ministro y abuelo de Abe, Nobusuke Kishi, durante la Presidencia del radical Arturo Frondizi.<\/p>\n<p>&nbsp;<\/p>\n<p>Este lunes, en su segunda visita al pa\u00eds el japon\u00e9s ser\u00e1 recibido por primera vez por el mandatario local en un encuentro que se llevar\u00e1 a cabo en la Balcarce 50 a partir de las 12:30 y que se prolongar\u00e1 hasta cerca de las 15:00 con el almuerzo de honor con el que lo agasajar\u00e1 Macri.<\/p>\n<p>&nbsp;<\/p>\n<p>&#8220;No hubo casi nada de relaci\u00f3n. Hab\u00edan puesto una cortina de bamb\u00fa. Siempre hubo altibajos, pero esa fue una de las peores \u00e9pocas&#8221;, bromearon integrantes de la Embajada japonesa en Buenos Aires al ser consultar por NA respecto al v\u00ednculo bilateral durante el kirchnerismo.<\/p>\n<p>&nbsp;<\/p>\n<p>El giro en la pol\u00edtica exterior que imprimi\u00f3 el l\u00edder del PRO desde su llegada al Gobierno cultiv\u00f3 &#8220;optimismo y expectativas&#8221; en gran parte del mundo, entre los que se encuentra la naci\u00f3n del sol naciente.<\/p>\n<p>&nbsp;<\/p>\n<p>En parte por la apertura econ\u00f3mica y tambi\u00e9n por cuestiones de pol\u00edtica internacional, el Gobierno de Jap\u00f3n y las empresas de ese pa\u00eds tienen &#8220;mucha expectativa por el cambio de Gobierno&#8221; y aguardan las modificaciones legales y pol\u00edticas que fijen &#8220;un buen clima de negocios&#8221;, sostuvo en di\u00e1logo con NA la licenciada en Ciencias Pol\u00edticas y especializada en el Este de Asia Pilar \u00c1lvarez.<\/p>\n<p>&nbsp;<\/p>\n<p>Seg\u00fan la investigadora del Conicet, en el v\u00ednculo econ\u00f3mico entre ambos pa\u00edses &#8220;hubo un efecto muy fuerte a partir de (las pol\u00edticas del ex secretario de Comercio Guillermo) Moreno, porque se cre\u00f3 una cierta idea de pa\u00eds cerrado&#8221;.<\/p>\n<p>&nbsp;<\/p>\n<p>Ante las promesas de campa\u00f1a y las intenciones manifiestas del Gobierno, en la naci\u00f3n asi\u00e1tica se cre\u00f3 &#8220;una gran expectativa&#8221;, aunque \u00c1lvarez advirti\u00f3 que los japoneses concretar\u00e1n inversiones &#8220;siempre y cuando se cumplan algunas de los compromisos para abaratar la mano de obra&#8221;, algo que reclaman los nipones.<\/p>\n<p>&nbsp;<\/p>\n<p>En el terreno pol\u00edtico, el acercamiento de la Argentina a Estados Unidos tambi\u00e9n influy\u00f3 para que la isla asi\u00e1tica vea con buenos ojos al Gobierno de Macri: &#8220;Jap\u00f3n no se mueve mucho por fuera de sus lineamientos de pol\u00edtica internacional, que coinciden con los de Washington&#8221;, explic\u00f3 la especialista en el Lejano Oriente.<\/p>\n<p>&nbsp;<\/p>\n<p>Y agreg\u00f3: &#8220;Est\u00e1 claro que el Gobierno argentino ha demostrado su intenci\u00f3n de afianzar el v\u00ednculo&#8221;.<\/p>\n<p>&nbsp;<\/p>\n<p>En tanto, fuentes de la diplomacia nipona anticiparon a NA que durante la reuni\u00f3n bilateral se oficializar\u00e1 el regreso de un representante permanente de la Japan External Trade Organization (JETRO), organismo que promueve la expansi\u00f3n de empresas de ese pa\u00eds en el exterior y que se retir\u00f3 de la Argentina en 2010.<\/p>\n<p>&nbsp;<\/p>\n<p>Esa decisi\u00f3n hab\u00eda sido comunicada tanto a la vicepresidenta, Gabriela Michetti, como a la canciller, Susana Malcorra, durante los encuentros que mantuvieron en Tokio con Abe y el ministro de Relaciones Exteriores de Jap\u00f3n, Fumio Kishida, respectivamente.<\/p>\n<p>&nbsp;<\/p>\n<p>&#8220;La falta de seguridad jur\u00eddica de los \u00faltimos a\u00f1os volte\u00f3 cualquier intenci\u00f3n de invertir por parte de empresas extranjeras y las japonesas no estuvieron exentas&#8221;, lamentaron en la diplomacia oriental.<\/p>\n<p>&nbsp;<\/p>\n<p>En ese sentido, tras la reuni\u00f3n bilateral en la Casa Rosada, el primer ministro nip\u00f3n encabezar\u00e1 el foro &#8220;Oportunidades de negocios entre Argentina y Jap\u00f3n&#8221; en el Hotel Hilton, ubicado en el barrio porte\u00f1o de Puerto Madero.<\/p>\n<p>&nbsp;<\/p>\n<p>La jornada fue organizada por JETRO, la Agencia Argentina de Inversiones y Comercio Internacional y la Canciller\u00eda, as\u00ed como tambi\u00e9n cuenta con el apoyo del Comit\u00e9 Mixto Empresario Argentino-Japon\u00e9s y la C\u00e1mara Japonesa de Comercio e Industria en la Argentina.<\/p>\n<p>&nbsp;<\/p>\n<p>Las inversiones japonesas en la Argentina son de alrededor de 100 millones de d\u00f3lares anuales y el objetivo de la naci\u00f3n oriental es llegar a unos 2.000 o 3.000 millones de d\u00f3lares por a\u00f1o hacia 2019.<\/p>\n<p>&nbsp;<\/p>\n<p>En lo que respecta al intercambio comercial, en 2015 la balanza fue claramente negativa para la Argentina: Se exportaron bienes y servicios por 625 millones de d\u00f3lares y se import\u00f3 un total de 1.223 millones de d\u00f3lares, seg\u00fan cifras oficiales.<\/p>\n<p>&nbsp;<\/p>\n<p>Jap\u00f3n ocupa el decimosegundo lugar entre los pa\u00edses inversores en Argentina, frente al quinto lugar que ocupa en Brasil y Chile y el sexto en M\u00e9xico.<\/p>\n<p>&nbsp;<\/p>\n<p>Con 421 millones de d\u00f3lares, la Argentina s\u00f3lo recibi\u00f3 el 6 por ciento del total de inversiones japonesas en Am\u00e9rica Latina, algo que puede entenderse en la ausencia de tratados de asociaci\u00f3n econ\u00f3mica bilateral, como tienen Chile, M\u00e9xico y Per\u00fa, que integran el Acuerdo Estrat\u00e9gico Transpac\u00edfico.<\/p>\n<p>&nbsp;<\/p>\n<p>Shinzo Abe tambi\u00e9n se reunir\u00e1 con miembros de la comunidad nikkei, cuyos 65 mil integrantes la convierten en la tercera de Am\u00e9rica Latina.<\/p>\n<p>&nbsp;<\/p>\n<p>Asimismo, se espera que en el encuentro bilateral en el Despacho Presidencial se avance en la posibilidad de que Macri realice una visita oficial a Tokio en la primera mitad de 2017: el \u00faltimo mandatario argentino que viaj\u00f3 a Jap\u00f3n fue Carlos Menem en 1998.<\/p>\n","protected":false},"excerpt":{"rendered":"<p>El presidente Mauricio Macri recibir\u00e1 este lunes al primer ministro de Jap\u00f3n, Shinzo Abe, para relanzar el v\u00ednculo bilateral y correr la &#8220;cortina de bamb\u00fa&#8221; tras varios a\u00f1os de poco flujo comercial y pol\u00edtico entre ambas naciones &nbsp; &nbsp; &nbsp; &nbsp; &nbsp; &nbsp; &nbsp; En la Casa Rosada, el jefe de Estado mantendr\u00e1 un encuentro bilateral con el nip\u00f3n, quien ya visit\u00f3 la Argentina en septiembre de 2013 cuando se realiz\u00f3 en la Ciudad de Buenos Aires la edici\u00f3n n\u00famero 125 de la reuni\u00f3n del Comit\u00e9 Ol\u00edmpico Internacional (COI) en&#8230;<\/p>\n","protected":false},"author":3,"featured_media":4735,"comment_status":"closed","ping_status":"closed","sticky":false,"template":"","format":"standard","meta":[],"categories":[2],"tags":[],"_links":{"self":[{"href":"https:\/\/www.actualidadadiario.com\/index.php\/wp-json\/wp\/v2\/posts\/4734"}],"collection":[{"href":"https:\/\/www.actualidadadiario.com\/index.php\/wp-json\/wp\/v2\/posts"}],"about":[{"href":"https:\/\/www.actualidadadiario.com\/index.php\/wp-json\/wp\/v2\/types\/post"}],"author":[{"embeddable":true,"href":"https:\/\/www.actualidadadiario.com\/index.php\/wp-json\/wp\/v2\/users\/3"}],"replies":[{"embeddable":true,"href":"https:\/\/www.actualidadadiario.com\/index.php\/wp-json\/wp\/v2\/comments?post=4734"}],"version-history":[{"count":1,"href":"https:\/\/www.actualidadadiario.com\/index.php\/wp-json\/wp\/v2\/posts\/4734\/revisions"}],"predecessor-version":[{"id":4736,"href":"https:\/\/www.actualidadadiario.com\/index.php\/wp-json\/wp\/v2\/posts\/4734\/revisions\/4736"}],"wp:featuredmedia":[{"embeddable":true,"href":"https:\/\/www.actualidadadiario.com\/index.php\/wp-json\/wp\/v2\/media\/4735"}],"wp:attachment":[{"href":"https:\/\/www.actualidadadiario.com\/index.php\/wp-json\/wp\/v2\/media?parent=4734"}],"wp:term":[{"taxonomy":"category","embeddable":true,"href":"https:\/\/www.actualidadadiario.com\/index.php\/wp-json\/wp\/v2\/categories?post=4734"},{"taxonomy":"post_tag","embeddable":true,"href":"https:\/\/www.actualidadadiario.com\/index.php\/wp-json\/wp\/v2\/tags?post=4734"}],"curies":[{"name":"wp","href":"https:\/\/api.w.org\/{rel}","templated":true}]}}