{"id":47316,"date":"2019-07-02T10:29:22","date_gmt":"2019-07-02T13:29:22","guid":{"rendered":"https:\/\/www.actualidadadiario.com\/?p=47316"},"modified":"2019-07-02T10:29:22","modified_gmt":"2019-07-02T13:29:22","slug":"bordet-convoco-a-intendentes-electos-y-puso-a-disposicion-las-herramientas-de-la-provincia","status":"publish","type":"post","link":"https:\/\/www.actualidadadiario.com\/index.php\/2019\/07\/02\/bordet-convoco-a-intendentes-electos-y-puso-a-disposicion-las-herramientas-de-la-provincia\/","title":{"rendered":"Bordet convoc\u00f3 a intendentes electos y puso a disposici\u00f3n las herramientas de la provincia"},"content":{"rendered":"\n<p><strong><em>En el marco del trabajo institucional de la provincia con municipios de todas las expresiones pol\u00edticas, el gobernador Gustavo Bordet reuni\u00f3 este lunes a los intendentes electos del Frente Creer Entre R\u00edos. Los convoc\u00f3 a trabajar en equipo y anunci\u00f3 un programa de capacitaciones para intendencias<\/em><\/strong><\/p>\n\n\n\n<p><\/p>\n\n\n\n<p><\/p>\n\n\n\n<p>Adem\u00e1s participaron los jefes comunales electos de cuatro de\nlas cinco intendencias nuevas que se crearon en el marco de la Ley de Comunas.\nEn los pr\u00f3ximos d\u00edas se concretar\u00e1 la convocatoria a los intendentes de las\ndem\u00e1s fuerzas pol\u00edticas.<\/p>\n\n\n\n<p>&#8220;Hemos podido encontrarnos con todos los intendentes\nelectos y reelectos que asumir\u00e1n diferentes desaf\u00edos a partir del 11 de\ndiciembre, y que muchos tendr\u00e1n que llevar adelante un proceso de\ntransici\u00f3n&#8221;, dijo el vicegobernador e intendente electo de Paran\u00e1, Ad\u00e1n\nBahl.<\/p>\n\n\n\n<p>En ese sentido, Bahl destac\u00f3: \u201cLo importante es generar\nestos espacios, d\u00f3nde muchas veces se puede acudir para llevar adelante\ngestiones en com\u00fan, y fundamentalmente conocer el equipo del gobierno\nprovincial, un equipo s\u00f3lido, profesional y muy comprometido que est\u00e1 a\ndisposici\u00f3n para colaborar con todos la intendentes&#8221;.<\/p>\n\n\n\n<p>En referencia a la realidad de su ciudad, Bahl sostuvo que\n\u201cindudablemente es una gran oportunidad para la ciudad de Paran\u00e1, que volver\u00e1 a\ntrabajar en el mismo sentido que el gobierno provincial, y eso genera muchas\nexpectativas, en que nuestra capital se sume al proceso de desarrollo que\nimpulsa el gobernador Bordet en la provincia\u201d, y finaliz\u00f3: \u201cEs una reuni\u00f3n que\nnos fortalece a todos quienes compartimos la responsabilidad de cumplir con el\ncompromiso asumido con los vecinos\u201d.<\/p>\n\n\n\n<p>Por otra parte, el intendente de Concordia, Enrique Cresto,\ndestac\u00f3 la importancia y valor\u00f3 como &#8220;muy atinada la iniciativa del\ngobernador de convocar a esta nueva Liga, a fin de rescatar nuestra experiencia\ne intercambiar experiencias con otros intendentes\u201d. Opin\u00f3 que este tipo de\nreuniones, dan la posibilidad de \u201cbrindar nuestra experiencia a muchos\nintendentes que van a asumir en diciembre en esta etapa de transici\u00f3n con\ncapacitaci\u00f3n permanente, con pol\u00edticas p\u00fablicas que se han transformado en\npol\u00edticas de Estado en Concordia, hay una continuidad de ocho a\u00f1os de Gustavo\nBordet como intendente y ahora estamos nosotros con un mismo equipo de trabajo\ny esa experiencia poder volcarla para que cada intendente que asuma pueda\nvolcarla en el desarrollo de su pueblo\u201d.<\/p>\n\n\n\n<p>Respecto de la modalidad de trabajo explic\u00f3 que &#8220;el\ngobernador estuvo con el vicegobernador y los ministros del gobierno para que\ntengan conexi\u00f3n y contacto con cada uno de los nuevos intendentes, sabemos que\nhoy una primera reuni\u00f3n y con ese contacto fluido se puede comenzar a trabajar\nen la transici\u00f3n y es una oportunidad muy buena, es muy atinado y m\u00e1s convocar\nhoy 1\u00ba de julio que se cumplen 45 a\u00f1os del fallecimiento de Juan Domingo\nPer\u00f3n\u201d.<\/p>\n\n\n\n<p>En tanto, el intendente electo de Concepci\u00f3n del Uruguay,\nMart\u00edn Oliva, indic\u00f3 que para su ciudad y todo el Departamento, &#8220;fue una\nconvocatoria muy generosa donde dejamos claro el compromiso de trabajar por los\nintereses de Concepci\u00f3n del Uruguay, acompa\u00f1ando a la par a los otros\nintendentes y presidentes de juntas de gobierno del departamento\u201d.<\/p>\n\n\n\n<p>Agradeci\u00f3 adem\u00e1s al gobernador &#8220;por el apoyo en la\ncampa\u00f1a y un compromiso de cara a la generales nacionales de agosto y\noctubre&#8221;. Finalmente reafirm\u00f3 \u201cel compromiso de trabajar junto a los otros\nintendentes en esta transici\u00f3n, y junto al gobernador los cuatro a\u00f1os por venir\ny celebrando este tipo de encuentros&#8221;.<\/p>\n\n\n\n<p>Por otra parte, Adriana Meza Torres, intendenta electa de\nLos Conquistadores, departamento Federaci\u00f3n, afirm\u00f3 que &#8220;en lo personal la\nexperiencia fue muy enriquecedora, esta formaci\u00f3n de equipo para trabajar en\nlos cuatro a\u00f1os que vienen, una herramienta de trabajo para potenciar las\nfuturas gestiones\u201d.<\/p>\n\n\n\n<p>\u201cIndudablemente al trabajar en la misma l\u00ednea con el\ngobernador va a ser favorecida nuestra comunidad\u201d, indic\u00f3 y puso de relieve la\nposibilidad que se dar\u00e1 a los intendentes de participar en una capacitaci\u00f3n\n\u201cpara adecuar la parte contable y derecho administrativo y capacitar a los\nintendentes electos y los que est\u00e1n en funci\u00f3n\u201d.<\/p>\n\n\n\n<p>Por su parte, Hugo Ram\u00edrez, quien es el intendente electo\npor primea vez de Aldea Brasilera, una de las juntas de gobierno que pas\u00f3 a ser\nmunicipio en el departamento Diamante, afirm\u00f3 que &#8220;es un desaf\u00edo y nos\nsentimos muy halagados de estar incorporados a este grupo, de ser parte de la\nLiga de Intendentes\u201d.<\/p>\n\n\n\n<p>Valor\u00f3 adem\u00e1s que &#8220;necesitamos mucho de las\ncapacitaciones, porque tenemos que armar un municipio y pensamos que esos son\nlos cimientos para el crecimiento de nuestro pueblo por muchos a\u00f1os. Realmente\nmuy halagados y acompa\u00f1ados por el gobernador y su equipo de ministros\u201d.\nFinalmente destac\u00f3 que \u201cal pasar de ser junta de gobierno a municipio,\nrealmente es todo un cambio\u201d.<\/p>\n\n\n\n<p><strong>Capacitaci\u00f3n a\nintendentes y equipos<\/strong><\/p>\n\n\n\n<p>De los cinco municipios nuevos que hay en la provincia,\ncuatro de los intendentes electos estuvieron presentes en la reuni\u00f3n con el\ngobernador. Durante el encuentro, se inform\u00f3 que entre los meses de agosto a\nnoviembre de este a\u00f1o en cuatro ciudades de la provincia, se posibilitar\u00e1 la\ncapacitaci\u00f3n destinada a nuevos intendentes, que asumen su gesti\u00f3n por primera\nvez, a sus equipos y a los presidentes comunales y grupos que hayan sido electos\nen la elecci\u00f3n general.<\/p>\n\n\n\n<p>El prop\u00f3sito de la capacitaci\u00f3n es preparar las estructuras\ndel Estado para atender los requerimientos de la poblaci\u00f3n con tem\u00e1ticas como\nla Ley de Municipios, Ley de Comunas, Procesos de rendici\u00f3n de cuentas ante el\nTribunal de Cuentas, organismos de control, procesos de compras licitaciones y\nprocedimientos administrativos. Se buscar\u00e1 adem\u00e1s contribuir al proceso de\nmodernizaci\u00f3n y despapelizaci\u00f3n en los municipios tal como lo viene haciendo la\nprovincia.<\/p>\n\n\n\n<p>La capacitaci\u00f3n est\u00e1 abierta a todos aquellos que siendo\nmiembros electivos o de los equipos de los futuros gobiernos quieran participar\nde un \u00e1mbito com\u00fan de estudio y trabajo en torno a las normas provinciales,\ndesde la Constituci\u00f3n hasta las normas reglamentarias de todos los preceptos\nconstitucionales.<\/p>\n\n\n\n<p><strong>Presencias<\/strong><\/p>\n\n\n\n<p>Acompa\u00f1aron al gobernador Gustavo Bordet el vicegobernador\nAd\u00e1n Bahl; los ministros de Desarrollo Social, Laura Stratta; de Gobierno y\nJusticia, Rosario Romero; de Econom\u00eda, Hugo Ballay; de Salud, Sonia Vel\u00e1zquez y\nde Planeamiento, Luis Benedetto. Tambi\u00e9n participaron el secretario General de\nla Gobernaci\u00f3n, Edgardo Kueider; y el titular del IAPV, Marcelo Casaretto<\/p>\n\n\n\n<p>Adem\u00e1s, estuvieron los intendentes de Diamante; Juan Carlos\nDarrich\u00f3n; Maci\u00e1, Juan Diego Conti; Villa Paranacito, Gabriel Garc\u00eda; Federal,\nGerardo Chapino; Larroque, Leonardo Hassel; Colonia Avellaneda, Ariel Weiss;\nPiedras Blancas, Gino Mesquida; San Gustavo, Cesar Simino; Segu\u00ed, Gerardo\nHeberlein; Feliciano, Dami\u00e1n Ar\u00e9valo; Villa Dom\u00ednguez, Juan Romero; Villa\nClara, Silvina Dom\u00e9; Carb\u00f3, Rodolfo Romero; Hern\u00e1ndez, Luis Gaioli; Herrera,\nRen\u00e9 Bonato; Colonia Ayu\u00ed, Edgardo Almada; La Criolla, Ariel Stucker;\nAranguren, Luis Siebenlist; General Galarza, Fabi\u00e1n Menescardi; Pueblo Brugo,\nMart\u00edn Ruiz; Gilbert, Fabi\u00e1n Constantino; Conscripto Bernardi, Marina Canteros;\nVillaguay, Claudia Monjo; Los Conquistadores, Adriana Meza Torres; San Jaime de\nla Frontera, Antonio Rodr\u00edguez; Federaci\u00f3n, Ricardo Bravo; Villa Mantero,\nHernan Niz; Pronunciamiento, Ricardo Sanoval; San Justo, Fernando Viganoi;\nColonia El\u00eda, Gabriel Barbar\u00e1; Aldea Brasilera, Hugo Ram\u00edrez; El Pingo, Diego\nPlassy; Tabossi, Liliana Landra; San Salvador, Lucas Larrarte; General Campos,\nSergio Mart\u00ednez; Pueblo Liebig, Julio Rub\u00e9n Pintos; San Jos\u00e9, Gustavo Basti\u00e1n;\nAldea San Antonio, Mauro D\u00edaz Ch\u00e1vez; Concepci\u00f3n del Uruguay, Mart\u00edn Oliva;\nConcordia, Enrique Cresto.<\/p>\n","protected":false},"excerpt":{"rendered":"<p>En el marco del trabajo institucional de la provincia con municipios de todas las expresiones pol\u00edticas, el gobernador Gustavo Bordet reuni\u00f3 este lunes a los intendentes electos del Frente Creer Entre R\u00edos. Los convoc\u00f3 a trabajar en equipo y anunci\u00f3 un programa de capacitaciones para intendencias Adem\u00e1s participaron los jefes comunales electos de cuatro de las cinco intendencias nuevas que se crearon en el marco de la Ley de Comunas. En los pr\u00f3ximos d\u00edas se concretar\u00e1 la convocatoria a los intendentes de las dem\u00e1s fuerzas pol\u00edticas. &#8220;Hemos podido encontrarnos con&#8230;<\/p>\n","protected":false},"author":3,"featured_media":47317,"comment_status":"closed","ping_status":"closed","sticky":false,"template":"","format":"standard","meta":[],"categories":[9],"tags":[],"_links":{"self":[{"href":"https:\/\/www.actualidadadiario.com\/index.php\/wp-json\/wp\/v2\/posts\/47316"}],"collection":[{"href":"https:\/\/www.actualidadadiario.com\/index.php\/wp-json\/wp\/v2\/posts"}],"about":[{"href":"https:\/\/www.actualidadadiario.com\/index.php\/wp-json\/wp\/v2\/types\/post"}],"author":[{"embeddable":true,"href":"https:\/\/www.actualidadadiario.com\/index.php\/wp-json\/wp\/v2\/users\/3"}],"replies":[{"embeddable":true,"href":"https:\/\/www.actualidadadiario.com\/index.php\/wp-json\/wp\/v2\/comments?post=47316"}],"version-history":[{"count":1,"href":"https:\/\/www.actualidadadiario.com\/index.php\/wp-json\/wp\/v2\/posts\/47316\/revisions"}],"predecessor-version":[{"id":47318,"href":"https:\/\/www.actualidadadiario.com\/index.php\/wp-json\/wp\/v2\/posts\/47316\/revisions\/47318"}],"wp:featuredmedia":[{"embeddable":true,"href":"https:\/\/www.actualidadadiario.com\/index.php\/wp-json\/wp\/v2\/media\/47317"}],"wp:attachment":[{"href":"https:\/\/www.actualidadadiario.com\/index.php\/wp-json\/wp\/v2\/media?parent=47316"}],"wp:term":[{"taxonomy":"category","embeddable":true,"href":"https:\/\/www.actualidadadiario.com\/index.php\/wp-json\/wp\/v2\/categories?post=47316"},{"taxonomy":"post_tag","embeddable":true,"href":"https:\/\/www.actualidadadiario.com\/index.php\/wp-json\/wp\/v2\/tags?post=47316"}],"curies":[{"name":"wp","href":"https:\/\/api.w.org\/{rel}","templated":true}]}}