{"id":47310,"date":"2019-07-01T10:47:40","date_gmt":"2019-07-01T13:47:40","guid":{"rendered":"https:\/\/www.actualidadadiario.com\/?p=47310"},"modified":"2019-07-01T10:47:40","modified_gmt":"2019-07-01T13:47:40","slug":"el-frente-amplio-renueva-su-liderazgo-en-uruguay","status":"publish","type":"post","link":"https:\/\/www.actualidadadiario.com\/index.php\/2019\/07\/01\/el-frente-amplio-renueva-su-liderazgo-en-uruguay\/","title":{"rendered":"El Frente Amplio renueva su liderazgo en Uruguay"},"content":{"rendered":"\n<p><strong><em>El FA llevar\u00e1 por primera vez un candidato que no pertenece a la hist\u00f3rica generaci\u00f3n de Tabar\u00e9 V\u00e1zquez (79), Jos\u00e9 Mujica (84) y Danilo Astori (79)<\/em><\/strong><\/p>\n\n\n\n<p><\/p>\n\n\n\n<p><\/p>\n\n\n\n<p>Uruguay celebr\u00f3 ayer elecciones internas para elegir a los\ncandidatos presidenciales con una mayor participaci\u00f3n de la que se esperaba.\nAunque al cierre de esta edici\u00f3n se desconoc\u00edan los resultados oficiales, los\nprimeros resultados indicaban que el ex intendente de Montevideo Daniel\nMart\u00ednez, de 62 a\u00f1os, result\u00f3 ganador del oficialista Frente Amplio (FA), con\nentre el 41 y el 43 por ciento de los votos.<\/p>\n\n\n\n<p>Adem\u00e1s de Mart\u00ednez se presentaron por el oficialismo\nCarolina Cosse, ex ministra de Industria, que \u2013seg\u00fan los primeros n\u00fameros\u2013\nobtuvo entre el 23 y el 26 por ciento; Oscar Andrade, ex diputado del Partido\nComunista y ex sindicalista de la construcci\u00f3n, que acumul\u00f3 tambi\u00e9n entre 23 y\nel 25 por ciento, y Mario Bergara, ex presidente del Banco Central, entre el 10\ny el 11 por ciento. La coalici\u00f3n del FA llevar\u00e1, as\u00ed, por primera vez un\ncandidato presidencial que no pertenece a la hist\u00f3rica generaci\u00f3n del actual\npresidente Tabar\u00e9 V\u00e1zquez (79), del ex presidente Jos\u00e9 Mujica (84) y del ex\nvice y actual ministro de econom\u00eda, Danilo Astori (79).&nbsp; <\/p>\n\n\n\n<p>Por el momento, no obstante, se desconoce la f\u00f3rmula que\ncompetir\u00e1 en las elecciones de octubre. Despu\u00e9s de votar ayer, Mart\u00ednez hab\u00eda\ndescartado que se conociera quien ser\u00eda su vice anoche, al conocerse los\nresultados. \u201cHasta no estar seguro, sentir\u00eda como un acto de soberbia si\nhubiera avanzado en cualquier definici\u00f3n\u201d, afirm\u00f3. \u201cEn cualquier situaci\u00f3n\ncompartir\u00e9 con los otros precandidatos y precandidata en buena onda y tratando\nde pensar en el pa\u00eds del futuro\u201d, agreg\u00f3, citado por el diario uruguayo La\nDiaria. Adem\u00e1s, al ser cuestionado sobre la posibilidad de que el candidato a\nla vicepresidencia lo ocupe el precandidato o precandidata que obtuviera el\nsegundo lugar, asegur\u00f3 que hasta el momento eso s\u00f3lo hab\u00eda ocurrido en el caso\nde Mujica y Astori.&nbsp; Cosse, por su parte,\nfue tajante al respecto. \u201cYo voy a estar siempre apoyado al partido. Si fuera\nposible tener la f\u00f3rmula presidencial esta noche ser\u00eda maravilloso. Tiene que\nser paritaria y salir de los cuatro candidatos\u201d, dijo la ex ministra, seg\u00fan el\nperi\u00f3dico El Observador. El FA enfrenta por primera vez en m\u00e1s de una d\u00e9cada\nuna elecci\u00f3n presidencial muy disputada y, por eso, sus precandidatos hab\u00edan\nintentado evitar cruces agresivos o divisiones dif\u00edciles de reparar en la\ncampa\u00f1a.<\/p>\n\n\n\n<p>Uno de los m\u00e1s madrugadores de la jornada fue el mandatario\nuruguayo, quien emiti\u00f3 su voto en Montevideo, poco despu\u00e9s de la apertura de\npuertas de los centros, a las 8.00 de la ma\u00f1ana. V\u00e1zquez se dirigi\u00f3 al popular\nbarrio de La Teja, donde sufraga habitualmente, y reconoci\u00f3 que en este tipo de\nvotaci\u00f3n interna, que se celebra por tercera vez en Uruguay y que no es\nobligatoria, la concurrencia suele ser muy baja. No obstante,&nbsp; en las \u00faltimas dos horas y media de la\njornada electoral, el porcentaje de votantes lleg\u00f3 a 40, superando el 34 por\nciento de 2014. Durante todo el d\u00eda, los precandidatos y principales dirigentes\npol\u00edticos mostraron calma y buen humor al votar, como Mujica, que pidi\u00f3 a una\nradio que pasara el tango \u201cEn esta tarde gris\u201d, en alusi\u00f3n al mal tiempo, y\nCosse, quien explic\u00f3 por qu\u00e9 ir\u00eda junto a su madre a ejercer el tr\u00e1mite: \u201cSi no\nla acompa\u00f1o, me deshereda\u201d, dijo.<\/p>\n\n\n\n<p>Adem\u00e1s del Frente Amplio, el Partido Nacional y el Partido\nColorado (ver aparte), otros partidos m\u00e1s peque\u00f1os disputaron las internas.\nEntre estos \u00faltimos, los favoritos para quedarse con las candidaturas se\ndestacaban Pablo Mieres, del Partido Independiente; Edgardo Novick, del Partido\nde la Gente, y el ex jefe del Ej\u00e9rcito Guido Manini R\u00edos, del Partido Cabildo\nAbierto.<\/p>\n","protected":false},"excerpt":{"rendered":"<p>El FA llevar\u00e1 por primera vez un candidato que no pertenece a la hist\u00f3rica generaci\u00f3n de Tabar\u00e9 V\u00e1zquez (79), Jos\u00e9 Mujica (84) y Danilo Astori (79) Uruguay celebr\u00f3 ayer elecciones internas para elegir a los candidatos presidenciales con una mayor participaci\u00f3n de la que se esperaba. Aunque al cierre de esta edici\u00f3n se desconoc\u00edan los resultados oficiales, los primeros resultados indicaban que el ex intendente de Montevideo Daniel Mart\u00ednez, de 62 a\u00f1os, result\u00f3 ganador del oficialista Frente Amplio (FA), con entre el 41 y el 43 por ciento de los&#8230;<\/p>\n","protected":false},"author":3,"featured_media":47311,"comment_status":"closed","ping_status":"closed","sticky":false,"template":"","format":"standard","meta":[],"categories":[4],"tags":[],"_links":{"self":[{"href":"https:\/\/www.actualidadadiario.com\/index.php\/wp-json\/wp\/v2\/posts\/47310"}],"collection":[{"href":"https:\/\/www.actualidadadiario.com\/index.php\/wp-json\/wp\/v2\/posts"}],"about":[{"href":"https:\/\/www.actualidadadiario.com\/index.php\/wp-json\/wp\/v2\/types\/post"}],"author":[{"embeddable":true,"href":"https:\/\/www.actualidadadiario.com\/index.php\/wp-json\/wp\/v2\/users\/3"}],"replies":[{"embeddable":true,"href":"https:\/\/www.actualidadadiario.com\/index.php\/wp-json\/wp\/v2\/comments?post=47310"}],"version-history":[{"count":1,"href":"https:\/\/www.actualidadadiario.com\/index.php\/wp-json\/wp\/v2\/posts\/47310\/revisions"}],"predecessor-version":[{"id":47312,"href":"https:\/\/www.actualidadadiario.com\/index.php\/wp-json\/wp\/v2\/posts\/47310\/revisions\/47312"}],"wp:featuredmedia":[{"embeddable":true,"href":"https:\/\/www.actualidadadiario.com\/index.php\/wp-json\/wp\/v2\/media\/47311"}],"wp:attachment":[{"href":"https:\/\/www.actualidadadiario.com\/index.php\/wp-json\/wp\/v2\/media?parent=47310"}],"wp:term":[{"taxonomy":"category","embeddable":true,"href":"https:\/\/www.actualidadadiario.com\/index.php\/wp-json\/wp\/v2\/categories?post=47310"},{"taxonomy":"post_tag","embeddable":true,"href":"https:\/\/www.actualidadadiario.com\/index.php\/wp-json\/wp\/v2\/tags?post=47310"}],"curies":[{"name":"wp","href":"https:\/\/api.w.org\/{rel}","templated":true}]}}