{"id":47301,"date":"2019-07-01T10:45:08","date_gmt":"2019-07-01T13:45:08","guid":{"rendered":"https:\/\/www.actualidadadiario.com\/?p=47301"},"modified":"2019-07-01T10:45:08","modified_gmt":"2019-07-01T13:45:08","slug":"advierten-sobre-la-precarizacion-mundial-del-trabajo","status":"publish","type":"post","link":"https:\/\/www.actualidadadiario.com\/index.php\/2019\/07\/01\/advierten-sobre-la-precarizacion-mundial-del-trabajo\/","title":{"rendered":"Advierten sobre la precarizaci\u00f3n mundial del trabajo"},"content":{"rendered":"\n<p><strong><em>Preocupa la p\u00e9rdida de la formalidad laboral y el cambio de tareas por la irrupci\u00f3n de nuevas tecnolog\u00edas<\/em><\/strong><\/p>\n\n\n\n<p><\/p>\n\n\n\n<p><\/p>\n\n\n\n<p>Aunque no forma de un planteo oficial, en el seno de la\nOrganizaci\u00f3n Internacional del Trabajo (OIT) existe la perspectiva negativa de\nque los empleos precarizados crecer\u00e1n en forma violenta, junto a lo que se\nobserva como la reconversi\u00f3n de las tareas por el avance de nuevas tecnolog\u00edas.<\/p>\n\n\n\n<p>Fuentes del organismo con sede en Ginebra expresaron que uno\nde los puntos m\u00e1s \u00e1lgidos es la violaci\u00f3n del convenio sobre las agencias de\nempleo privadas, que data de 1997. En su art\u00edculo 7 plantea que &#8220;las\nagencias de empleo privadas no deber\u00e1n cobrar a los trabajadores, ni directa ni\nindirectamente, ni en todo ni en parte, ning\u00fan tipo de honorario o\ntarifa&#8221;.<\/p>\n\n\n\n<p>En las plataformas mundiales de \u00abfreelance&#8221;, los\ntrabajadores pagan por trabajar. Uno de los pa\u00edses donde la situaci\u00f3n se torn\u00f3\nmuy grave es Ucrania: 85% de los usuarios\/trabajadores pagan una comisi\u00f3n a la plataforma\npor obtener empleos.<\/p>\n\n\n\n<p>En la reciente Comisi\u00f3n Mundial sobre el Futuro del Trabajo,\nque tuvo lugar en la OIT, el organismo fue tajante: &#8220;Recomendamos el\ndesarrollo de un sistema de gobernanza internacional de las plataformas\ndigitales de trabajo, que establezca y exija que las plataformas (y sus\nclientes) respeten ciertos derechos y protecciones m\u00ednimos&#8221;.<\/p>\n\n\n\n<p>Las fuentes de la OIT apuntaron: &#8220;hemos vuelto atr\u00e1s\ncien a\u00f1os en muchos aspectos. Tenemos un retroceso con jornadas largas de\nempleo, ausencia de sindicatos en determinados trabajos. El caso Uber abre un\ngran debate, donde el trabajo es escondido y el pago regulado&#8221;.<\/p>\n\n\n\n<p>Uno de los ejemplos positivos para intentar torcer un rumbo\nque parece muy s\u00f3lido es el convenio sobre el trabajo mar\u00edtimo, que se firm\u00f3 en\nel 2006. Para la OIT, es una fuente de inspiraci\u00f3n, como dejan trascender sus\ninformes. En este acuerdo, se establecen condiciones de trabajo saludables para\nla llamada &#8220;gente de mar&#8221; (aproximadamente 1,5 millones de\ntrabajadores). Las fuentes destacan que se asegur\u00f3 la competencia leal, y que\nel esquema regulador fue &#8220;el resultado de un di\u00e1logo social extenso&#8221;\ny est\u00e1 &#8220;regulado al nivel internacional&#8221;.<\/p>\n\n\n\n<p>En el fen\u00f3meno moderno de las plataformas digitales, existen\nvarios preocupaciones como el pago de las tareas; la disponibilidad de trabajo;\ntrato injusto hacia los solicitantes; falta de respuesta de las plataformas a\nlas preocupaciones de los trabajadores, entre otros \u00edtems.<\/p>\n\n\n\n<p>Una de las frases que m\u00e1s se escuchan en la OIT cuando se\nabordan las nuevas formas de empleo es: &#8220;Siento que controlo el trabajo,\npero no tengo control sobre cu\u00e1ndo habr\u00e1 trabajo disponible&#8221;. Otra\ndeclaraci\u00f3n ilustrativa es: &#8220;por cada hora que paso trabajando, lo m\u00e1s\nprobable es que pase dos horas monitoreando los diversos guiones que tengo para\nver qu\u00e9 trabajos aparecen&#8221;.<\/p>\n\n\n\n<p>En este escenario, se suma la denominada &#8220;nueva\ninformalidad&#8221;, que son las escasas o nulas contribuciones al sistema de\nseguridad social por parte de trabajadores precarizados.<\/p>\n","protected":false},"excerpt":{"rendered":"<p>Preocupa la p\u00e9rdida de la formalidad laboral y el cambio de tareas por la irrupci\u00f3n de nuevas tecnolog\u00edas Aunque no forma de un planteo oficial, en el seno de la Organizaci\u00f3n Internacional del Trabajo (OIT) existe la perspectiva negativa de que los empleos precarizados crecer\u00e1n en forma violenta, junto a lo que se observa como la reconversi\u00f3n de las tareas por el avance de nuevas tecnolog\u00edas. Fuentes del organismo con sede en Ginebra expresaron que uno de los puntos m\u00e1s \u00e1lgidos es la violaci\u00f3n del convenio sobre las agencias de&#8230;<\/p>\n","protected":false},"author":3,"featured_media":47302,"comment_status":"closed","ping_status":"closed","sticky":false,"template":"","format":"standard","meta":[],"categories":[4],"tags":[],"_links":{"self":[{"href":"https:\/\/www.actualidadadiario.com\/index.php\/wp-json\/wp\/v2\/posts\/47301"}],"collection":[{"href":"https:\/\/www.actualidadadiario.com\/index.php\/wp-json\/wp\/v2\/posts"}],"about":[{"href":"https:\/\/www.actualidadadiario.com\/index.php\/wp-json\/wp\/v2\/types\/post"}],"author":[{"embeddable":true,"href":"https:\/\/www.actualidadadiario.com\/index.php\/wp-json\/wp\/v2\/users\/3"}],"replies":[{"embeddable":true,"href":"https:\/\/www.actualidadadiario.com\/index.php\/wp-json\/wp\/v2\/comments?post=47301"}],"version-history":[{"count":1,"href":"https:\/\/www.actualidadadiario.com\/index.php\/wp-json\/wp\/v2\/posts\/47301\/revisions"}],"predecessor-version":[{"id":47303,"href":"https:\/\/www.actualidadadiario.com\/index.php\/wp-json\/wp\/v2\/posts\/47301\/revisions\/47303"}],"wp:featuredmedia":[{"embeddable":true,"href":"https:\/\/www.actualidadadiario.com\/index.php\/wp-json\/wp\/v2\/media\/47302"}],"wp:attachment":[{"href":"https:\/\/www.actualidadadiario.com\/index.php\/wp-json\/wp\/v2\/media?parent=47301"}],"wp:term":[{"taxonomy":"category","embeddable":true,"href":"https:\/\/www.actualidadadiario.com\/index.php\/wp-json\/wp\/v2\/categories?post=47301"},{"taxonomy":"post_tag","embeddable":true,"href":"https:\/\/www.actualidadadiario.com\/index.php\/wp-json\/wp\/v2\/tags?post=47301"}],"curies":[{"name":"wp","href":"https:\/\/api.w.org\/{rel}","templated":true}]}}