{"id":47295,"date":"2019-07-01T10:41:37","date_gmt":"2019-07-01T13:41:37","guid":{"rendered":"https:\/\/www.actualidadadiario.com\/?p=47295"},"modified":"2019-07-01T10:41:37","modified_gmt":"2019-07-01T13:41:37","slug":"encuesta-de-synopsis-estamos-en-un-escenario-de-un-nivel-de-polarizacion-que-no-hemos-visto","status":"publish","type":"post","link":"https:\/\/www.actualidadadiario.com\/index.php\/2019\/07\/01\/encuesta-de-synopsis-estamos-en-un-escenario-de-un-nivel-de-polarizacion-que-no-hemos-visto\/","title":{"rendered":"Encuesta de Synopsis: \u201cEstamos en un escenario de un nivel de polarizaci\u00f3n que no hemos visto\u201d"},"content":{"rendered":"\n<p><strong><em>El director de la consultora Synopsis, Lucas Romero, brind\u00f3 detalles de la \u00faltima encuesta que realizaron y determin\u00f3 que hay cuatro puntos de diferencia entre la lista de Alberto Fern\u00e1ndez \u2013 Cristina Fern\u00e1ndez de Kirchner y la de Mauricio Macri \u2013 Miguel \u00c1ngel Pichetto. De acuerdo con las intenciones de voto, el kirchnerismo posee un 40, 3 por ciento, mientras que el oficialismo se encuentra atr\u00e1s con 36, 2 por ciento<\/em><\/strong><\/p>\n\n\n\n<p><\/p>\n\n\n\n<p><\/p>\n\n\n\n<p>La suma de las dos cifras da un resultado de 76, 5 por\nciento de la intenci\u00f3n de voto a nivel nacional, es por ello que advirti\u00f3 que\n\u201cestamos en un escenario de un nivel de polarizaci\u00f3n que no hemos visto\u201d. Para\nRomero, este panorama electoral tiene caracter\u00edsticas muy similares al de un\nbalotaje. \u201cEl frente opositor est\u00e1 juntando con una mejor eficacia el voto\nopositor a Macri. De ese 49,8 que junta en la segunda vuelta, en la primaria ya\njunta el 80% de ese voto. Mientras que Macri el voto que termina juntando en la\nsegunda vuelta, en la primaria lo comparte con otras candidaturas\u201d, especul\u00f3 el\ntitular de Synopsis.<\/p>\n\n\n\n<p>Seg\u00fan el especialista, las elecciones se est\u00e1n adelantando a\nla contienda definitiva. \u201cEl escenario de primaria es el mismo escenario de\nprimera vuelta\u201d. \u201cEl resultado de la primaria es un elemento que pudiera\nmodificar las tendencias de voto de cara a esa primera vuelta de octubre. Ah\u00ed\nes donde el gobierno est\u00e1 concentrando la estrategia\u201d, plante\u00f3 y agreg\u00f3: \u201cEl\noficialismo hace tres meses atr\u00e1s no ve\u00eda con preocupaci\u00f3n la primaria. Hoy esa\nprimaria al ser tan competitiva y al poner a los espacios cerca de la regla del\n45 no termina siendo una buena instancia orientadora y el gobierno necesita\njuntar todo el voto m\u00e1s refractario a la idea del regreso del kirchnerismo en\nesa primaria\u201d.<\/p>\n\n\n\n<p>Por otra parte, el estudio puede estar sujeto a\nmodificaciones y a m\u00e1rgenes de error, pero a grandes rasgos marca la paridad\nque hay entre los dos espacios m\u00e1s competitivos de la pol\u00edtica argentina. Otra\nde las variables que presentan datos muy interesantes es la afinidad de los\nvotantes respecto a las listas. \u201cEl rango etario es una variable heterog\u00e9nea\ndel escenario. Cuando uno mira c\u00f3mo se est\u00e1 comportando el electorado por\nsegmento etario, el Gobierno est\u00e1 muy bien en los segmentos de mayor edad y el\nfrente opositor est\u00e1 muy bien en los segmentos de menor edad\u201d, destac\u00f3.<\/p>\n\n\n\n<p>La incapacidad de crear un mensaje, por parte del\noficialismo, para el electorado joven sigue siendo un desaf\u00edo. En cuanto a la\nprovincia de Buenos Aires, Romero explic\u00f3 que \u201cel Gobierno est\u00e1 con una\ndesventaja superior a los diez puntos en la provincia de Buenos Aires. Vidal\nlogra achicar esa diferencia en el segmento provincial, pero queda abajo seis\npuntos\u201d. Al parecer, se avecina una elecci\u00f3n provincial mucho m\u00e1s polarizada.<\/p>\n\n\n\n<p>Otro de los factores a tener en cuenta es el nivel de\nparticipaci\u00f3n del electorado en las elecciones Primarias, Abiertas, Simult\u00e1neas\ny Obligatorias. Seg\u00fan Romero, se viene dando una merma sostenida en la\nasistencia a votar. \u201c78% fue en la primaria del 2011 y 72% fue la participaci\u00f3n\nen el 2017. El Gobierno va a tratar de favorecer una mayor participaci\u00f3n porque\nentiende que el electorado que no participa, el mayor de 70 a\u00f1os que no est\u00e1\nobligado, puede ser un factor decisivo para acortar distancias\u201d, detall\u00f3.<\/p>\n\n\n\n<p>Las elecciones en la Rep\u00fablica Argentina siguen estando\nsignadas por la polarizaci\u00f3n, la \u201cgrieta pol\u00edtica\u201d se mantiene. Alberto\nFern\u00e1ndez y Mauricio Macri ser\u00e1n los protagonistas de una de las elecciones m\u00e1s\ncompetitivas de los \u00faltimos a\u00f1os, en un contexto de fuerte crisis econ\u00f3mica y\nsocial. Tanto el Frente de Todos, como el Frente Juntos por el Cambio est\u00e1n\nhaciendo todo lo posible para obtener una mayor cantidad de votos durante el\nperiodo de campa\u00f1a.<\/p>\n","protected":false},"excerpt":{"rendered":"<p>El director de la consultora Synopsis, Lucas Romero, brind\u00f3 detalles de la \u00faltima encuesta que realizaron y determin\u00f3 que hay cuatro puntos de diferencia entre la lista de Alberto Fern\u00e1ndez \u2013 Cristina Fern\u00e1ndez de Kirchner y la de Mauricio Macri \u2013 Miguel \u00c1ngel Pichetto. De acuerdo con las intenciones de voto, el kirchnerismo posee un 40, 3 por ciento, mientras que el oficialismo se encuentra atr\u00e1s con 36, 2 por ciento La suma de las dos cifras da un resultado de 76, 5 por ciento de la intenci\u00f3n de voto&#8230;<\/p>\n","protected":false},"author":3,"featured_media":47296,"comment_status":"closed","ping_status":"closed","sticky":false,"template":"","format":"standard","meta":[],"categories":[9],"tags":[],"_links":{"self":[{"href":"https:\/\/www.actualidadadiario.com\/index.php\/wp-json\/wp\/v2\/posts\/47295"}],"collection":[{"href":"https:\/\/www.actualidadadiario.com\/index.php\/wp-json\/wp\/v2\/posts"}],"about":[{"href":"https:\/\/www.actualidadadiario.com\/index.php\/wp-json\/wp\/v2\/types\/post"}],"author":[{"embeddable":true,"href":"https:\/\/www.actualidadadiario.com\/index.php\/wp-json\/wp\/v2\/users\/3"}],"replies":[{"embeddable":true,"href":"https:\/\/www.actualidadadiario.com\/index.php\/wp-json\/wp\/v2\/comments?post=47295"}],"version-history":[{"count":1,"href":"https:\/\/www.actualidadadiario.com\/index.php\/wp-json\/wp\/v2\/posts\/47295\/revisions"}],"predecessor-version":[{"id":47297,"href":"https:\/\/www.actualidadadiario.com\/index.php\/wp-json\/wp\/v2\/posts\/47295\/revisions\/47297"}],"wp:featuredmedia":[{"embeddable":true,"href":"https:\/\/www.actualidadadiario.com\/index.php\/wp-json\/wp\/v2\/media\/47296"}],"wp:attachment":[{"href":"https:\/\/www.actualidadadiario.com\/index.php\/wp-json\/wp\/v2\/media?parent=47295"}],"wp:term":[{"taxonomy":"category","embeddable":true,"href":"https:\/\/www.actualidadadiario.com\/index.php\/wp-json\/wp\/v2\/categories?post=47295"},{"taxonomy":"post_tag","embeddable":true,"href":"https:\/\/www.actualidadadiario.com\/index.php\/wp-json\/wp\/v2\/tags?post=47295"}],"curies":[{"name":"wp","href":"https:\/\/api.w.org\/{rel}","templated":true}]}}