{"id":47292,"date":"2019-07-01T10:40:54","date_gmt":"2019-07-01T13:40:54","guid":{"rendered":"https:\/\/www.actualidadadiario.com\/?p=47292"},"modified":"2019-07-01T10:40:54","modified_gmt":"2019-07-01T13:40:54","slug":"macri-volvio-al-pais-y-se-prepara-para-una-reunion-de-gabinete","status":"publish","type":"post","link":"https:\/\/www.actualidadadiario.com\/index.php\/2019\/07\/01\/macri-volvio-al-pais-y-se-prepara-para-una-reunion-de-gabinete\/","title":{"rendered":"Macri volvi\u00f3 al pa\u00eds y se prepara para una reuni\u00f3n de Gabinete"},"content":{"rendered":"\n<p><strong><em>Tras una exitosa gira internacional, Mauricio Macri encabezar\u00e1 una primera reuni\u00f3n de Gabinete en donde el tema central ser\u00e1 el acuerdo Mercosur-Uni\u00f3n Europea, un nuevo paso en la integraci\u00f3n econ\u00f3mica argentina con el mundo que tambi\u00e9n abre nuevos desaf\u00edos. Esta actividad se llevar\u00e1 adelante una vez que el mandatario abandone la Quinta de Olivos, en donde se encuentra descansando a su llegada de Z\u00fcrich, y se traslade a la Casa Rosada<\/em><\/strong><\/p>\n\n\n\n<p><\/p>\n\n\n\n<p><\/p>\n\n\n\n<p>En la reuni\u00f3n de gabinete tendr\u00e1 una presencia especial el\ncanciller Jorge Faurie, quien por 20 a\u00f1os trabajo en las negociaciones que hoy\nderivaron en este acuerdo de los dos conglomerados econ\u00f3micos. Tildado como un\nsue\u00f1o imposible, la integraci\u00f3n ahora alcanzada se encontr\u00f3 imposibilitada\ndurante muchos a\u00f1os debido a las estructuras de algunos pa\u00edses de la Uni\u00f3n\nEuropea que imposibilitaban la apertura.<\/p>\n\n\n\n<p>Se estima que una vez finalizada la reuni\u00f3n de Gabinete,\nFaurie y el ministro de Producci\u00f3n y Trabajo, Dante Sica, ofrezcan una\nconferencia de prensa en donde brinden detalles del acuerdo. Incluso se\nespecula que el propio Mauricio Macri se har\u00e1 presente y ser\u00e1 \u00e9l quien\ninformar\u00e1 sobre el pacto. Sin embargo, esto \u00faltimo no pudo ser confirmado hasta\nel momento y habr\u00e1 que esperar a que llegue el momento de la conferencia.<\/p>\n\n\n\n<p>Una vez conocido y sellado el acuerdo, las primeras\nreacciones no se hicieron esperar. Si bien el Frente de Todos critic\u00f3 duramente\nlas acciones de Macri, el ministro de relaciones exteriores de Uruguay, Rodolfo\nNin Novoa difundi\u00f3 una declaraci\u00f3n en donde reconoci\u00f3 que \u201cel Mercosur ha\nlogrado el acuerdo comercial m\u00e1s importante del mundo, porque tiene 800\nmillones de personas y en Europa no hay ning\u00fan acuerdo que junte 32 pa\u00edses\u201d.<\/p>\n\n\n\n<p>Adem\u00e1s, al hablar con los medios de su pa\u00eds se refiri\u00f3 al\nkirchnerismo y su participaci\u00f3n en el tema: \u201cHay que decirlo sin falsa modestia\nque todo comenz\u00f3 por Uruguay con una visita del presidente V\u00e1zquez a la ex\npresidenta Rousseff de Brasil en el mismo a\u00f1o que asumimos, despu\u00e9s vino el\ncambio de gobierno en Argentina, tuvimos una reuni\u00f3n con la Uni\u00f3n Europea y con\nel Gobierno anterior argentino, el ex canciller H\u00e9ctor Timerman de la\npresidencia de Fern\u00e1ndez y cuatro a\u00f1os despu\u00e9s, luego de innumerables\nnegociaciones y mucho trabajo, con un equipo de la canciller\u00eda (logramos cerrar\neste acuerdo que significa) una oportunidad que viene acompa\u00f1ada de muchas\nresponsabilidades, de cuidado del medio ambiente, de normas laborales, por lo\nque estamos realmente muy satisfechos por este logro\u201d.<\/p>\n\n\n\n<p>Una posici\u00f3n similar fue la manifestada por el presidente de\nBolivia, Evo Morales, por medio de su red social de Twitter: \u201cCelebramos el\nacuerdo comercial alcanzado por la UE y el Mercosur, organismo que tiene a\nBolivia como miembro en proceso de adhesi\u00f3n. Es importante trabajar juntos en\ncomplementariedad y solidaridad en beneficio de nuestros pueblos\u201d, escribi\u00f3.<\/p>\n\n\n\n<p>Por otro lado, lejos de la postura de los dirigentes de la\nizquierda latinoamericana, Alberto Fern\u00e1ndez, M\u00e1ximo Kirchner, Jos\u00e9 Luis Gioja\ny Ricardo Pignanelli se refirieron a una \u201cavivada de los europeos\u201d, \u201cuna pelea\nde Goliat contra Pulgarcito\u201d, \u201cun acuerdo firmado de rodillas\u201d, y dem\u00e1s\nalusiones similares que ponen de manifiesto su desaprobaci\u00f3n al acuerdo y que\nla pr\u00f3xima campa\u00f1a electoral tambi\u00e9n estar\u00e1 protagonizada por la grieta.<\/p>\n","protected":false},"excerpt":{"rendered":"<p>Tras una exitosa gira internacional, Mauricio Macri encabezar\u00e1 una primera reuni\u00f3n de Gabinete en donde el tema central ser\u00e1 el acuerdo Mercosur-Uni\u00f3n Europea, un nuevo paso en la integraci\u00f3n econ\u00f3mica argentina con el mundo que tambi\u00e9n abre nuevos desaf\u00edos. Esta actividad se llevar\u00e1 adelante una vez que el mandatario abandone la Quinta de Olivos, en donde se encuentra descansando a su llegada de Z\u00fcrich, y se traslade a la Casa Rosada En la reuni\u00f3n de gabinete tendr\u00e1 una presencia especial el canciller Jorge Faurie, quien por 20 a\u00f1os trabajo en&#8230;<\/p>\n","protected":false},"author":3,"featured_media":47293,"comment_status":"closed","ping_status":"closed","sticky":false,"template":"","format":"standard","meta":[],"categories":[18],"tags":[],"_links":{"self":[{"href":"https:\/\/www.actualidadadiario.com\/index.php\/wp-json\/wp\/v2\/posts\/47292"}],"collection":[{"href":"https:\/\/www.actualidadadiario.com\/index.php\/wp-json\/wp\/v2\/posts"}],"about":[{"href":"https:\/\/www.actualidadadiario.com\/index.php\/wp-json\/wp\/v2\/types\/post"}],"author":[{"embeddable":true,"href":"https:\/\/www.actualidadadiario.com\/index.php\/wp-json\/wp\/v2\/users\/3"}],"replies":[{"embeddable":true,"href":"https:\/\/www.actualidadadiario.com\/index.php\/wp-json\/wp\/v2\/comments?post=47292"}],"version-history":[{"count":1,"href":"https:\/\/www.actualidadadiario.com\/index.php\/wp-json\/wp\/v2\/posts\/47292\/revisions"}],"predecessor-version":[{"id":47294,"href":"https:\/\/www.actualidadadiario.com\/index.php\/wp-json\/wp\/v2\/posts\/47292\/revisions\/47294"}],"wp:featuredmedia":[{"embeddable":true,"href":"https:\/\/www.actualidadadiario.com\/index.php\/wp-json\/wp\/v2\/media\/47293"}],"wp:attachment":[{"href":"https:\/\/www.actualidadadiario.com\/index.php\/wp-json\/wp\/v2\/media?parent=47292"}],"wp:term":[{"taxonomy":"category","embeddable":true,"href":"https:\/\/www.actualidadadiario.com\/index.php\/wp-json\/wp\/v2\/categories?post=47292"},{"taxonomy":"post_tag","embeddable":true,"href":"https:\/\/www.actualidadadiario.com\/index.php\/wp-json\/wp\/v2\/tags?post=47292"}],"curies":[{"name":"wp","href":"https:\/\/api.w.org\/{rel}","templated":true}]}}