{"id":47289,"date":"2019-07-01T10:40:19","date_gmt":"2019-07-01T13:40:19","guid":{"rendered":"https:\/\/www.actualidadadiario.com\/?p=47289"},"modified":"2019-07-01T10:40:19","modified_gmt":"2019-07-01T13:40:19","slug":"se-reconfigura-el-congreso-en-la-largada-de-la-campana-electoral","status":"publish","type":"post","link":"https:\/\/www.actualidadadiario.com\/index.php\/2019\/07\/01\/se-reconfigura-el-congreso-en-la-largada-de-la-campana-electoral\/","title":{"rendered":"Se reconfigura el Congreso en la largada de la campa\u00f1a electoral"},"content":{"rendered":"\n<p><em><strong>Graciela Cama\u00f1o, junto con otros tres legisladores, cre\u00f3 un nuevo bloque que intenta sortear &#8220;la grieta&#8221;. Con la poca actividad parlamentaria que resta, los efectos reci\u00e9n se ver\u00e1n el a\u00f1o que viene<\/strong><\/em><\/p>\n\n\n\n<p><\/p>\n\n\n\n<p><\/p>\n\n\n\n<p>Con el cierre de listas y el salto de Sergio Massa al\nkirchnerismo, comenz\u00f3 la reconfiguraci\u00f3n en la C\u00e1mara de Diputados. El primer\nmovimiento formal lo hicieron algunos de los ahora ex integrantes del Frente\nRenovador (FR), que se apartaron de este espacio para crear un nuevo bloque. Se\ntrata de un desprendimiento del interbloque Frente Renovador UNA, que\nrepresentar\u00e1 a binomio Roberto Lavagna\u2013Juan Manuel Urtubey en la C\u00e1mara Baja.\nEn paralelo, el Frente de Todos anot\u00f3 un nuevo integrante en sus filas: Diego\nBossio, que sigui\u00f3 los pasos de Massa. <\/p>\n\n\n\n<p>Los cambios que se den a lo largo del a\u00f1o en Diputados no\ntendr\u00e1n efectos en lo inmediato. Es que, para lo que resta de 2019, las\nexpectativas en torno a la actividad parlamentaria son m\u00e1s desoladoras de lo\nque se registr\u00f3 durante el primer semestre. Tal es as\u00ed que hay quienes\naventuran que la sesi\u00f3n del mi\u00e9rcoles pasado habr\u00eda sido la \u00faltima del a\u00f1o. <\/p>\n\n\n\n<p>Hace unos d\u00edas fue el Senado el que sufri\u00f3 una serie de\nmodificaciones, cuando se conoci\u00f3 el pase de Miguel Pichetto al oficialismo,\ntras aceptar ser el compa\u00f1ero de f\u00f3rmula de Mauricio Macri, dejando as\u00ed un\nbloque PJ m\u00e1s cercano a la f\u00f3rmula FF que cuando la lideraba el rionegrino.\nSalvo algunas excepciones, que ya expresaron su apoyo a Consenso Federal. Ahora,\ntras el salto de Massa \u2013y su apuesta por presidir la c\u00e1mara si triunfa Alberto\nFern\u00e1ndez\u2013 ya se registraron los primeros movimientos en Diputados. Graciela\nCama\u00f1o, que ya hab\u00eda hecho p\u00fablico su rechazo a incorporarse en las filas K, en\nla sesi\u00f3n del mi\u00e9rcoles oficializ\u00f3 su ruptura: junto con Marco Lavagna,\nAlejandro Snopek y Alejandro Grandinetti conformaron un nuevo bloque de\nConsenso Federal. <\/p>\n\n\n\n<p>El elegido para presidir este nuevo espacio fue Grandinetti,\ncuyo mandato vence en diciembre, y no pelear\u00e1 por la renovaci\u00f3n de su banca. En\ntanto que los otros tres legisladores se pondr\u00e1n al hombro la dif\u00edcil tarea de\nhacer campa\u00f1a en un escenario en el que las posibilidades de que triunfe una\ntercera v\u00eda son escasas.<\/p>\n\n\n\n<p>De todas maneras, y ya de cara al 2020, desde este peque\u00f1o\nbloque avizoran un trabajo en coordinaci\u00f3n con otros legisladores peronistas,\ncomo Pablo Kosiner o Javier David, ambos del bloque Justicialista. Es que todos\nellos comparten el mismo lema: &#8220;Ni Macri ni Cristina&#8221;. <\/p>\n\n\n\n<p>Ahora bien, \u00bfqu\u00e9 pasar\u00e1 con las comisiones que integran los\ndiputados del flamante espacio? Lo m\u00e1s probable, creen los propios\nlegisladores, es que permanezcan all\u00ed hasta fin de a\u00f1o, aunque, admiten que el\nFR podr\u00eda reclamar esos lugares. <\/p>\n\n\n\n<p>Tras la peque\u00f1a sangr\u00eda que sufri\u00f3 su espacio, Massa se pudo\nanotar un poroto: Bossio. El legislador volvi\u00f3 al kirchnerismo y ya forma parte\ndel Frente de Todos. De todas formas, el ex titular de la Anses se qued\u00f3 afuera\nde las listas, por lo que su mandato vence en diciembre.<\/p>\n","protected":false},"excerpt":{"rendered":"<p>Graciela Cama\u00f1o, junto con otros tres legisladores, cre\u00f3 un nuevo bloque que intenta sortear &#8220;la grieta&#8221;. Con la poca actividad parlamentaria que resta, los efectos reci\u00e9n se ver\u00e1n el a\u00f1o que viene Con el cierre de listas y el salto de Sergio Massa al kirchnerismo, comenz\u00f3 la reconfiguraci\u00f3n en la C\u00e1mara de Diputados. El primer movimiento formal lo hicieron algunos de los ahora ex integrantes del Frente Renovador (FR), que se apartaron de este espacio para crear un nuevo bloque. Se trata de un desprendimiento del interbloque Frente Renovador UNA,&#8230;<\/p>\n","protected":false},"author":3,"featured_media":47290,"comment_status":"closed","ping_status":"closed","sticky":false,"template":"","format":"standard","meta":[],"categories":[18],"tags":[],"_links":{"self":[{"href":"https:\/\/www.actualidadadiario.com\/index.php\/wp-json\/wp\/v2\/posts\/47289"}],"collection":[{"href":"https:\/\/www.actualidadadiario.com\/index.php\/wp-json\/wp\/v2\/posts"}],"about":[{"href":"https:\/\/www.actualidadadiario.com\/index.php\/wp-json\/wp\/v2\/types\/post"}],"author":[{"embeddable":true,"href":"https:\/\/www.actualidadadiario.com\/index.php\/wp-json\/wp\/v2\/users\/3"}],"replies":[{"embeddable":true,"href":"https:\/\/www.actualidadadiario.com\/index.php\/wp-json\/wp\/v2\/comments?post=47289"}],"version-history":[{"count":1,"href":"https:\/\/www.actualidadadiario.com\/index.php\/wp-json\/wp\/v2\/posts\/47289\/revisions"}],"predecessor-version":[{"id":47291,"href":"https:\/\/www.actualidadadiario.com\/index.php\/wp-json\/wp\/v2\/posts\/47289\/revisions\/47291"}],"wp:featuredmedia":[{"embeddable":true,"href":"https:\/\/www.actualidadadiario.com\/index.php\/wp-json\/wp\/v2\/media\/47290"}],"wp:attachment":[{"href":"https:\/\/www.actualidadadiario.com\/index.php\/wp-json\/wp\/v2\/media?parent=47289"}],"wp:term":[{"taxonomy":"category","embeddable":true,"href":"https:\/\/www.actualidadadiario.com\/index.php\/wp-json\/wp\/v2\/categories?post=47289"},{"taxonomy":"post_tag","embeddable":true,"href":"https:\/\/www.actualidadadiario.com\/index.php\/wp-json\/wp\/v2\/tags?post=47289"}],"curies":[{"name":"wp","href":"https:\/\/api.w.org\/{rel}","templated":true}]}}