{"id":47286,"date":"2019-07-01T10:39:38","date_gmt":"2019-07-01T13:39:38","guid":{"rendered":"https:\/\/www.actualidadadiario.com\/?p=47286"},"modified":"2019-07-01T10:39:38","modified_gmt":"2019-07-01T13:39:38","slug":"cristina-viaja-a-cuba-a-visitar-a-su-hija-y-hace-un-impasse-en-la-campana","status":"publish","type":"post","link":"https:\/\/www.actualidadadiario.com\/index.php\/2019\/07\/01\/cristina-viaja-a-cuba-a-visitar-a-su-hija-y-hace-un-impasse-en-la-campana\/","title":{"rendered":"Cristina viaja a Cuba a visitar a su hija y hace un impasse en la campa\u00f1a"},"content":{"rendered":"\n<p><strong><em>La senadora nacional y precandidata a vicepresidenta por el Frente de Todos, Cristina Fern\u00e1ndez emprender\u00e1 ma\u00f1ana su tercer viaje a Cuba con motivo de visitar a su hija Florencia Kirchner internada en un centro especializado de La Habana<\/em><\/strong><\/p>\n\n\n\n<p><\/p>\n\n\n\n<p><\/p>\n\n\n\n<p>En esa ciudad, Cristina tiene previsto quedarse los ocho\nd\u00edas autorizados para ausentarse del pa\u00eds por el Tribunal Oral Federal N\u00ba 2, en\nel marco de la causa por presunto fraude en la obra p\u00fablica durante su\ngobierno.<\/p>\n\n\n\n<p>&#8220;A pesar de haber comenzado el debate en el marco de la\npresente causa, lo cierto es que la fecha en la que ha solicitado viajar no\nimplicar\u00eda ninguna afectaci\u00f3n del cronograma de audiencias ni tampoco\nimportar\u00eda su ausencia en el juicio, a ra\u00edz de los feriados decretados para los\nd\u00edas 8 y 9 de julio del corriente a\u00f1o&#8221;, sostuvieron en su momento los\nintegrantes del TOF 2, Jorge Gorini, Rodrigo Jim\u00e9nez Uriburu y Andr\u00e9s Basso, al\nhacer lugar a la autorizaci\u00f3n.<\/p>\n\n\n\n<p>De esa manera, la ex jefa de Estado har\u00e1 un impasse de ocho\nd\u00edas a la campa\u00f1a electoral, y si bien desde la sede del Instituto Patria\nadvierten que a\u00fan no hay una agenda concreta, lo cierto es que a su regreso el\npr\u00f3ximo 10 de julio, Cristina podr\u00eda retomar sus actividades de campa\u00f1a en Mar\ndel Plata, acompa\u00f1ando a la pre candidata a intendenta por ese espacio,\nFernanda Raverta, para luego viajar\u00e1 a R\u00edo Gallegos donde participar\u00eda de la\ncuarta presentaci\u00f3n de su libro Sinceramente, ocasi\u00f3n que aprovechar\u00eda adem\u00e1s\npara visitar a su nieto, quien cumple a\u00f1os el 14 de julio.<\/p>\n\n\n\n<p>&#8220;Las presentaciones de libros no paran, ayer (por el\ns\u00e1bado) en Chaco fue la tercera de otras tantas que vamos a tener, pero todav\u00eda\nno hay nada definido&#8221;, dijo una fuente cercana a la ex mandataria, la que\ntambi\u00e9n desminti\u00f3 las presentaciones que extraoficialmente se ven\u00edan anunciado\npara el 9 de julio en Tucum\u00e1n y el 20 del mismo mes en Neuqu\u00e9n.<\/p>\n\n\n\n<p>&#8220;La gira seguir\u00e1, la idea es que de ac\u00e1 a fin de a\u00f1o\ntratar de hacer la mayor cantidad de presentaciones posibles porque el libro\nfunciona muy bien y en cada ciudad a donde hemos ido se multiplican las ventas,\nlo que es una bestialidad&#8221;, afirm\u00f3 el vocero, quien asever\u00f3 que si bien\nquieren presentar el libro en Tucum\u00e1n y Neuqu\u00e9n, &#8220;a\u00fan no hay nada oficial,\nlo que no quiere decir que no se hagan&#8221;.<\/p>\n\n\n\n<p>La misma fuente confirm\u00f3 que a su regreso Cristina &#8220;se\nva a sumar a la campa\u00f1a de Alberto&#8221;, por lo que tras el lanzamiento formal\ndel frente, ser\u00e1 parte de &#8220;los actos y recorridas&#8221; que se decidan en\nel bunker del precandidato presidencial, ubicado en calle M\u00e9xico al 300 del\nbarrio de San Telmo.<\/p>\n\n\n\n<p>Por su parte, Alberto Fern\u00e1ndez, quien a lo largo de la\n\u00faltima semana mantuvo una nutrida agenda que incluy\u00f3 una visita a Tucum\u00e1n donde\nse reuni\u00f3 con el gobernador Juan Manzur, una entrevista con funcionarios del\nFMI y un encuentro en Misiones con el gobernador electo Oscar Herrera Ahuad, el\nactual mandatario, Hugo Passalacqua y el dirigente peronista Carlos Rovira, se\nreunir\u00e1 ma\u00f1ana con el reemplazante de Miguel \u00c1ngel Pichetto al frente del\nbloque Justicialista en la C\u00e1mara alta, el senador cordob\u00e9s Carlos Caserio.<\/p>\n","protected":false},"excerpt":{"rendered":"<p>La senadora nacional y precandidata a vicepresidenta por el Frente de Todos, Cristina Fern\u00e1ndez emprender\u00e1 ma\u00f1ana su tercer viaje a Cuba con motivo de visitar a su hija Florencia Kirchner internada en un centro especializado de La Habana En esa ciudad, Cristina tiene previsto quedarse los ocho d\u00edas autorizados para ausentarse del pa\u00eds por el Tribunal Oral Federal N\u00ba 2, en el marco de la causa por presunto fraude en la obra p\u00fablica durante su gobierno. &#8220;A pesar de haber comenzado el debate en el marco de la presente causa,&#8230;<\/p>\n","protected":false},"author":3,"featured_media":47287,"comment_status":"closed","ping_status":"closed","sticky":false,"template":"","format":"standard","meta":[],"categories":[18],"tags":[],"_links":{"self":[{"href":"https:\/\/www.actualidadadiario.com\/index.php\/wp-json\/wp\/v2\/posts\/47286"}],"collection":[{"href":"https:\/\/www.actualidadadiario.com\/index.php\/wp-json\/wp\/v2\/posts"}],"about":[{"href":"https:\/\/www.actualidadadiario.com\/index.php\/wp-json\/wp\/v2\/types\/post"}],"author":[{"embeddable":true,"href":"https:\/\/www.actualidadadiario.com\/index.php\/wp-json\/wp\/v2\/users\/3"}],"replies":[{"embeddable":true,"href":"https:\/\/www.actualidadadiario.com\/index.php\/wp-json\/wp\/v2\/comments?post=47286"}],"version-history":[{"count":1,"href":"https:\/\/www.actualidadadiario.com\/index.php\/wp-json\/wp\/v2\/posts\/47286\/revisions"}],"predecessor-version":[{"id":47288,"href":"https:\/\/www.actualidadadiario.com\/index.php\/wp-json\/wp\/v2\/posts\/47286\/revisions\/47288"}],"wp:featuredmedia":[{"embeddable":true,"href":"https:\/\/www.actualidadadiario.com\/index.php\/wp-json\/wp\/v2\/media\/47287"}],"wp:attachment":[{"href":"https:\/\/www.actualidadadiario.com\/index.php\/wp-json\/wp\/v2\/media?parent=47286"}],"wp:term":[{"taxonomy":"category","embeddable":true,"href":"https:\/\/www.actualidadadiario.com\/index.php\/wp-json\/wp\/v2\/categories?post=47286"},{"taxonomy":"post_tag","embeddable":true,"href":"https:\/\/www.actualidadadiario.com\/index.php\/wp-json\/wp\/v2\/tags?post=47286"}],"curies":[{"name":"wp","href":"https:\/\/api.w.org\/{rel}","templated":true}]}}