{"id":47283,"date":"2019-07-01T10:39:01","date_gmt":"2019-07-01T13:39:01","guid":{"rendered":"https:\/\/www.actualidadadiario.com\/?p=47283"},"modified":"2019-07-01T10:39:01","modified_gmt":"2019-07-01T13:39:01","slug":"alberto-fernandez-no-reconocen-la-autocritica-de-cristina-al-haberme-nombrado","status":"publish","type":"post","link":"https:\/\/www.actualidadadiario.com\/index.php\/2019\/07\/01\/alberto-fernandez-no-reconocen-la-autocritica-de-cristina-al-haberme-nombrado\/","title":{"rendered":"Alberto Fern\u00e1ndez: \u201cNo reconocen la autocr\u00edtica de Cristina al haberme nombrado\u201d"},"content":{"rendered":"\n<p><strong><em>El precandidato a Presidente de la Naci\u00f3n por el Frente de Todos, Alberto Fern\u00e1ndez sostuvo que ser\u00e1 Gobierno a partir de diciembre de 2019 y explic\u00f3 algunas de las medidas que tomar\u00e1 para la Argentina por el grave estado en que Mauricio Macri \u201cnos dejar\u00e1 el pa\u00eds\u201d. Adem\u00e1s asegur\u00f3 que \u201custedes no reconocen la autocr\u00edtica de Cristina al haberme nombrado\u201d<\/em><\/strong><\/p>\n\n\n\n<p><\/p>\n\n\n\n<p><\/p>\n\n\n\n<p>En entrevista con el periodista Luis Novaresio y ya en plena\ncampa\u00f1a proselitista de cara a las elecciones Primarias de agosto, el ex Jefe\nde Gabinete de la Naci\u00f3n reiter\u00f3 que ser\u00e1 \u00e9l quien gobierne y no Cristina\nFern\u00e1ndez de Kirchner, como algunas especulaciones dan por hecho. \u201cNo me van a\nhacer pelear m\u00e1s con Cristina\u201d indic\u00f3.<\/p>\n\n\n\n<p>Fern\u00e1ndez fue categ\u00f3rico al referirse a la decisi\u00f3n de la ex\npresidenta de ubicarlo como precandidato a Presidente. \u201cUstedes no reconocen la\nautocr\u00edtica de Cristina al haberme nombrado, porque elige a un hombre que fue\nextremadamente cr\u00edtico, cediendo su lugar, en un acto de gran valor pol\u00edtico\u201d.<\/p>\n\n\n\n<p>\u201cTenemos que volver para ser mejores y eso significa tener\nen cuenta lo que se hizo mal y corregirlo\u201d, precis\u00f3 Fern\u00e1ndez dando por hecho\nque la f\u00f3rmula del Frente de Todos vencer\u00e1 en las urnas y junto a la ex\npresidenta, ser\u00e1n Gobierno desde diciembre de 2019, evitando la reelecci\u00f3n de\nMauricio Macri.<\/p>\n\n\n\n<p>Adem\u00e1s sobre la posibilidad de que sea su compa\u00f1era, quien\norganice el Gabinete en caso de resultar electos en las pr\u00f3ximas elecciones, el\nprecandidato explic\u00f3 que ser\u00e1 \u00e9l como Presidente quien decida ya que Cristina\n\u201cse ocupar\u00e1 del Senado\u201d.<\/p>\n\n\n\n<p>Destacando el nivel de endeudamiento del pa\u00eds, el 35% de\npobreza en la Argentina y el acuerdo con el Fondo Monetario Internacional\n(FMI), el dirigente peronista apunt\u00f3 directamente al oficialismo por el \u201cda\u00f1o\nprofundo que ha ocasionado en la Argentina\u201d y deline\u00f3 algunas de sus medidas\n\u201cpor estos \u00edndices que nos dejar\u00e1 en el pa\u00eds\u201d.<\/p>\n\n\n\n<p>Sobre los 17 procesamientos de su compa\u00f1era de f\u00f3rmula,\nFern\u00e1ndez manifest\u00f3 que el juez (Claudio) Bonad\u00edo deber\u00eda haber excusado de las\nmismas y contextualiz\u00f3 la situaci\u00f3n de CFK en el marco de un mecanismo del\noficialismo. \u201cLa \u00fanica que vamos a meter presa en la Argentina es la venganza\u201d,\nrepiti\u00f3.<\/p>\n\n\n\n<p>\u201cEn el kirchnerismo no hubo ning\u00fan opositor procesado ni ex\nfuncionarios presos, hoy hay presos arbitrarios y son todos, se gener\u00f3 una\nserie de detenidos judisprudenciales y no penales porque todos los que est\u00e1n\npresos podr\u00edan soportar los procesos en libertad y no estoy hablando de\nculpabilidad o inocencia\u201d.<\/p>\n\n\n\n<p>En este sentido, consultado sobre la mec\u00e1nica del Gobierno\nanterior de se\u00f1alar a los cr\u00edticos u opositores, el ex funcionario diferenci\u00f3\nkirchnerismo de cristinismo y expres\u00f3 que \u201cme siento kirchnerista, no\ncristinista, que es donde esto ocurri\u00f3 pero el macrismo fue m\u00e1s vengativo que\nel cristinismo. En el cristinismo hubo un conflicto de convivencia democr\u00e1tica\npero venganza es lo que hace el macrismo que todos los d\u00edas tiene jueces\nllamando a ex funcionarios a declarar o imputa o detiene\u201d.<\/p>\n\n\n\n<p>\u201cNo estoy de acuerdo con la grieta. El secreto es que todos\ntiremos para el mismo lado\u201d, dijo Fern\u00e1ndez al tiempo que aclar\u00f3 que \u201centiendo\nel malestar de la gente, aunque no me gusta escuchar insultos contra Macri.\nCuando vas al interior del pa\u00eds te das cuenta de las consecuencias que tienen las\npol\u00edticas de este Gobierno.\u201d<\/p>\n\n\n\n<p>En referencia a la chance de que M\u00e1ximo Kirchner integre su\nGabinete, el ex funcionario precis\u00f3 que \u201cpodr\u00eda perfectamente, es un gran\ndirigente, tiene una gran capacidad y es injustamente calificado\u201d. Sobre su\nescasa presencia ante la prensa, Fern\u00e1ndez lo defendi\u00f3 y sostuvo que \u201ces\ndif\u00edcil hablar cuando se es agredido permanentemente\u201d.<\/p>\n\n\n\n<p>Adem\u00e1s agreg\u00f3 que \u201cen Provincia de Buenos Aires, La C\u00e1mpora\ntuvo cierto grado de participaci\u00f3n en el armado de listas\u201d pero no as\u00ed en los\ndem\u00e1s distritos. \u201cDetr\u00e1s de todo eso hay una perversa elucubraci\u00f3n que es\nfalsa. Jam\u00e1s nos metimos cuando estuvimos en el Gobierno. Es una ficci\u00f3n. El\nd\u00eda que sea Presidente tampoco me voy a ocupar de las listas, porque me\ngustar\u00eda que los legisladores voten convencidos no por obediencia\u201d.<\/p>\n\n\n\n<p>Continuando en tono electoral el precandidato presidencial\ndel Frente de Todos, confirm\u00f3 que plantear\u00e1 el debate por la despenalizaci\u00f3n\ndel aborto. \u201cEs una cuesti\u00f3n de salud p\u00fablica, no podemos seguir desconociendo\nque muchas mujeres mueren todos los d\u00edas por abortar de manera clandestina. Que\nel aborto sea legal no significa que sea obligatorio. No podemos hacernos los\ndistra\u00eddos\u201d.<\/p>\n\n\n\n<p>Sobre la reincorporaci\u00f3n de Sergio Massa al sector encabezado\npor la f\u00f3rmula kirchnerista, Fern\u00e1ndez reiter\u00f3 que \u201cpodr\u00eda presidir Diputados\nporque es un hombre muy valioso. Todos advertimos en alg\u00fan momento que nuestras\ndistancias hab\u00edan favorecido a Macri. Y que los costos que hab\u00edan pagado los\nargentinos hab\u00edan sido cuantiosos. Nos planteamos cu\u00e1nto tiempo m\u00e1s \u00edbamos a\nseguir divididos mientras Macri sigue haciendo lo que hace\u201d.<\/p>\n\n\n\n<p>Finalmente sostuvo que \u201cno voy a calificar la decisi\u00f3n de\n(Miguel \u00c1ngel) Pichetto. Jam\u00e1s hubiera hecho lo que \u00e9l hizo, queda en su\nconciencia pero queda claro que todos estos a\u00f1os termin\u00f3 siendo un agente\nencubierto del oficialismo\u201d.<\/p>\n","protected":false},"excerpt":{"rendered":"<p>El precandidato a Presidente de la Naci\u00f3n por el Frente de Todos, Alberto Fern\u00e1ndez sostuvo que ser\u00e1 Gobierno a partir de diciembre de 2019 y explic\u00f3 algunas de las medidas que tomar\u00e1 para la Argentina por el grave estado en que Mauricio Macri \u201cnos dejar\u00e1 el pa\u00eds\u201d. Adem\u00e1s asegur\u00f3 que \u201custedes no reconocen la autocr\u00edtica de Cristina al haberme nombrado\u201d En entrevista con el periodista Luis Novaresio y ya en plena campa\u00f1a proselitista de cara a las elecciones Primarias de agosto, el ex Jefe de Gabinete de la Naci\u00f3n reiter\u00f3&#8230;<\/p>\n","protected":false},"author":3,"featured_media":47284,"comment_status":"closed","ping_status":"closed","sticky":false,"template":"","format":"standard","meta":[],"categories":[18],"tags":[],"_links":{"self":[{"href":"https:\/\/www.actualidadadiario.com\/index.php\/wp-json\/wp\/v2\/posts\/47283"}],"collection":[{"href":"https:\/\/www.actualidadadiario.com\/index.php\/wp-json\/wp\/v2\/posts"}],"about":[{"href":"https:\/\/www.actualidadadiario.com\/index.php\/wp-json\/wp\/v2\/types\/post"}],"author":[{"embeddable":true,"href":"https:\/\/www.actualidadadiario.com\/index.php\/wp-json\/wp\/v2\/users\/3"}],"replies":[{"embeddable":true,"href":"https:\/\/www.actualidadadiario.com\/index.php\/wp-json\/wp\/v2\/comments?post=47283"}],"version-history":[{"count":1,"href":"https:\/\/www.actualidadadiario.com\/index.php\/wp-json\/wp\/v2\/posts\/47283\/revisions"}],"predecessor-version":[{"id":47285,"href":"https:\/\/www.actualidadadiario.com\/index.php\/wp-json\/wp\/v2\/posts\/47283\/revisions\/47285"}],"wp:featuredmedia":[{"embeddable":true,"href":"https:\/\/www.actualidadadiario.com\/index.php\/wp-json\/wp\/v2\/media\/47284"}],"wp:attachment":[{"href":"https:\/\/www.actualidadadiario.com\/index.php\/wp-json\/wp\/v2\/media?parent=47283"}],"wp:term":[{"taxonomy":"category","embeddable":true,"href":"https:\/\/www.actualidadadiario.com\/index.php\/wp-json\/wp\/v2\/categories?post=47283"},{"taxonomy":"post_tag","embeddable":true,"href":"https:\/\/www.actualidadadiario.com\/index.php\/wp-json\/wp\/v2\/tags?post=47283"}],"curies":[{"name":"wp","href":"https:\/\/api.w.org\/{rel}","templated":true}]}}