{"id":47280,"date":"2019-07-01T10:38:22","date_gmt":"2019-07-01T13:38:22","guid":{"rendered":"https:\/\/www.actualidadadiario.com\/?p=47280"},"modified":"2019-07-01T10:38:22","modified_gmt":"2019-07-01T13:38:22","slug":"la-pastoral-social-alerto-sobre-el-peligrosisimo-grado-de-desigualdad-en-la-argentina","status":"publish","type":"post","link":"https:\/\/www.actualidadadiario.com\/index.php\/2019\/07\/01\/la-pastoral-social-alerto-sobre-el-peligrosisimo-grado-de-desigualdad-en-la-argentina\/","title":{"rendered":"La Pastoral Social alert\u00f3 sobre el \u201cpeligros\u00edsimo\u201d grado de desigualdad en la Argentina"},"content":{"rendered":"\n<p><strong><em>Tras el cierre de la \u201cSemana Social 2019\u201d donde obispos, dirigentes sociales y eclesiales de todo el pa\u00eds deliberaron por tres d\u00edas, bajo el lema \u201cTrabajo: clave para el desarrollo humano integral\u201d, la Comisi\u00f3n Episcopal de la Pastoral Social public\u00f3 un cr\u00edtico documento sobre la situaci\u00f3n actual en la Argentina, con foco en la desigualdad<\/em><\/strong><\/p>\n\n\n\n<p><\/p>\n\n\n\n<p><\/p>\n\n\n\n<p>El Presidente de la Comisi\u00f3n Episcopal de la Pastoral Social\ny Obispo de Lomas de Zamora, Jorge Lugones, tom\u00f3 la palabra al cierre del\nencuentro realizado como cada a\u00f1o en Mar del Plata, Provincia de Buenos Aires y\nposteriormente se conoci\u00f3 la editorial final de la Iglesia, con fuertes cr\u00edticas\na la dirigencia pol\u00edtica.<\/p>\n\n\n\n<p>En algunos de sus p\u00e1rrafos m\u00e1s significativos, la Pastoral\nSocial se\u00f1ala que \u201cvenimos para reafirmar que el valor del trabajo es clave\npara cualquier proyecto de ecolog\u00eda integral, para el desarrollo de toda\npersona; de una econom\u00eda de comuni\u00f3n, y de la promoci\u00f3n y dignidad de todos y\nmuy especialmente de los m\u00e1s pobres\u201d.<\/p>\n\n\n\n<p>\u201cNos han conmovido algunas afirmaciones surgidas de paneles\ny expositores, de las mesas de trabajo y sus participantes: el grado de\ndesigualdad social en que estamos sumergidos es muy grande y peligros\u00edsimo para\nnuestro pa\u00eds\u201d, se\u00f1ala el documento tras el plenario donde no asistieron las m\u00e1ximas\nautoridades bonaerenses.<\/p>\n\n\n\n<p>En tanto, la Pastoral Social agreg\u00f3 que \u201cescuchamos la\nnecesidad de direccionar la econom\u00eda hacia un modelo que abandone la\nespeculaci\u00f3n y estimule la cadena de valor y la producci\u00f3n, con cambios en el\nsistema impositivo para salir del esquema confiscatorio que padecemos. Son los\ntrabajadores quienes crean la riqueza y no la riqueza quien crea trabajadores\u201d.<\/p>\n\n\n\n<p>La Iglesia remarc\u00f3 adem\u00e1s la necesidad de \u201ccambiar\u201d el curso\nde \u201cla econom\u00eda actual y dar un alma a la econom\u00eda del ma\u00f1ana\u201d, disparando\ncontra el Gobierno encabezado por Mauricio Macri. Asimismo pidi\u00f3 \u201csostener el\nespacio generado por los actores sociales\u201d, en referencia al papel actual de\nlas organizaciones sociales.<\/p>\n\n\n\n<p>\u201cLa cuesti\u00f3n del trabajo es urgente y no s\u00f3lo para alcanzar\nel salario m\u00ednimo vital y m\u00f3vil, que ya en s\u00ed mismo es un asunto de justicia,\nsino adem\u00e1s porque el trabajo de todas y de todos es fundamental para\nestructurar la vida y el desarrollo integral de cada persona, de la familia y\nde la Patria\u201d public\u00f3 la Pastoral Social.<\/p>\n\n\n\n<p>Finalmente destacando el papel de los j\u00f3venes y el trabajo a\nfavor del cuidado del medio ambiente y los recursos naturales, la Iglesia llam\u00f3\n\u201chumildemente\u201d a un \u201cdi\u00e1logo responsable y creativo\u201d de todos los sectores\n\u201cpara revertir esta dif\u00edcil situaci\u00f3n social de presente y de futuro en la que\nnos encontramos\u201d.<\/p>\n","protected":false},"excerpt":{"rendered":"<p>Tras el cierre de la \u201cSemana Social 2019\u201d donde obispos, dirigentes sociales y eclesiales de todo el pa\u00eds deliberaron por tres d\u00edas, bajo el lema \u201cTrabajo: clave para el desarrollo humano integral\u201d, la Comisi\u00f3n Episcopal de la Pastoral Social public\u00f3 un cr\u00edtico documento sobre la situaci\u00f3n actual en la Argentina, con foco en la desigualdad El Presidente de la Comisi\u00f3n Episcopal de la Pastoral Social y Obispo de Lomas de Zamora, Jorge Lugones, tom\u00f3 la palabra al cierre del encuentro realizado como cada a\u00f1o en Mar del Plata, Provincia de&#8230;<\/p>\n","protected":false},"author":3,"featured_media":47281,"comment_status":"closed","ping_status":"closed","sticky":false,"template":"","format":"standard","meta":[],"categories":[18],"tags":[],"_links":{"self":[{"href":"https:\/\/www.actualidadadiario.com\/index.php\/wp-json\/wp\/v2\/posts\/47280"}],"collection":[{"href":"https:\/\/www.actualidadadiario.com\/index.php\/wp-json\/wp\/v2\/posts"}],"about":[{"href":"https:\/\/www.actualidadadiario.com\/index.php\/wp-json\/wp\/v2\/types\/post"}],"author":[{"embeddable":true,"href":"https:\/\/www.actualidadadiario.com\/index.php\/wp-json\/wp\/v2\/users\/3"}],"replies":[{"embeddable":true,"href":"https:\/\/www.actualidadadiario.com\/index.php\/wp-json\/wp\/v2\/comments?post=47280"}],"version-history":[{"count":1,"href":"https:\/\/www.actualidadadiario.com\/index.php\/wp-json\/wp\/v2\/posts\/47280\/revisions"}],"predecessor-version":[{"id":47282,"href":"https:\/\/www.actualidadadiario.com\/index.php\/wp-json\/wp\/v2\/posts\/47280\/revisions\/47282"}],"wp:featuredmedia":[{"embeddable":true,"href":"https:\/\/www.actualidadadiario.com\/index.php\/wp-json\/wp\/v2\/media\/47281"}],"wp:attachment":[{"href":"https:\/\/www.actualidadadiario.com\/index.php\/wp-json\/wp\/v2\/media?parent=47280"}],"wp:term":[{"taxonomy":"category","embeddable":true,"href":"https:\/\/www.actualidadadiario.com\/index.php\/wp-json\/wp\/v2\/categories?post=47280"},{"taxonomy":"post_tag","embeddable":true,"href":"https:\/\/www.actualidadadiario.com\/index.php\/wp-json\/wp\/v2\/tags?post=47280"}],"curies":[{"name":"wp","href":"https:\/\/api.w.org\/{rel}","templated":true}]}}