{"id":4728,"date":"2016-11-17T10:19:49","date_gmt":"2016-11-17T13:19:49","guid":{"rendered":"http:\/\/actualidadadiario.com\/site\/?p=4728"},"modified":"2016-11-17T10:19:49","modified_gmt":"2016-11-17T13:19:49","slug":"se-financiaran-proyectos-culturales-para-jovenes-emprendedores","status":"publish","type":"post","link":"https:\/\/www.actualidadadiario.com\/index.php\/2016\/11\/17\/se-financiaran-proyectos-culturales-para-jovenes-emprendedores\/","title":{"rendered":"Se financiar\u00e1n proyectos culturales para j\u00f3venes emprendedores"},"content":{"rendered":"<p><em><strong>J\u00f3venes artistas, gestores y\/o productores culturales entrerrianos podr\u00e1n acceder al Programa de Empleo Independiente. Se financiar\u00e1n hasta 38.000 pesos para proyectos culturales. Adem\u00e1s se dictar\u00e1 un curso de formaci\u00f3n en marketing, contabilidad y administraci\u00f3n para acompa\u00f1ar el armado de los proyectos. La primera instancia se llevar\u00e1 a cabo en Paran\u00e1, Concordia y Concepci\u00f3n del Uruguay<\/strong><\/em><\/p>\n<p>&nbsp;<\/p>\n<p>&nbsp;<\/p>\n<p>&nbsp;<\/p>\n<p>&nbsp;<\/p>\n<p>&nbsp;<\/p>\n<p>El subsidio consiste en financiamiento de hasta $38.000 para la compra de insumos y herramientas y la posibilidad de un refinanciamiento de $25.000. Este programa, organizado por el gobierno de Entre R\u00edos a trav\u00e9s de la Secretar\u00eda de la Juventud, la Gerencia de Empleo y Capacitaci\u00f3n Laboral de Entre R\u00edos y el Centro Experimental de Industrias Culturales de Entre R\u00edos (Ceicer).<\/p>\n<p>&nbsp;<\/p>\n<p>Los destinatarios son j\u00f3venes artistas, gestores y\/o productores culturales que no cuenten con trabajo formal y quieran llevar adelante un proyecto cultural.<\/p>\n<p>Quienes cumplan con los requisitos asistir\u00e1n, a partir de marzo, a un curso de gesti\u00f3n empresarial, donde aprender\u00e1n nociones b\u00e1sicas de marketing, contabilidad y administraci\u00f3n para el armado del proyecto. Las preinscripciones se recibir\u00e1n hasta el 15 de diciembre.<\/p>\n<p>&nbsp;<\/p>\n<p>M\u00e1s informaci\u00f3n en www.entrerios.gov.ar\/juventud o al correo electr\u00f3nico peicultura@gmail.com<\/p>\n","protected":false},"excerpt":{"rendered":"<p>J\u00f3venes artistas, gestores y\/o productores culturales entrerrianos podr\u00e1n acceder al Programa de Empleo Independiente. Se financiar\u00e1n hasta 38.000 pesos para proyectos culturales. Adem\u00e1s se dictar\u00e1 un curso de formaci\u00f3n en marketing, contabilidad y administraci\u00f3n para acompa\u00f1ar el armado de los proyectos. La primera instancia se llevar\u00e1 a cabo en Paran\u00e1, Concordia y Concepci\u00f3n del Uruguay &nbsp; &nbsp; &nbsp; &nbsp; &nbsp; El subsidio consiste en financiamiento de hasta $38.000 para la compra de insumos y herramientas y la posibilidad de un refinanciamiento de $25.000. Este programa, organizado por el gobierno de&#8230;<\/p>\n","protected":false},"author":3,"featured_media":4729,"comment_status":"closed","ping_status":"closed","sticky":false,"template":"","format":"standard","meta":[],"categories":[15],"tags":[],"_links":{"self":[{"href":"https:\/\/www.actualidadadiario.com\/index.php\/wp-json\/wp\/v2\/posts\/4728"}],"collection":[{"href":"https:\/\/www.actualidadadiario.com\/index.php\/wp-json\/wp\/v2\/posts"}],"about":[{"href":"https:\/\/www.actualidadadiario.com\/index.php\/wp-json\/wp\/v2\/types\/post"}],"author":[{"embeddable":true,"href":"https:\/\/www.actualidadadiario.com\/index.php\/wp-json\/wp\/v2\/users\/3"}],"replies":[{"embeddable":true,"href":"https:\/\/www.actualidadadiario.com\/index.php\/wp-json\/wp\/v2\/comments?post=4728"}],"version-history":[{"count":1,"href":"https:\/\/www.actualidadadiario.com\/index.php\/wp-json\/wp\/v2\/posts\/4728\/revisions"}],"predecessor-version":[{"id":4730,"href":"https:\/\/www.actualidadadiario.com\/index.php\/wp-json\/wp\/v2\/posts\/4728\/revisions\/4730"}],"wp:featuredmedia":[{"embeddable":true,"href":"https:\/\/www.actualidadadiario.com\/index.php\/wp-json\/wp\/v2\/media\/4729"}],"wp:attachment":[{"href":"https:\/\/www.actualidadadiario.com\/index.php\/wp-json\/wp\/v2\/media?parent=4728"}],"wp:term":[{"taxonomy":"category","embeddable":true,"href":"https:\/\/www.actualidadadiario.com\/index.php\/wp-json\/wp\/v2\/categories?post=4728"},{"taxonomy":"post_tag","embeddable":true,"href":"https:\/\/www.actualidadadiario.com\/index.php\/wp-json\/wp\/v2\/tags?post=4728"}],"curies":[{"name":"wp","href":"https:\/\/api.w.org\/{rel}","templated":true}]}}