{"id":47277,"date":"2019-07-01T10:37:46","date_gmt":"2019-07-01T13:37:46","guid":{"rendered":"https:\/\/www.actualidadadiario.com\/?p=47277"},"modified":"2019-07-01T10:37:46","modified_gmt":"2019-07-01T13:37:46","slug":"carrio-reaviva-la-interna-dentro-del-oficialismo-y-complica-al-gobierno","status":"publish","type":"post","link":"https:\/\/www.actualidadadiario.com\/index.php\/2019\/07\/01\/carrio-reaviva-la-interna-dentro-del-oficialismo-y-complica-al-gobierno\/","title":{"rendered":"Carri\u00f3 reaviva la interna dentro del oficialismo y complica al Gobierno"},"content":{"rendered":"\n<p><strong><em>Cuando los cortocircuitos entre el ala dura del macrismo y el presidente de la C\u00e1mara de Diputados, Emilio Monz\u00f3, por el cierre de listas parec\u00edan haber quedado atr\u00e1s, la l\u00edder de la Coalici\u00f3n C\u00edvica, Elisa Carri\u00f3, reaviv\u00f3 este fin de semana esas diferencias en medio de la campa\u00f1a electoral. Luego de que asegurara que el legislador intent\u00f3 convencerla, a trav\u00e9s del dirigente peronista Juli\u00e1n Dom\u00ednguez, para que &#8220;rompiera&#8221; con la administraci\u00f3n de Mauricio Macri, el titular de la bancada de PRO Nicol\u00e1s Massot la acus\u00f3 de haber &#8220;mentido mucho&#8221; y &#8220;extorsionado a este gobierno&#8221;<\/em><\/strong><\/p>\n\n\n\n<p><\/p>\n\n\n\n<p><\/p>\n\n\n\n<p>&#8220;La acusaci\u00f3n de Carri\u00f3 es grav\u00edsima, nos sorprendi\u00f3.\nNo la esper\u00e1bamos. Era dif\u00edcil de anticipar semejante falacia pero no sorprende\nviniendo de ella. En los \u00faltimos a\u00f1os nos ha tocado a los argentinos ver la\npeor versi\u00f3n de Carri\u00f3&#8221;, se\u00f1al\u00f3 Massot, hombre de confianza de Monz\u00f3, en\nreferencia a los dichos de la dirigente. Y puntualiz\u00f3 que es &#8220;tolerada&#8221;\nen el oficialismo &#8220;porque el Gobierno entero le teme&#8221; producto de las\n&#8220;extorsiones&#8221; frecuentes a las que somete al Poder Ejecutivo.<\/p>\n\n\n\n<p>Dom\u00ednguez tambi\u00e9n desminti\u00f3 a Carri\u00f3 v\u00eda Twitter, desde\ndonde pidi\u00f3 que no lo meta &#8220;en internas de sus gobierno&#8221;.<\/p>\n\n\n\n<p>&#8220;Tuvo su valor como opositora durante muchos a\u00f1os pero\nno supo adecuarse a su rol de oficialista. Llama la atenci\u00f3n el profundo\ncontraste entre la responsabilidad permanente de Monz\u00f3 y la frecuente\nimprudencia de Carri\u00f3&#8221;, concluy\u00f3 el presidente del bloque macrista en la C\u00e1mara\nBaja.<\/p>\n","protected":false},"excerpt":{"rendered":"<p>Cuando los cortocircuitos entre el ala dura del macrismo y el presidente de la C\u00e1mara de Diputados, Emilio Monz\u00f3, por el cierre de listas parec\u00edan haber quedado atr\u00e1s, la l\u00edder de la Coalici\u00f3n C\u00edvica, Elisa Carri\u00f3, reaviv\u00f3 este fin de semana esas diferencias en medio de la campa\u00f1a electoral. Luego de que asegurara que el legislador intent\u00f3 convencerla, a trav\u00e9s del dirigente peronista Juli\u00e1n Dom\u00ednguez, para que &#8220;rompiera&#8221; con la administraci\u00f3n de Mauricio Macri, el titular de la bancada de PRO Nicol\u00e1s Massot la acus\u00f3 de haber &#8220;mentido mucho&#8221; y&#8230;<\/p>\n","protected":false},"author":3,"featured_media":47278,"comment_status":"closed","ping_status":"closed","sticky":false,"template":"","format":"standard","meta":[],"categories":[18],"tags":[],"_links":{"self":[{"href":"https:\/\/www.actualidadadiario.com\/index.php\/wp-json\/wp\/v2\/posts\/47277"}],"collection":[{"href":"https:\/\/www.actualidadadiario.com\/index.php\/wp-json\/wp\/v2\/posts"}],"about":[{"href":"https:\/\/www.actualidadadiario.com\/index.php\/wp-json\/wp\/v2\/types\/post"}],"author":[{"embeddable":true,"href":"https:\/\/www.actualidadadiario.com\/index.php\/wp-json\/wp\/v2\/users\/3"}],"replies":[{"embeddable":true,"href":"https:\/\/www.actualidadadiario.com\/index.php\/wp-json\/wp\/v2\/comments?post=47277"}],"version-history":[{"count":1,"href":"https:\/\/www.actualidadadiario.com\/index.php\/wp-json\/wp\/v2\/posts\/47277\/revisions"}],"predecessor-version":[{"id":47279,"href":"https:\/\/www.actualidadadiario.com\/index.php\/wp-json\/wp\/v2\/posts\/47277\/revisions\/47279"}],"wp:featuredmedia":[{"embeddable":true,"href":"https:\/\/www.actualidadadiario.com\/index.php\/wp-json\/wp\/v2\/media\/47278"}],"wp:attachment":[{"href":"https:\/\/www.actualidadadiario.com\/index.php\/wp-json\/wp\/v2\/media?parent=47277"}],"wp:term":[{"taxonomy":"category","embeddable":true,"href":"https:\/\/www.actualidadadiario.com\/index.php\/wp-json\/wp\/v2\/categories?post=47277"},{"taxonomy":"post_tag","embeddable":true,"href":"https:\/\/www.actualidadadiario.com\/index.php\/wp-json\/wp\/v2\/tags?post=47277"}],"curies":[{"name":"wp","href":"https:\/\/api.w.org\/{rel}","templated":true}]}}