{"id":47264,"date":"2019-07-01T10:34:07","date_gmt":"2019-07-01T13:34:07","guid":{"rendered":"https:\/\/www.actualidadadiario.com\/?p=47264"},"modified":"2019-07-01T10:34:07","modified_gmt":"2019-07-01T13:34:07","slug":"ley-de-financiamiento-de-los-partidos-politicos-deberan-detallar-la-nomina-de-aportes-que-reciban","status":"publish","type":"post","link":"https:\/\/www.actualidadadiario.com\/index.php\/2019\/07\/01\/ley-de-financiamiento-de-los-partidos-politicos-deberan-detallar-la-nomina-de-aportes-que-reciban\/","title":{"rendered":"Ley de financiamiento de los partidos pol\u00edticos: deber\u00e1n detallar la n\u00f3mina de aportes que reciban"},"content":{"rendered":"\n<p><strong><em>Mediante el decreto 443\/2019 publicado este lunes en el Bolet\u00edn Oficial, el Gobierno realiz\u00f3 una modificaci\u00f3n a un art\u00edculo de la ley de Financiamiento de los Partidos Pol\u00edticos, respecto de la presentaci\u00f3n de los balances por parte de las agrupaciones. La medida fue firmada por la vicepresidente Gabriela Michetti, el jefe de Gabinete, Marcos Pe\u00f1a y el ministro del Interior, Rogelio Frigerio<\/em><\/strong><\/p>\n\n\n\n<p><\/p>\n\n\n\n<p><\/p>\n\n\n\n<p>De esta forma, la nueva normativa que fue oficializada hoy\nestablece que en el balance anual y en el informe de campa\u00f1a las agrupaciones\npol\u00edticas, deber\u00e1n detallar la n\u00f3mina de aportes que hubiesen recibido, con la\ncorrespondiente identificaci\u00f3n de las personas que los hubieren realizado.<\/p>\n\n\n\n<p>As\u00ed, la norma respecto de la financiaci\u00f3n de los partidos\npol\u00edticos de cara a las pr\u00f3ximas elecciones presidenciales, determina para el\ncaso de los aportes a trav\u00e9s de dep\u00f3sito bancario, el Banco Central arbitrar\u00e1\nlos mecanismos apropiados para que se acredite la identidad del aportante al\nmomento en el que se realiza el aporte y para hacer posible su reversi\u00f3n.<\/p>\n\n\n\n<p>En este sentido, las entidades bancarias o administradoras\nde tarjetas de cr\u00e9dito o d\u00e9bito deber\u00e1n informar a la Direcci\u00f3n Nacional\nElectoral las donaciones al Fondo Partidario Permanente, la identidad del\ndonante. Igualmente, deber\u00e1n permitir la reversi\u00f3n del aporte en caso que el\nmismo no sea aceptado por el destinatario.<\/p>\n\n\n\n<p>En tanto, la normativa prev\u00e9 que los aportes efectuados\nmediante tarjeta de cr\u00e9dito se podr\u00e1n instrumentar de manera de constituir un\naporte \u00fanico o un aporte peri\u00f3dico. Asimismo, la apertura y los datos de las\ncuentas corrientes deber\u00e1n ser registrados por cada agrupaci\u00f3n pol\u00edtica en la\nentidad.<\/p>\n\n\n\n<p>Adem\u00e1s, se entender\u00e1n comprendidas en el inciso c) del\nart\u00edculo 15 de la Ley N\u00b0 26.215 y sus modificatorias, quienes, al inicio de la\ncampa\u00f1a sean permisionarios de la Naci\u00f3n, las provincias o los municipios,\nempresas concesionarias de obra p\u00fablica o concesionarias de servicios p\u00fablicos,\ncomo as\u00ed tambi\u00e9n compa\u00f1\u00edas contratistas de obra p\u00fablica o de servicios p\u00fablicos\ny proveedores.<\/p>\n\n\n\n<p>Seg\u00fan la medida, se destinar\u00e1 a publicidad en medios\ndigitales el 20% de los fondos p\u00fablicos que las agrupaciones pol\u00edticas reciban\ndel aporte extraordinario para campa\u00f1as electorales. As\u00ed, de este porcentaje,\nal menos un 35% ser\u00e1 destinado a sitios period\u00edsticos digitales generadores de\ncontenido y de producci\u00f3n nacional, y como m\u00ednimo otro 25% a sitios period\u00edsticos\ndigitales generadores de contenido y de producci\u00f3n provincial.<\/p>\n","protected":false},"excerpt":{"rendered":"<p>Mediante el decreto 443\/2019 publicado este lunes en el Bolet\u00edn Oficial, el Gobierno realiz\u00f3 una modificaci\u00f3n a un art\u00edculo de la ley de Financiamiento de los Partidos Pol\u00edticos, respecto de la presentaci\u00f3n de los balances por parte de las agrupaciones. La medida fue firmada por la vicepresidente Gabriela Michetti, el jefe de Gabinete, Marcos Pe\u00f1a y el ministro del Interior, Rogelio Frigerio De esta forma, la nueva normativa que fue oficializada hoy establece que en el balance anual y en el informe de campa\u00f1a las agrupaciones pol\u00edticas, deber\u00e1n detallar la&#8230;<\/p>\n","protected":false},"author":3,"featured_media":44893,"comment_status":"closed","ping_status":"closed","sticky":false,"template":"","format":"standard","meta":[],"categories":[9],"tags":[],"_links":{"self":[{"href":"https:\/\/www.actualidadadiario.com\/index.php\/wp-json\/wp\/v2\/posts\/47264"}],"collection":[{"href":"https:\/\/www.actualidadadiario.com\/index.php\/wp-json\/wp\/v2\/posts"}],"about":[{"href":"https:\/\/www.actualidadadiario.com\/index.php\/wp-json\/wp\/v2\/types\/post"}],"author":[{"embeddable":true,"href":"https:\/\/www.actualidadadiario.com\/index.php\/wp-json\/wp\/v2\/users\/3"}],"replies":[{"embeddable":true,"href":"https:\/\/www.actualidadadiario.com\/index.php\/wp-json\/wp\/v2\/comments?post=47264"}],"version-history":[{"count":1,"href":"https:\/\/www.actualidadadiario.com\/index.php\/wp-json\/wp\/v2\/posts\/47264\/revisions"}],"predecessor-version":[{"id":47265,"href":"https:\/\/www.actualidadadiario.com\/index.php\/wp-json\/wp\/v2\/posts\/47264\/revisions\/47265"}],"wp:featuredmedia":[{"embeddable":true,"href":"https:\/\/www.actualidadadiario.com\/index.php\/wp-json\/wp\/v2\/media\/44893"}],"wp:attachment":[{"href":"https:\/\/www.actualidadadiario.com\/index.php\/wp-json\/wp\/v2\/media?parent=47264"}],"wp:term":[{"taxonomy":"category","embeddable":true,"href":"https:\/\/www.actualidadadiario.com\/index.php\/wp-json\/wp\/v2\/categories?post=47264"},{"taxonomy":"post_tag","embeddable":true,"href":"https:\/\/www.actualidadadiario.com\/index.php\/wp-json\/wp\/v2\/tags?post=47264"}],"curies":[{"name":"wp","href":"https:\/\/api.w.org\/{rel}","templated":true}]}}