{"id":47253,"date":"2019-07-01T10:31:12","date_gmt":"2019-07-01T13:31:12","guid":{"rendered":"https:\/\/www.actualidadadiario.com\/?p=47253"},"modified":"2019-07-01T10:31:12","modified_gmt":"2019-07-01T13:31:12","slug":"casacion-de-concordia-revisara-este-miercoles-la-sentencia-que-condeno-a-perpetua-a-nahir-galarza","status":"publish","type":"post","link":"https:\/\/www.actualidadadiario.com\/index.php\/2019\/07\/01\/casacion-de-concordia-revisara-este-miercoles-la-sentencia-que-condeno-a-perpetua-a-nahir-galarza\/","title":{"rendered":"Casaci\u00f3n de Concordia revisar\u00e1 este mi\u00e9rcoles la sentencia que conden\u00f3 a perpetua a Nahir Galarza"},"content":{"rendered":"\n<p><strong><em>Tras el fallo del Tribunal de Gualeguaych\u00fa que conden\u00f3 a prisi\u00f3n perpetua a Nahir Galarza como responsable del crimen de Fernando Pastorizzo, ocurrido el 29 de diciembre de 2017, la sala Concordia de Casaci\u00f3n Penal revisar\u00e1 este mi\u00e9rcoles el fallo contra la joven<\/em><\/strong><\/p>\n\n\n\n<p><\/p>\n\n\n\n<p><\/p>\n\n\n\n<p>Los jueces An\u00edbal Lafourcade, Dar\u00edo Perroud y Silvina Gallo,\ncomo primera instancia revisora superior del fallo de primera instancia,\nanalizar\u00e1n la apelaci\u00f3n de la defensa t\u00e9cnica de la joven integrada por Jos\u00e9 Ostolaza,\nDar\u00edo Germanier y Pablo Sotelo.<\/p>\n\n\n\n<p>Luego de que se hiciera p\u00fablica la noticia de la revisi\u00f3n\ndel fallo, a trav\u00e9s de las redes sociales, allegados a la v\u00edctima pidieron el\napoyo de la sociedad. &#8220;\u00a1Una vez m\u00e1s volvemos a pedir a la que se haga\njusticia por Fernando! \u00a1Necesitamos el apoyo de todos!&#8221;, indicaron en la\nconvocatoria.<\/p>\n\n\n\n<p>El 3 de julio de 2018 el Tribunal de Juicio y Apelaciones de\nGualeguaych\u00fa integrado por los jueces Mauricio Derudi, Arturo Dum\u00f3n y Alicia\nVivian, por unanimidad, declar\u00f3 a Galarza autora penalmente responsable del\ndelito de homicidio calificado, por ser el de una persona con quien mantuvo\nrelaci\u00f3n de pareja. Por eso dispuso la condena a la pena de prisi\u00f3n perpetua y\naccesorias legales.<\/p>\n\n\n\n<p>Hasta que la sentencia quede firme, Galarza cumple una\nprisi\u00f3n preventiva en la Unidad Penal N\u00ba 6 &#8220;Concepci\u00f3n Arenal &#8220;de\nParan\u00e1, de acuerdo a lo dispuesto por el Tribunal, que consider\u00f3 &#8220;que se\npresenta el riesgo procesal de fuga, que cobra importancia a partir de la grave\npena que se ha fijado, puesto que ya que no se trata de una pena en expectativa\nsino que se trata de una penalidad concreta y de efectivo cumplimiento&#8221;.<\/p>\n","protected":false},"excerpt":{"rendered":"<p>Tras el fallo del Tribunal de Gualeguaych\u00fa que conden\u00f3 a prisi\u00f3n perpetua a Nahir Galarza como responsable del crimen de Fernando Pastorizzo, ocurrido el 29 de diciembre de 2017, la sala Concordia de Casaci\u00f3n Penal revisar\u00e1 este mi\u00e9rcoles el fallo contra la joven Los jueces An\u00edbal Lafourcade, Dar\u00edo Perroud y Silvina Gallo, como primera instancia revisora superior del fallo de primera instancia, analizar\u00e1n la apelaci\u00f3n de la defensa t\u00e9cnica de la joven integrada por Jos\u00e9 Ostolaza, Dar\u00edo Germanier y Pablo Sotelo. Luego de que se hiciera p\u00fablica la noticia de&#8230;<\/p>\n","protected":false},"author":3,"featured_media":47254,"comment_status":"closed","ping_status":"closed","sticky":false,"template":"","format":"standard","meta":[],"categories":[15],"tags":[],"_links":{"self":[{"href":"https:\/\/www.actualidadadiario.com\/index.php\/wp-json\/wp\/v2\/posts\/47253"}],"collection":[{"href":"https:\/\/www.actualidadadiario.com\/index.php\/wp-json\/wp\/v2\/posts"}],"about":[{"href":"https:\/\/www.actualidadadiario.com\/index.php\/wp-json\/wp\/v2\/types\/post"}],"author":[{"embeddable":true,"href":"https:\/\/www.actualidadadiario.com\/index.php\/wp-json\/wp\/v2\/users\/3"}],"replies":[{"embeddable":true,"href":"https:\/\/www.actualidadadiario.com\/index.php\/wp-json\/wp\/v2\/comments?post=47253"}],"version-history":[{"count":1,"href":"https:\/\/www.actualidadadiario.com\/index.php\/wp-json\/wp\/v2\/posts\/47253\/revisions"}],"predecessor-version":[{"id":47255,"href":"https:\/\/www.actualidadadiario.com\/index.php\/wp-json\/wp\/v2\/posts\/47253\/revisions\/47255"}],"wp:featuredmedia":[{"embeddable":true,"href":"https:\/\/www.actualidadadiario.com\/index.php\/wp-json\/wp\/v2\/media\/47254"}],"wp:attachment":[{"href":"https:\/\/www.actualidadadiario.com\/index.php\/wp-json\/wp\/v2\/media?parent=47253"}],"wp:term":[{"taxonomy":"category","embeddable":true,"href":"https:\/\/www.actualidadadiario.com\/index.php\/wp-json\/wp\/v2\/categories?post=47253"},{"taxonomy":"post_tag","embeddable":true,"href":"https:\/\/www.actualidadadiario.com\/index.php\/wp-json\/wp\/v2\/tags?post=47253"}],"curies":[{"name":"wp","href":"https:\/\/api.w.org\/{rel}","templated":true}]}}