{"id":47251,"date":"2019-07-01T10:30:31","date_gmt":"2019-07-01T13:30:31","guid":{"rendered":"https:\/\/www.actualidadadiario.com\/?p=47251"},"modified":"2019-07-01T10:30:31","modified_gmt":"2019-07-01T13:30:31","slug":"diputados-trata-el-martes-en-comision-el-regimen-de-licencia-por-donacion-de-organos","status":"publish","type":"post","link":"https:\/\/www.actualidadadiario.com\/index.php\/2019\/07\/01\/diputados-trata-el-martes-en-comision-el-regimen-de-licencia-por-donacion-de-organos\/","title":{"rendered":"Diputados trata el martes en comisi\u00f3n el r\u00e9gimen de licencia por donaci\u00f3n de \u00f3rganos"},"content":{"rendered":"\n<p><strong><em>Ser\u00e1 en la reuni\u00f3n de la Comisi\u00f3n de Salud, que preside Jos\u00e9 Allende, prevista para el martes a las 10. El proyecto cuenta con media sanci\u00f3n del Senado. Iba ser tratado la semana pasada en Legislaci\u00f3n General, pero el encuentro fue suspendido por falta de qu\u00f3rum<\/em><\/strong><\/p>\n\n\n\n<p><\/p>\n\n\n\n<p><\/p>\n\n\n\n<p>Se trata del proyecto de ley por el que se crea el r\u00e9gimen\nde licencia por donaci\u00f3n de \u00f3rganos, tejidos y c\u00e9lulas en el \u00e1mbito de la\nAdministraci\u00f3n p\u00fablica provincial, organismos centralizados, descentralizados y\naut\u00e1rquicos empresas del Estado y municipios que adhieran a la presente. La\niniciativa, de autor\u00eda del senador \u00c1ngel Giano con el acompa\u00f1amiento de su par\nNancy Miranda, cuenta con media sanci\u00f3n.<\/p>\n\n\n\n<p>Estaba previsto su an\u00e1lisis tambi\u00e9n en la Comisi\u00f3n de\nLegislaci\u00f3n General el pasado 18 de junio, pero la reuni\u00f3n fue suspendida por\nfalta de qu\u00f3rum, por la inasistencia de los legisladores de Cambiemos. S\u00f3lo\nhab\u00eda asistido Fuad Sosa de ese bloque.<\/p>\n\n\n\n<p><strong>Otras reuniones<\/strong><\/p>\n\n\n\n<p>Para el martes, a las 9, tambi\u00e9n est\u00e1 convocada la Comisi\u00f3n\nde Tierras, Obras P\u00fablicas, Recursos Naturales y Ambiente. Y a las 11, la\nComisi\u00f3n de Asuntos Cooperativos, Mutuales, Cultura, Turismo y Deportes.<\/p>\n","protected":false},"excerpt":{"rendered":"<p>Ser\u00e1 en la reuni\u00f3n de la Comisi\u00f3n de Salud, que preside Jos\u00e9 Allende, prevista para el martes a las 10. El proyecto cuenta con media sanci\u00f3n del Senado. Iba ser tratado la semana pasada en Legislaci\u00f3n General, pero el encuentro fue suspendido por falta de qu\u00f3rum Se trata del proyecto de ley por el que se crea el r\u00e9gimen de licencia por donaci\u00f3n de \u00f3rganos, tejidos y c\u00e9lulas en el \u00e1mbito de la Administraci\u00f3n p\u00fablica provincial, organismos centralizados, descentralizados y aut\u00e1rquicos empresas del Estado y municipios que adhieran a la&#8230;<\/p>\n","protected":false},"author":3,"featured_media":19620,"comment_status":"closed","ping_status":"closed","sticky":false,"template":"","format":"standard","meta":[],"categories":[15],"tags":[],"_links":{"self":[{"href":"https:\/\/www.actualidadadiario.com\/index.php\/wp-json\/wp\/v2\/posts\/47251"}],"collection":[{"href":"https:\/\/www.actualidadadiario.com\/index.php\/wp-json\/wp\/v2\/posts"}],"about":[{"href":"https:\/\/www.actualidadadiario.com\/index.php\/wp-json\/wp\/v2\/types\/post"}],"author":[{"embeddable":true,"href":"https:\/\/www.actualidadadiario.com\/index.php\/wp-json\/wp\/v2\/users\/3"}],"replies":[{"embeddable":true,"href":"https:\/\/www.actualidadadiario.com\/index.php\/wp-json\/wp\/v2\/comments?post=47251"}],"version-history":[{"count":1,"href":"https:\/\/www.actualidadadiario.com\/index.php\/wp-json\/wp\/v2\/posts\/47251\/revisions"}],"predecessor-version":[{"id":47252,"href":"https:\/\/www.actualidadadiario.com\/index.php\/wp-json\/wp\/v2\/posts\/47251\/revisions\/47252"}],"wp:featuredmedia":[{"embeddable":true,"href":"https:\/\/www.actualidadadiario.com\/index.php\/wp-json\/wp\/v2\/media\/19620"}],"wp:attachment":[{"href":"https:\/\/www.actualidadadiario.com\/index.php\/wp-json\/wp\/v2\/media?parent=47251"}],"wp:term":[{"taxonomy":"category","embeddable":true,"href":"https:\/\/www.actualidadadiario.com\/index.php\/wp-json\/wp\/v2\/categories?post=47251"},{"taxonomy":"post_tag","embeddable":true,"href":"https:\/\/www.actualidadadiario.com\/index.php\/wp-json\/wp\/v2\/tags?post=47251"}],"curies":[{"name":"wp","href":"https:\/\/api.w.org\/{rel}","templated":true}]}}