{"id":4725,"date":"2016-11-17T10:17:04","date_gmt":"2016-11-17T13:17:04","guid":{"rendered":"http:\/\/actualidadadiario.com\/site\/?p=4725"},"modified":"2016-11-17T10:17:04","modified_gmt":"2016-11-17T13:17:04","slug":"planifican-las-acciones-y-la-ejecucion-del-presupuesto-2017-en-el-cge","status":"publish","type":"post","link":"https:\/\/www.actualidadadiario.com\/index.php\/2016\/11\/17\/planifican-las-acciones-y-la-ejecucion-del-presupuesto-2017-en-el-cge\/","title":{"rendered":"Planifican las acciones y la ejecuci\u00f3n del presupuesto 2017 en el CGE"},"content":{"rendered":"<p><em><strong>Equipos t\u00e9cnicos de las distintas \u00e1reas del Consejo General de Educaci\u00f3n mantuvieron una jornada de trabajo en la que se desarrollaron las l\u00edneas de acci\u00f3n que llevar\u00e1 en 2017 a cabo en toda la provincia<\/strong><\/em><\/p>\n<p>&nbsp;<\/p>\n<p>&nbsp;<\/p>\n<p>&nbsp;<\/p>\n<p>&nbsp;<\/p>\n<p>&nbsp;<\/p>\n<p>&nbsp;<\/p>\n<p>El presidente del CGE, Jos\u00e9 Luis Panozzo, encabez\u00f3 la reuni\u00f3n de equipos t\u00e9cnicos de todas las direcciones de niveles, coordinaciones y programas que dependen del CGE en la que se trabaj\u00f3 las l\u00edneas de acci\u00f3n que se llevar\u00e1n a cabo en toda la provincia en 2017. Fue este mi\u00e9rcoles en el sal\u00f3n Auditorio General San Mart\u00edn del CGE.<\/p>\n<p>&nbsp;<\/p>\n<p>La jornada se centr\u00f3 en la articulaci\u00f3n de desarrollos curriculares y extracurriculares, y de todos los procesos que las escuelas llevar\u00e1n a cabo desde los distintos niveles y modalidades el pr\u00f3ximo a\u00f1o, as\u00ed como el dise\u00f1o presupuestario de cada actividad y nuevos proyectos.<\/p>\n<p>&nbsp;<\/p>\n<p>En ese marco, Panozzo expres\u00f3: \u201cNos hemos reunido para que nos comuniquemos y podamos articular fuertemente todas las acciones para el a\u00f1o pr\u00f3ximo porque la educaci\u00f3n p\u00fablica en la provincia es una sola y por eso tenemos que planificar en conjunto para toda la provincia\u201d, indic\u00f3 el titular de la cartera educativa.<\/p>\n<p>&nbsp;<\/p>\n<p>En ese marco inst\u00f3 a los equipos a \u201ctrabajar articuladamente para logar que la provincia de Entre R\u00edos siga siendo pionera en educaci\u00f3n, pero lo tenemos que hacer trabajando juntos con ustedes, porque nosotros mediamos para conseguir los recursos, pero ustedes son los responsables de llevar adelante cada programa, cada acci\u00f3n.\u201d<\/p>\n<p>&nbsp;<\/p>\n<p>Se trat\u00f3 de un encuentro para abordar cuestiones organizativas del plan de acciones para 2017, para que este incluya una agenda de acciones, capacitaciones, acompa\u00f1amientos y asistencias que involucren las tem\u00e1ticas transversales fortaleciendo las intenciones pedag\u00f3gicas y que permita trabajar en la complejidad de las situaciones que se vayan presentando.<\/p>\n<p>&nbsp;<\/p>\n<p>&nbsp;<\/p>\n<p>&nbsp;<\/p>\n<p>&nbsp;<\/p>\n<p><strong>Planifican la ejecuci\u00f3n del presupuesto 2017 en el CGE <\/strong><\/p>\n<p>Tambi\u00e9n en el encuentro se trabaj\u00f3 sobre el Programa Nacional de Formaci\u00f3n Permanente (PNFP), ya que este acompa\u00f1a y promueve la importancia de atender lo institucional como punto de partida en las acciones de la gesti\u00f3n.<\/p>\n<p>&nbsp;<\/p>\n<p>Ante lo cual la referente pol\u00edtica y pedag\u00f3gica del PNFP, Marcela Mange\u00f3n, expres\u00f3 \u201cEste programa centraliza los esfuerzos por una mejor educaci\u00f3n con aprendizajes variados, aulas heterog\u00e9neas y en las que debe centrarse el esfuerzo de la ense\u00f1anza, por eso es importante abordar este tema en este encuentro.\u201d<\/p>\n","protected":false},"excerpt":{"rendered":"<p>Equipos t\u00e9cnicos de las distintas \u00e1reas del Consejo General de Educaci\u00f3n mantuvieron una jornada de trabajo en la que se desarrollaron las l\u00edneas de acci\u00f3n que llevar\u00e1 en 2017 a cabo en toda la provincia &nbsp; &nbsp; &nbsp; &nbsp; &nbsp; &nbsp; El presidente del CGE, Jos\u00e9 Luis Panozzo, encabez\u00f3 la reuni\u00f3n de equipos t\u00e9cnicos de todas las direcciones de niveles, coordinaciones y programas que dependen del CGE en la que se trabaj\u00f3 las l\u00edneas de acci\u00f3n que se llevar\u00e1n a cabo en toda la provincia en 2017. Fue este mi\u00e9rcoles&#8230;<\/p>\n","protected":false},"author":3,"featured_media":4726,"comment_status":"closed","ping_status":"closed","sticky":false,"template":"","format":"standard","meta":[],"categories":[15],"tags":[],"_links":{"self":[{"href":"https:\/\/www.actualidadadiario.com\/index.php\/wp-json\/wp\/v2\/posts\/4725"}],"collection":[{"href":"https:\/\/www.actualidadadiario.com\/index.php\/wp-json\/wp\/v2\/posts"}],"about":[{"href":"https:\/\/www.actualidadadiario.com\/index.php\/wp-json\/wp\/v2\/types\/post"}],"author":[{"embeddable":true,"href":"https:\/\/www.actualidadadiario.com\/index.php\/wp-json\/wp\/v2\/users\/3"}],"replies":[{"embeddable":true,"href":"https:\/\/www.actualidadadiario.com\/index.php\/wp-json\/wp\/v2\/comments?post=4725"}],"version-history":[{"count":1,"href":"https:\/\/www.actualidadadiario.com\/index.php\/wp-json\/wp\/v2\/posts\/4725\/revisions"}],"predecessor-version":[{"id":4727,"href":"https:\/\/www.actualidadadiario.com\/index.php\/wp-json\/wp\/v2\/posts\/4725\/revisions\/4727"}],"wp:featuredmedia":[{"embeddable":true,"href":"https:\/\/www.actualidadadiario.com\/index.php\/wp-json\/wp\/v2\/media\/4726"}],"wp:attachment":[{"href":"https:\/\/www.actualidadadiario.com\/index.php\/wp-json\/wp\/v2\/media?parent=4725"}],"wp:term":[{"taxonomy":"category","embeddable":true,"href":"https:\/\/www.actualidadadiario.com\/index.php\/wp-json\/wp\/v2\/categories?post=4725"},{"taxonomy":"post_tag","embeddable":true,"href":"https:\/\/www.actualidadadiario.com\/index.php\/wp-json\/wp\/v2\/tags?post=4725"}],"curies":[{"name":"wp","href":"https:\/\/api.w.org\/{rel}","templated":true}]}}