{"id":47248,"date":"2019-07-01T10:29:53","date_gmt":"2019-07-01T13:29:53","guid":{"rendered":"https:\/\/www.actualidadadiario.com\/?p=47248"},"modified":"2019-07-01T10:29:53","modified_gmt":"2019-07-01T13:29:53","slug":"la-lista-que-encabezan-de-angeli-y-lena-es-la-unica-que-podra-pegar-con-la-boleta-macri-pichetto","status":"publish","type":"post","link":"https:\/\/www.actualidadadiario.com\/index.php\/2019\/07\/01\/la-lista-que-encabezan-de-angeli-y-lena-es-la-unica-que-podra-pegar-con-la-boleta-macri-pichetto\/","title":{"rendered":"La lista que encabezan De \u00c1ngeli y Lena es la \u00fanica que podr\u00e1 pegar con la boleta Macri-Pichetto"},"content":{"rendered":"\n<p><strong><em>Los apoderados de la lista \u201cJuntos por el Cambio\u201d que encabezan Mauricio Macri y Miguel \u00c1ngel Pichetto inform\u00f3 qu\u00e9 listas pueden pegar con su boleta \u00b7 En Entre R\u00edos s\u00f3lo tendr\u00e1 esa posibilidad \u201cJuntos somos el cambio\u201d, que encabezan Alfredo De \u00c1ngeli para la categor\u00eda senador y Gabriela Lena para la de diputados<\/em><\/strong><\/p>\n\n\n\n<p><\/p>\n\n\n\n<p><\/p>\n\n\n\n<p>Los apoderados de la lista &#8220;Juntos por el Cambio\u201d, que\npostula a Mauricio Macri y a Miguel \u00c1ngel Pichetto como precandidatos a\npresidente y vicepresidente de la Naci\u00f3n, dio a conocer qu\u00e9 listas de\nprecandidatos a legisladores de las distintas provincias que est\u00e1n habilitados\na pegar con su boleta en las primarias del 11 de agosto.<\/p>\n\n\n\n<p>En Entre R\u00edos la \u00fanica lista que podr\u00e1n pegar con la boleta\nde Macri-Pichetto ser\u00e1 \u201cJuntos Somos el Cambio\u201d, que en la categor\u00eda senador\nencabeza Alfredo De \u00c1ngeli y en Diputados Gabriela Lena.<\/p>\n\n\n\n<p>Tal como lo hab\u00eda adelantado esta Agencia, de este modo la\nlista \u201cFuturo Entrerriano\u201d que postula a Leandro Arribalzaga como precandidato\na diputado nacional y a Raymundo Kisser como precandidato a senador nacional ir\u00e1\ncon boleta corta.<\/p>\n\n\n\n<p>Tambi\u00e9n lo har\u00e1 \u201cDefensores del Cambio en Entre R\u00edos\u201d -que\nencabeza Emanuel Gainza- como precandidato a diputado nacional y, por otra\nparte, la que encabeza Hern\u00e1n Bl\u00e1zquez (Defensores del Cambio 502 B).<\/p>\n","protected":false},"excerpt":{"rendered":"<p>Los apoderados de la lista \u201cJuntos por el Cambio\u201d que encabezan Mauricio Macri y Miguel \u00c1ngel Pichetto inform\u00f3 qu\u00e9 listas pueden pegar con su boleta \u00b7 En Entre R\u00edos s\u00f3lo tendr\u00e1 esa posibilidad \u201cJuntos somos el cambio\u201d, que encabezan Alfredo De \u00c1ngeli para la categor\u00eda senador y Gabriela Lena para la de diputados Los apoderados de la lista &#8220;Juntos por el Cambio\u201d, que postula a Mauricio Macri y a Miguel \u00c1ngel Pichetto como precandidatos a presidente y vicepresidente de la Naci\u00f3n, dio a conocer qu\u00e9 listas de precandidatos a legisladores&#8230;<\/p>\n","protected":false},"author":3,"featured_media":47249,"comment_status":"closed","ping_status":"closed","sticky":false,"template":"","format":"standard","meta":[],"categories":[15],"tags":[],"_links":{"self":[{"href":"https:\/\/www.actualidadadiario.com\/index.php\/wp-json\/wp\/v2\/posts\/47248"}],"collection":[{"href":"https:\/\/www.actualidadadiario.com\/index.php\/wp-json\/wp\/v2\/posts"}],"about":[{"href":"https:\/\/www.actualidadadiario.com\/index.php\/wp-json\/wp\/v2\/types\/post"}],"author":[{"embeddable":true,"href":"https:\/\/www.actualidadadiario.com\/index.php\/wp-json\/wp\/v2\/users\/3"}],"replies":[{"embeddable":true,"href":"https:\/\/www.actualidadadiario.com\/index.php\/wp-json\/wp\/v2\/comments?post=47248"}],"version-history":[{"count":1,"href":"https:\/\/www.actualidadadiario.com\/index.php\/wp-json\/wp\/v2\/posts\/47248\/revisions"}],"predecessor-version":[{"id":47250,"href":"https:\/\/www.actualidadadiario.com\/index.php\/wp-json\/wp\/v2\/posts\/47248\/revisions\/47250"}],"wp:featuredmedia":[{"embeddable":true,"href":"https:\/\/www.actualidadadiario.com\/index.php\/wp-json\/wp\/v2\/media\/47249"}],"wp:attachment":[{"href":"https:\/\/www.actualidadadiario.com\/index.php\/wp-json\/wp\/v2\/media?parent=47248"}],"wp:term":[{"taxonomy":"category","embeddable":true,"href":"https:\/\/www.actualidadadiario.com\/index.php\/wp-json\/wp\/v2\/categories?post=47248"},{"taxonomy":"post_tag","embeddable":true,"href":"https:\/\/www.actualidadadiario.com\/index.php\/wp-json\/wp\/v2\/tags?post=47248"}],"curies":[{"name":"wp","href":"https:\/\/api.w.org\/{rel}","templated":true}]}}