{"id":47245,"date":"2019-07-01T10:29:07","date_gmt":"2019-07-01T13:29:07","guid":{"rendered":"https:\/\/www.actualidadadiario.com\/?p=47245"},"modified":"2019-07-01T10:29:07","modified_gmt":"2019-07-01T13:29:07","slug":"desde-forja-entre-rios-aseguraron-que-fernandez-fernandez-es-la-formula-de-la-primera-vuelta","status":"publish","type":"post","link":"https:\/\/www.actualidadadiario.com\/index.php\/2019\/07\/01\/desde-forja-entre-rios-aseguraron-que-fernandez-fernandez-es-la-formula-de-la-primera-vuelta\/","title":{"rendered":"Desde Forja Entre R\u00edos aseguraron que &#8220;Fern\u00e1ndez Fern\u00e1ndez es la f\u00f3rmula de la primera vuelta&#8221;"},"content":{"rendered":"\n<p><strong><em>El partido de la Concertaci\u00f3n Forja Entre R\u00edos, llev\u00f3 a cabo un encuentro en Paran\u00e1 del que participaron dirigentes sindicales, vecinalistas, del Manifiesto Argentino, radicales populares, peronistas, frentegrandistas, dirigentes sociales y estudiantes universitarios <\/em><\/strong><\/p>\n\n\n\n<p><\/p>\n\n\n\n<p><\/p>\n\n\n\n<p>&#8220;Venimos a ofrecer una herramienta como paraguas para\naglutinar a la gran mayor\u00eda de militantes y organizaciones del campo nacional.\nNos une un modelo pol\u00edtico y el momento pol\u00edtico nos requiere para ganar en\nprimera vuelta con la f\u00f3rmula Fern\u00e1ndez Fern\u00e1ndez&#8221;, indicaron a trav\u00e9s de\nun comunicado.<\/p>\n\n\n\n<p>En el marco del encuentro aseguraron que a trav\u00e9s de la\nsumatoria de actores que &#8220;vamos a construir una alternativa pol\u00edtica que\nexprese la voz de los desencantados, que visibilice a quien el neoliberalismo\nquiere esconder, que permita a nuestros jubilados recuperar el poder\nadquisitivo para comprar medicamentos, a los trabajadores para que tengamos\nderechos y leyes que protejan el trabajo como ordenador social, a las pymes\npara que vuelvan a ser productivas a trav\u00e9s de pol\u00edtica p\u00fablica de acceso a\ncr\u00e9ditos extra blandos, en definitiva, pretendemos volver m\u00e1s organizados para\nser parte de un nuevo modelo pol\u00edtico&#8221;.<\/p>\n\n\n\n<p>Por \u00faltimo convocaron &#8220;a todos quienes se sientan\nidentificados, sin importar de que vertiente pol\u00edtica provienen, a encontrarnos\npara definir hacia d\u00f3nde vamos. Somos los hijos del pensamiento de Jauretche,\nde Homero Manzi, de Irigoyen, de Per\u00f3n y Eva Per\u00f3n, de Alfons\u00edn, de N\u00e9stor y\nCristina y ahora de Alberto&#8221;.<\/p>\n","protected":false},"excerpt":{"rendered":"<p>El partido de la Concertaci\u00f3n Forja Entre R\u00edos, llev\u00f3 a cabo un encuentro en Paran\u00e1 del que participaron dirigentes sindicales, vecinalistas, del Manifiesto Argentino, radicales populares, peronistas, frentegrandistas, dirigentes sociales y estudiantes universitarios &#8220;Venimos a ofrecer una herramienta como paraguas para aglutinar a la gran mayor\u00eda de militantes y organizaciones del campo nacional. Nos une un modelo pol\u00edtico y el momento pol\u00edtico nos requiere para ganar en primera vuelta con la f\u00f3rmula Fern\u00e1ndez Fern\u00e1ndez&#8221;, indicaron a trav\u00e9s de un comunicado. En el marco del encuentro aseguraron que a trav\u00e9s de&#8230;<\/p>\n","protected":false},"author":3,"featured_media":47246,"comment_status":"closed","ping_status":"closed","sticky":false,"template":"","format":"standard","meta":[],"categories":[15],"tags":[],"_links":{"self":[{"href":"https:\/\/www.actualidadadiario.com\/index.php\/wp-json\/wp\/v2\/posts\/47245"}],"collection":[{"href":"https:\/\/www.actualidadadiario.com\/index.php\/wp-json\/wp\/v2\/posts"}],"about":[{"href":"https:\/\/www.actualidadadiario.com\/index.php\/wp-json\/wp\/v2\/types\/post"}],"author":[{"embeddable":true,"href":"https:\/\/www.actualidadadiario.com\/index.php\/wp-json\/wp\/v2\/users\/3"}],"replies":[{"embeddable":true,"href":"https:\/\/www.actualidadadiario.com\/index.php\/wp-json\/wp\/v2\/comments?post=47245"}],"version-history":[{"count":1,"href":"https:\/\/www.actualidadadiario.com\/index.php\/wp-json\/wp\/v2\/posts\/47245\/revisions"}],"predecessor-version":[{"id":47247,"href":"https:\/\/www.actualidadadiario.com\/index.php\/wp-json\/wp\/v2\/posts\/47245\/revisions\/47247"}],"wp:featuredmedia":[{"embeddable":true,"href":"https:\/\/www.actualidadadiario.com\/index.php\/wp-json\/wp\/v2\/media\/47246"}],"wp:attachment":[{"href":"https:\/\/www.actualidadadiario.com\/index.php\/wp-json\/wp\/v2\/media?parent=47245"}],"wp:term":[{"taxonomy":"category","embeddable":true,"href":"https:\/\/www.actualidadadiario.com\/index.php\/wp-json\/wp\/v2\/categories?post=47245"},{"taxonomy":"post_tag","embeddable":true,"href":"https:\/\/www.actualidadadiario.com\/index.php\/wp-json\/wp\/v2\/tags?post=47245"}],"curies":[{"name":"wp","href":"https:\/\/api.w.org\/{rel}","templated":true}]}}