{"id":47239,"date":"2019-07-01T10:27:33","date_gmt":"2019-07-01T13:27:33","guid":{"rendered":"https:\/\/www.actualidadadiario.com\/?p=47239"},"modified":"2019-07-01T10:27:33","modified_gmt":"2019-07-01T13:27:33","slug":"la-siembra-de-soja-en-entre-rios-es-la-mas-baja-de-los-ultimos-16-anos","status":"publish","type":"post","link":"https:\/\/www.actualidadadiario.com\/index.php\/2019\/07\/01\/la-siembra-de-soja-en-entre-rios-es-la-mas-baja-de-los-ultimos-16-anos\/","title":{"rendered":"La siembra de soja en Entre R\u00edos es la m\u00e1s baja de los \u00faltimos 16 a\u00f1os"},"content":{"rendered":"\n<p><strong><em>El \u00e1rea sembrada con soja en Entre R\u00edos en la actual campa\u00f1a result\u00f3 la m\u00e1s baja en los \u00faltimos 16 a\u00f1os debido a problemas clim\u00e1ticos, y la decisi\u00f3n de los productores de aumentar la siembra de ma\u00edz, inform\u00f3 la Bolsa de Cereales provincial<\/em><\/strong><\/p>\n\n\n\n<p><\/p>\n\n\n\n<p><\/p>\n\n\n\n<p>El informe dio cuenta que se sembraron alrededor de\n1.100.000 hect\u00e1reas con soja en la campa\u00f1a 2018\/19, un 9% (109.400) menos que\nla temporada pasada y es la m\u00e1s baja de los \u00faltimos 16 a\u00f1os.<\/p>\n\n\n\n<p>Los excesos h\u00eddricos por lluvias y el &#8220;Ni\u00f1o&#8221; desde\ndiciembre y la decisi\u00f3n de aumentar la siembra de ma\u00edz de los productores\nfueron las causas de la ca\u00edda, seg\u00fan la Bolsa de Cereales de Entre R\u00edos.<\/p>\n\n\n\n<p>A trav\u00e9s de su sistema de informaci\u00f3n (Siber), la Bolsa\nse\u00f1al\u00f3 que el rendimiento promedio de la soja en general fue de 2.772\nkilogramos por hect\u00e1rea, lo que gener\u00f3 una producci\u00f3n de 3.049.705 toneladas.<\/p>\n\n\n\n<p>La intenci\u00f3n original de soja de primera era de 758.000\nhect\u00e1reas, y de 400.000 de soja de segunda; pero se implantaron 30.000 y 28.000\nhect\u00e1reas menos que lo esperado, respectivamente.<\/p>\n\n\n\n<p>Los principales departamentos productores de soja fueron\nParan\u00e1 y Gualeguaych\u00fa (12% de la superficie y producci\u00f3n), seguidos por Nogoy\u00e1\ny Uruguay (10%).<\/p>\n\n\n\n<p>Respecto a las causas, la Bolsa de Cereales entrerriana\nindic\u00f3 que los excesos h\u00eddricos desde diciembre oblig\u00f3 a los productores a\nreducir la intenci\u00f3n original, ya que en muchos sectores las labores de siembra\nfueron inviables.<\/p>\n\n\n\n<p>Adem\u00e1s, hubo lotes que &#8220;directamente no fueron\nsembrados&#8221; o se sembraron y el cultivo &#8220;se perdi\u00f3 en los primeros\nestadios vegetativos&#8221;, agreg\u00f3.<\/p>\n\n\n\n<p>Por contra parte, la producci\u00f3n de ma\u00edz experiment\u00f3 un\ncrecimiento interanual de 44.500 hect\u00e1reas, en detrimento del \u00e1rea destinada a\nla soja.<\/p>\n","protected":false},"excerpt":{"rendered":"<p>El \u00e1rea sembrada con soja en Entre R\u00edos en la actual campa\u00f1a result\u00f3 la m\u00e1s baja en los \u00faltimos 16 a\u00f1os debido a problemas clim\u00e1ticos, y la decisi\u00f3n de los productores de aumentar la siembra de ma\u00edz, inform\u00f3 la Bolsa de Cereales provincial El informe dio cuenta que se sembraron alrededor de 1.100.000 hect\u00e1reas con soja en la campa\u00f1a 2018\/19, un 9% (109.400) menos que la temporada pasada y es la m\u00e1s baja de los \u00faltimos 16 a\u00f1os. Los excesos h\u00eddricos por lluvias y el &#8220;Ni\u00f1o&#8221; desde diciembre y la&#8230;<\/p>\n","protected":false},"author":3,"featured_media":47240,"comment_status":"closed","ping_status":"closed","sticky":false,"template":"","format":"standard","meta":[],"categories":[15],"tags":[],"_links":{"self":[{"href":"https:\/\/www.actualidadadiario.com\/index.php\/wp-json\/wp\/v2\/posts\/47239"}],"collection":[{"href":"https:\/\/www.actualidadadiario.com\/index.php\/wp-json\/wp\/v2\/posts"}],"about":[{"href":"https:\/\/www.actualidadadiario.com\/index.php\/wp-json\/wp\/v2\/types\/post"}],"author":[{"embeddable":true,"href":"https:\/\/www.actualidadadiario.com\/index.php\/wp-json\/wp\/v2\/users\/3"}],"replies":[{"embeddable":true,"href":"https:\/\/www.actualidadadiario.com\/index.php\/wp-json\/wp\/v2\/comments?post=47239"}],"version-history":[{"count":1,"href":"https:\/\/www.actualidadadiario.com\/index.php\/wp-json\/wp\/v2\/posts\/47239\/revisions"}],"predecessor-version":[{"id":47241,"href":"https:\/\/www.actualidadadiario.com\/index.php\/wp-json\/wp\/v2\/posts\/47239\/revisions\/47241"}],"wp:featuredmedia":[{"embeddable":true,"href":"https:\/\/www.actualidadadiario.com\/index.php\/wp-json\/wp\/v2\/media\/47240"}],"wp:attachment":[{"href":"https:\/\/www.actualidadadiario.com\/index.php\/wp-json\/wp\/v2\/media?parent=47239"}],"wp:term":[{"taxonomy":"category","embeddable":true,"href":"https:\/\/www.actualidadadiario.com\/index.php\/wp-json\/wp\/v2\/categories?post=47239"},{"taxonomy":"post_tag","embeddable":true,"href":"https:\/\/www.actualidadadiario.com\/index.php\/wp-json\/wp\/v2\/tags?post=47239"}],"curies":[{"name":"wp","href":"https:\/\/api.w.org\/{rel}","templated":true}]}}