{"id":47236,"date":"2019-07-01T10:26:50","date_gmt":"2019-07-01T13:26:50","guid":{"rendered":"https:\/\/www.actualidadadiario.com\/?p=47236"},"modified":"2019-07-01T10:26:50","modified_gmt":"2019-07-01T13:26:50","slug":"ultima-semana-de-clases-en-entre-rios","status":"publish","type":"post","link":"https:\/\/www.actualidadadiario.com\/index.php\/2019\/07\/01\/ultima-semana-de-clases-en-entre-rios\/","title":{"rendered":"\u00daltima semana de clases en Entre R\u00edos"},"content":{"rendered":"\n<p><strong><em>El 8 de julio comenzar\u00e1 el receso de invierno en Entre R\u00edos. Se extender\u00e1 durante dos semanas. Las vacaciones no tienen fecha uniforme en el pa\u00eds. Buenos Aires iniciar\u00e1 el per\u00edodo de descanso cuando el mismo finalice en nuestra provincia<\/em><\/strong><\/p>\n\n\n\n<p><\/p>\n\n\n\n<p><\/p>\n\n\n\n<p>En coincidencia con el d\u00eda &#8220;no laborable&#8221; del 8 de\njulio y el feriado del 9, comenzar\u00e1 en Entre R\u00edos el receso de invierno, tal lo\nestipulado por el calendario escolar. <\/p>\n\n\n\n<p>En octubre del a\u00f1o pasado, el Consejo Federal realizado en\nCatamarca convoc\u00f3 a todos los ministros de educaci\u00f3n del pa\u00eds y defini\u00f3 las\nfechas para el inicio y el cierre del ciclo lectivo 2019, en el que tambi\u00e9n\nqued\u00f3 establecido el receso invernal.<\/p>\n\n\n\n<p>As\u00ed, buena parte de las provincias comenzar\u00e1n las vacaciones\nel 8 de julio; otras, la siguiente, Buenos Aires reci\u00e9n el 22 de julio,\nmientras que Salta ya las inicia hoy.<\/p>\n","protected":false},"excerpt":{"rendered":"<p>El 8 de julio comenzar\u00e1 el receso de invierno en Entre R\u00edos. Se extender\u00e1 durante dos semanas. Las vacaciones no tienen fecha uniforme en el pa\u00eds. Buenos Aires iniciar\u00e1 el per\u00edodo de descanso cuando el mismo finalice en nuestra provincia En coincidencia con el d\u00eda &#8220;no laborable&#8221; del 8 de julio y el feriado del 9, comenzar\u00e1 en Entre R\u00edos el receso de invierno, tal lo estipulado por el calendario escolar. En octubre del a\u00f1o pasado, el Consejo Federal realizado en Catamarca convoc\u00f3 a todos los ministros de educaci\u00f3n del&#8230;<\/p>\n","protected":false},"author":3,"featured_media":47237,"comment_status":"closed","ping_status":"closed","sticky":false,"template":"","format":"standard","meta":[],"categories":[9],"tags":[],"_links":{"self":[{"href":"https:\/\/www.actualidadadiario.com\/index.php\/wp-json\/wp\/v2\/posts\/47236"}],"collection":[{"href":"https:\/\/www.actualidadadiario.com\/index.php\/wp-json\/wp\/v2\/posts"}],"about":[{"href":"https:\/\/www.actualidadadiario.com\/index.php\/wp-json\/wp\/v2\/types\/post"}],"author":[{"embeddable":true,"href":"https:\/\/www.actualidadadiario.com\/index.php\/wp-json\/wp\/v2\/users\/3"}],"replies":[{"embeddable":true,"href":"https:\/\/www.actualidadadiario.com\/index.php\/wp-json\/wp\/v2\/comments?post=47236"}],"version-history":[{"count":1,"href":"https:\/\/www.actualidadadiario.com\/index.php\/wp-json\/wp\/v2\/posts\/47236\/revisions"}],"predecessor-version":[{"id":47238,"href":"https:\/\/www.actualidadadiario.com\/index.php\/wp-json\/wp\/v2\/posts\/47236\/revisions\/47238"}],"wp:featuredmedia":[{"embeddable":true,"href":"https:\/\/www.actualidadadiario.com\/index.php\/wp-json\/wp\/v2\/media\/47237"}],"wp:attachment":[{"href":"https:\/\/www.actualidadadiario.com\/index.php\/wp-json\/wp\/v2\/media?parent=47236"}],"wp:term":[{"taxonomy":"category","embeddable":true,"href":"https:\/\/www.actualidadadiario.com\/index.php\/wp-json\/wp\/v2\/categories?post=47236"},{"taxonomy":"post_tag","embeddable":true,"href":"https:\/\/www.actualidadadiario.com\/index.php\/wp-json\/wp\/v2\/tags?post=47236"}],"curies":[{"name":"wp","href":"https:\/\/api.w.org\/{rel}","templated":true}]}}