{"id":47233,"date":"2019-07-01T10:26:08","date_gmt":"2019-07-01T13:26:08","guid":{"rendered":"https:\/\/www.actualidadadiario.com\/?p=47233"},"modified":"2019-07-01T10:26:08","modified_gmt":"2019-07-01T13:26:08","slug":"derechos-de-adultos-mayores-en-la-agenda-sanitaria-de-la-provincia","status":"publish","type":"post","link":"https:\/\/www.actualidadadiario.com\/index.php\/2019\/07\/01\/derechos-de-adultos-mayores-en-la-agenda-sanitaria-de-la-provincia\/","title":{"rendered":"Derechos de adultos mayores en la agenda sanitaria de la provincia"},"content":{"rendered":"\n<p><strong><em>El envejecimiento de la poblaci\u00f3n es una tem\u00e1tica que lleva a la necesidad de proponer mayor contenci\u00f3n por medio de la implementaci\u00f3n de pol\u00edticas de Estado. En Entre R\u00edos funcionan cinco hospitales para la atenci\u00f3n exclusiva de personas mayores, y otros 16 poseen internaci\u00f3n<\/em><\/strong><\/p>\n\n\n\n<p><\/p>\n\n\n\n<p><\/p>\n\n\n\n<p>La vejez y sus potencialidades para mejorar la calidad de las prestaciones no dejan de ser una prioridad en la agenda sanitaria p\u00fablica.<br>\n\u201cUna sociedad que no atiende los problemas de la tercera edad es una sociedad que no puede realizarse\u201d, sostuvo el gobernador Gustavo Bordet e indic\u00f3 que \u201cnosotros tenemos un profundo respeto por nuestros mayores, por todo lo que nos ense\u00f1aron y por todo lo que trabajaron para que nosotros y nuestros hijos podamos disfrutarlo\u201d, destac\u00f3 el mandatario y \u201clo que podemos hacer es trabajar y divertirnos con ustedes, pero tambi\u00e9n brindar una mejor cobertura social y en salud. Porque estas son tareas indelegables del Estado\u201d.<br>\n\u201cPor eso es que hay que atender espec\u00edficamente determinados segmentos y sectores, como en este caso los adultos mayores, para que puedan tener no solo el esparcimiento y diversi\u00f3n en jornadas deportivas, sino para una mejor cobertura en salud, en asistencia social, porque esto es lo que dignifica\u201d, enfatiz\u00f3 el gobernador.<br>\nPara finalizar, reiter\u00f3 su \u201ccompromiso y respeto hacia nuestros mayores que han hecho mucho por ense\u00f1arnos, y que nos han dejado un legado que estamos disfrutando. Tenemos la obligaci\u00f3n de dejarle lo mismo a nuestros hijos\u201d.<\/p>\n\n\n\n<p>Abordaje integral e interdisciplinario<br>\nArgentina es uno de los pa\u00edses con expectativa de vida m\u00e1s alta, ya que ocupa el tercer puesto en Latinoam\u00e9rica con m\u00e1s envejecimiento. En Entre R\u00edos deriva una situaci\u00f3n similar. Esto trae aparejado una serie de necesidades para esta franja et\u00e1rea que comprende tanto el abordaje integral e interdisciplinario como la reorganizaci\u00f3n del sistema de salud para garantizar una atenci\u00f3n de calidad a una demanda creciente de prestaci\u00f3n de servicios. Es en este punto, donde hay una revisi\u00f3n de las pr\u00e1cticas y normativas por parte del Estado que pone en valor el componente de personas mayores con la implementaci\u00f3n de pol\u00edticas p\u00fablicas.<br>\nDe todos modos, que la vejez est\u00e1 asociada a un mal pron\u00f3stico, es s\u00f3lo un mito que se ha difundido por a\u00f1os y que contrasta con estas estad\u00edsticas. Actualmente, esta poblaci\u00f3n es diversa y heterog\u00e9nea, ocupando un amplio abanico de posibilidades: desde personas reci\u00e9n jubiladas, hasta las m\u00e1s ancianas. Hay tantas vejeces como mayores habitan en este planeta y la proyecci\u00f3n de la Organizaci\u00f3n de las Naciones Unidas (ONU) para 2025 indica que en el mundo una de cada cinco personas ser\u00e1 mayor de 60 a\u00f1os.<br>\nCon una fuerte pol\u00edtica de salud para garantizar la visibilizaci\u00f3n de las personas mayores, con el pasar del tiempo, las instituciones pasaron de ser asilos que albergaban adultos indigentes a establecimientos sanitarios en donde son sujetos de derecho. Es que los paradigmas cambiaron, y la atenci\u00f3n hoy se centra en una mirada gerontol\u00f3gica y biopsicosocial, trabajando desde el envejecimiento activo y saludable y buscando que el proceso salud-enfermedad-atenci\u00f3n, sea abordado desde la prevenci\u00f3n.<br>\nEn 2007 se sancion\u00f3 la Ley N\u00b0 9823 de Creaci\u00f3n del Sistema de Tipificaci\u00f3n, Normatizaci\u00f3n y Reglamentaci\u00f3n de Prestaciones y Servicios Gerontol\u00f3gicos y Geri\u00e1tricos de la provincia de Entre R\u00edos, la cual fue reglamentada en 2010, a trav\u00e9s del Decreto N\u00b0 3090.<br>\nLa normativa distingue entre Instituciones y\/o Servicios Gerontol\u00f3gicos, teniendo como autoridad competente el Ministerio de Desarrollo Social de la provincia; y las Instituciones y\/o Servicios Geri\u00e1tricos.<br>\nActualmente, a partir del trabajo conjunto de los equipos t\u00e9cnicos de los ministerios de Salud y Desarrollo Social, as\u00ed como de los establecimientos p\u00fablicos especializados en atenci\u00f3n geri\u00e1trica de la provincia, se avanza en modificaciones a la normativa vigente. La propuesta es redefinir conceptos y t\u00e9rminos en cuanto a los perfiles profesionales que se precisan para desempe\u00f1arse en ambos tipos de instituciones.<br>\nAsimismo, se promueve la conformaci\u00f3n de un equipo interdisciplinario b\u00e1sico, revalidando lo establecido en el Art\u00edculo 4\u00b0 de la Ley. Teniendo en cuenta la realidad y los avances en estudios que muestran que ser adulto mayor, en muchos casos, significa tener una vida plena, desde la cartera sanitaria, tambi\u00e9n trabajan en la conformaci\u00f3n de un \u00c1rea de Salud y Envejecimiento Activo de las Personas Mayores.<br>\nEl prop\u00f3sito de este espacio ser\u00e1 contribuir a elevar el nivel de salud, el grado de satisfacci\u00f3n y la calidad de vida, mediante acciones de prevenci\u00f3n, promoci\u00f3n y asistencia ejecutadas por el sistema de salud p\u00fablico, teniendo como protagonistas la familia, la comunidad y el propio adulto mayor, atendi\u00e9ndolo de manera integral.<\/p>\n\n\n\n<p>Distribuci\u00f3n de establecimientos geri\u00e1tricos<br>\nLos geri\u00e1tricos est\u00e1n destinados a la atenci\u00f3n biops\u00edquica de personas mayores que padezcan enfermedades que requieran de atenci\u00f3n m\u00e9dica y de enfermer\u00eda permanente o no permanente. <br>\nEn este contexto, Entre R\u00edos cuenta con cinco Establecimientos de Salud con Internaci\u00f3n Especializada en Tercera Edad (Esciete) y, adem\u00e1s, existen hospitales que destinan camas para la atenci\u00f3n geri\u00e1trica. A su vez, los Hospitales de D\u00eda buscan la prevenci\u00f3n terciaria, la rehabilitaci\u00f3n de las personas mayores, y tienen como objetivo evitar la institucionalizaci\u00f3n, es decir, que permanezcan el mayor tiempo posible dentro de su n\u00facleo familiar.<br>\nEn funci\u00f3n de la nueva categorizaci\u00f3n de establecimientos sanitarios que la provincia instituy\u00f3 mediante el Decreto N\u00ba 2524\/18, se han constituido como establecimientos especializados en la atenci\u00f3n de la tercera edad los hospitales: Fidanza de Colonia Ensayo (Diamante); Pascual Palma de Paran\u00e1; Libertador General San Mart\u00edn de Pueblo Brugo (Paran\u00e1); el Hogar de Ancianos de Villaguay; y el Domingo S. C\u00faneo de Victoria.<br>\nAdem\u00e1s, los nosocomios que cuentan con internaci\u00f3n geri\u00e1trica son: en el departamento Col\u00f3n, el San Roque Mar\u00eda de Francou de Villa Elisa y el Chacabuco de Arroyo Bar\u00fa; en Gualeguay, el San Antonio; en Feliciano, el Francisco Ram\u00edrez de San Jos\u00e9 de Feliciano; en Paran\u00e1, el Brague Villar de Hasenkamp; en Gualeguaych\u00fa, el Manuel Belgrano de Urdinarrain, el Santa Mar\u00eda de Gilbert, el San Isidro Labrador de Larroque y el G\u00fcemes de Faustino Parera; en La Paz, el Gregoria P\u00e9rez de San Gustavo; en Nogoy\u00e1, el Santa Rosa de Lucas Gonz\u00e1lez; y en Villaguay, el Noe Yarcho de Villa Dom\u00ednguez.<br>\nEn tanto, son establecimientos de gesti\u00f3n compartida junto a las cooperadoras: San Benjam\u00edn de Col\u00f3n, Per\u00fa de General Galarza, Castilla Mira de Viale, y San Francisco de As\u00eds de Crespo.<\/p>\n\n\n\n<p>Ordenamiento paulatino de establecimientos<br>\nEn los \u00faltimos dos meses, la Direcci\u00f3n de Prestaciones de la cartera sanitaria, inici\u00f3 un proceso de ordenamiento y regularizaci\u00f3n de las instituciones geri\u00e1tricas a trav\u00e9s de la articulaci\u00f3n con los municipios, que son los responsables directos de las habilitaciones comerciales en cada localidad.<br>\nA la fecha se han mantenido encuentros con referentes de Villaguay; Villa Elisa; Villa Libertador General San Mart\u00edn; Victoria; Gualeguay; Nogoy\u00e1; Chajar\u00ed; Gualeguaych\u00fa; Paran\u00e1 y Concepci\u00f3n del Uruguay. Cumplida esta instancia se efect\u00faan inspecciones (por equipos integrados con un m\u00e9dico, un arquitecto y un administrativo) en cada localidad, con la determinaci\u00f3n de que posteriormente se genere el tr\u00e1mite de habilitaci\u00f3n ante el Ministerio de Salud de Entre R\u00edos, en los casos correspondientes.<\/p>\n\n\n\n<p>Puesta en valor de establecimientos provinciales<br>\nPaulatinamente se est\u00e1n desarrollando obras de infraestructura en distintas instituciones sanitarias p\u00fablicas que trabajan el componente de personas mayores.<br>\nRecientemente en el hospital geri\u00e1trico Dr. Domingo C\u00faneo de Victoria, se habilit\u00f3 la nueva sala y terraza de usos m\u00faltiples que requiri\u00f3 una inversi\u00f3n, con fondos de arancelamiento, de unos 2.700.000 pesos.<br>\nEn tanto que en marzo de 2019 el Pascual Palma de Paran\u00e1 se inauguraron las mejoras que se realizaron con partidas extraordinarias del hospital y de arancelamiento hospitalario en sectores de Cuidados Paliativos, Sala de Internaci\u00f3n de pacientes cr\u00f3nicos, Office de Enfermer\u00eda, y Sal\u00f3n de Usos M\u00faltiples (SUM), por 125.000 pesos. Asimismo, con una contribuci\u00f3n monetaria del Banco Galicia por un total de 841.345 pesos, se adquirieron: 20 camas ortop\u00e9dicas, 10 colchones anti escaras, tres bombas de infusi\u00f3n de medicamentos, seis bombas de infusi\u00f3n de alimentos y tres monitores multiparam\u00e9tricos.<br>\nPor su parte en el Hogar de Ancianos de Villaguay se cambi\u00f3 el cielorraso del comedor y la sala de estar, espacios donde adem\u00e1s se instalaron ventiladores de techo y luces led. Tambi\u00e9n se efectu\u00f3 la refacci\u00f3n integral del garaje que permiti\u00f3 convertirlo en un \u00e1rea con doble funci\u00f3n: resguardo de los veh\u00edculos as\u00ed como sal\u00f3n de usos m\u00faltiples. Finalmente est\u00e1 en obra la construcci\u00f3n de dos cambiadores para el personal de enfermer\u00eda. Todas estas mejoras representan una inversi\u00f3n de 320.000 pesos con fondos de arancelamiento.<br>\nAdem\u00e1s, mediante Cooperadora, y con una inversi\u00f3n de 1.200.000 pesos, se construyeron dos departamentos para matrimonios de abuelos que permitieron sumar cuatro camas.<br>\nMientras que en el Libertador General San Mart\u00edn de Pueblo Brugo con fondos provinciales se efectu\u00f3 la refacci\u00f3n de dos habitaciones as\u00ed como dos ba\u00f1os ubicados en las mismas. Tambi\u00e9n se construyeron dos nuevos sanitarios en la sala de espera donde adem\u00e1s se efectuaron tareas menores como pintura y cambio de puerta y se modific\u00f3 el comedor. En total en estas obras, entre lo aportado por fondos de programas, donaciones de familiares y los correspondientes al Ministerio de Planeamiento, Infraestructura y Servicios, se invirtieron aproximadamente 830.000 pesos.<br>\nAsimismo, desde 2013, se est\u00e1n efectuando distintas obras en el Fidanza de Colonia Ensayo (Diamante). El proyecto incluye: la recuperaci\u00f3n de dos pabellones los cuales ofrecer\u00e1n 18 nuevas camas cada uno; la construcci\u00f3n de un sal\u00f3n de usos m\u00faltiples entre los pabellones y se destina a todo lo vinculado laborterapia; la refacci\u00f3n de los sectores de consultorios externos, sala de m\u00e9dicos, estad\u00edsticas y kinesiolog\u00eda y la relocalizaci\u00f3n en esta \u00e1rea de la farmacia; y la remodelaci\u00f3n por completo del pabell\u00f3n pr\u00f3ximo al sector de internaci\u00f3n con destino al m\u00e9dico de guardia y la jefatura de enfermer\u00eda. Todas las obras insumieron un monto de 19.470.000 pesos que oportunamente fueron licitadas a trav\u00e9s del Ministerio de Planeamiento, Infraestructura y Servicios.<\/p>\n\n\n\n<p>Creaci\u00f3n del Programa Provincial Envejecimiento Activo y Saludable (Propeas)<br>\nA trav\u00e9s de un trabajo interinstitucional con distintos actores, el Ministerio de Salud viene desarrollando la conformaci\u00f3n del Programa Provincial Envejecimiento Activo y Saludable (Propeas) que deviene de una definici\u00f3n de la Organizaci\u00f3n Mundial de la Salud (OMS) que lo define como: el proceso de optimizar las oportunidades en materia de salud, participaci\u00f3n y seguridad a fin de poder lograr una vida de calidad a medida que las personas envejecen.<br>\nAl respecto la ministra de Salud, Sonia Vel\u00e1zquez, se\u00f1al\u00f3: \u201cDesde la cartera sanitaria tomamos la decisi\u00f3n pol\u00edtica, encomendada por el gobernador Gustavo Bordet, de constituir un \u00e1rea espec\u00edfica (para personas mayores) con peso de normativa ministerial\u201d y en ese sentido remarc\u00f3: \u201cEl prop\u00f3sito ser\u00e1 contribuir a elevar: el nivel de salud, el grado de satisfacci\u00f3n y la calidad de vida, mediante acciones de prevenci\u00f3n, promoci\u00f3n y asistencia interactuando con todos los sectores que tiene el Estado provincial\u201d.<br>\nResulta en consecuencia, prioritaria la conformaci\u00f3n de un \u00e1rea de estas caracter\u00edsticas por dos aspectos: por un lado la verticalizaci\u00f3n de la pir\u00e1mide poblacional producto del envejecimiento, la disminuci\u00f3n de la natalidad y el aumento de la expectativa de vida; y por otro la modificaci\u00f3n de la estructura familiar, m\u00e1s frecuentemente monoparental, lo que implica que cada vez existan menos parientes laterales para sostener al adulto mayor. Motivo por el cual surge como indispensable la conformaci\u00f3n de una red social de apoyo que debe extenderse m\u00e1s all\u00e1 del seno familiar.<br>\nLa creaci\u00f3n dentro de la estructura sanitaria provincial de un sector que atienda a las personas mayores, implica esencialmente trabajar y fortalecer algunos aspectos vitales como:<br>\nMantener, incorporar y promover la participaci\u00f3n de los adultos mayores en las organizaciones comunitarias como forma alternativa de promoci\u00f3n de salud;<br>\nDesarrollar t\u00e9cnicas educativas destinadas a fomentar estilos de vida saludable;<br>\nEfectuar actividades educativas sobre la importancia de la responsabilidad de la persona en el diagn\u00f3stico precoz de enfermedades prevalentes del envejecimiento;<br>\nIncorporar, mantener y fomentar la pr\u00e1ctica del ejercicio f\u00edsico sistem\u00e1tico as\u00ed como en actividades culturales orientadas de acuerdo a las capacidades de cada uno de ellos;<br>\nCrear los centros de adultos mayores como una organizaci\u00f3n comunitaria que brindar\u00e1 apoyo no formal a sus futuros integrantes;<br>\nOrientar adecuadamente al adulto mayor y a la familia sobre situaciones personales y sociales generadoras de discriminaci\u00f3n, abuso o maltrato;<br>\nIdentificar, controlar y modificar los factores da\u00f1inos para la salud que por su condici\u00f3n constituyen un elevado riesgo de mortalidad o discapacidad como h\u00e1bitos t\u00f3xicos, adultos solos y sin amparo filial, malnutrici\u00f3n, discapacitados f\u00edsicos, depresi\u00f3n, suicidio, accidentes y otros;<br>\nGarantizar la atenci\u00f3n peri\u00f3dica y sistem\u00e1tica en el consultorio, el hogar, en los centros de d\u00eda de adultos mayores, en centros de jubilados y otras organizaciones que nuclean a este grupo etario;<br>\nRegistrar y analizar las situaciones de adultos mayores que viven solos, sin amparo filial, impedidos f\u00edsicos y\/o mentales, sordos y ciegos;<br>\nAnalizar la mortalidad de adultos mayores por localidad, por territorio y regi\u00f3n;<br>\nBrindar, donde sea factible, consultas de geriatr\u00eda en el sistema p\u00fablico de salud;<br>\nIngresar en el hogar de aquellos adultos mayores en el que las condiciones de su atenci\u00f3n, evoluci\u00f3n, familia, vivienda y comunidad as\u00ed lo permitan mediante b\u00fasqueda activa y visitas domiciliarias;<br>\nConformar los equipos de atenci\u00f3n gerontol\u00f3gica para la atenci\u00f3n especializada de los adultos mayores en la comunidad que garanticen a quienes lo requieran una evaluaci\u00f3n geri\u00e1trica exhaustiva a nivel del \u00e1rea de salud;<br>\nCrear centros de d\u00eda en las \u00e1reas de salud que permitan con los servicios de fisioterapia realizar rehabilitaci\u00f3n f\u00edsica y psicosocial de los adultos en la comunidad;<br>\nIncorporar a los adultos mayores con un enfoque de rehabilitaci\u00f3n integral, a los ejercicios f\u00edsicos, ludoterapia y actividades recreativas y culturales como talleres de la memoria, entre otras. <br>\nCabe citar que, algunas de las estrategias previamente desarrolladas, ya se ejecutan a trav\u00e9s de las acciones que llevan adelante tanto centros de atenci\u00f3n primaria como hospitales y programas con desarrollo territorial.<\/p>\n","protected":false},"excerpt":{"rendered":"<p>El envejecimiento de la poblaci\u00f3n es una tem\u00e1tica que lleva a la necesidad de proponer mayor contenci\u00f3n por medio de la implementaci\u00f3n de pol\u00edticas de Estado. En Entre R\u00edos funcionan cinco hospitales para la atenci\u00f3n exclusiva de personas mayores, y otros 16 poseen internaci\u00f3n La vejez y sus potencialidades para mejorar la calidad de las prestaciones no dejan de ser una prioridad en la agenda sanitaria p\u00fablica. \u201cUna sociedad que no atiende los problemas de la tercera edad es una sociedad que no puede realizarse\u201d, sostuvo el gobernador Gustavo Bordet&#8230;<\/p>\n","protected":false},"author":3,"featured_media":47234,"comment_status":"closed","ping_status":"closed","sticky":false,"template":"","format":"standard","meta":[],"categories":[9],"tags":[],"_links":{"self":[{"href":"https:\/\/www.actualidadadiario.com\/index.php\/wp-json\/wp\/v2\/posts\/47233"}],"collection":[{"href":"https:\/\/www.actualidadadiario.com\/index.php\/wp-json\/wp\/v2\/posts"}],"about":[{"href":"https:\/\/www.actualidadadiario.com\/index.php\/wp-json\/wp\/v2\/types\/post"}],"author":[{"embeddable":true,"href":"https:\/\/www.actualidadadiario.com\/index.php\/wp-json\/wp\/v2\/users\/3"}],"replies":[{"embeddable":true,"href":"https:\/\/www.actualidadadiario.com\/index.php\/wp-json\/wp\/v2\/comments?post=47233"}],"version-history":[{"count":1,"href":"https:\/\/www.actualidadadiario.com\/index.php\/wp-json\/wp\/v2\/posts\/47233\/revisions"}],"predecessor-version":[{"id":47235,"href":"https:\/\/www.actualidadadiario.com\/index.php\/wp-json\/wp\/v2\/posts\/47233\/revisions\/47235"}],"wp:featuredmedia":[{"embeddable":true,"href":"https:\/\/www.actualidadadiario.com\/index.php\/wp-json\/wp\/v2\/media\/47234"}],"wp:attachment":[{"href":"https:\/\/www.actualidadadiario.com\/index.php\/wp-json\/wp\/v2\/media?parent=47233"}],"wp:term":[{"taxonomy":"category","embeddable":true,"href":"https:\/\/www.actualidadadiario.com\/index.php\/wp-json\/wp\/v2\/categories?post=47233"},{"taxonomy":"post_tag","embeddable":true,"href":"https:\/\/www.actualidadadiario.com\/index.php\/wp-json\/wp\/v2\/tags?post=47233"}],"curies":[{"name":"wp","href":"https:\/\/api.w.org\/{rel}","templated":true}]}}